{"id":30385,"date":"2017-01-06T14:00:06","date_gmt":"2017-01-06T14:00:06","guid":{"rendered":"http:\/\/folhadosudeste.com\/site\/?p=30385"},"modified":"2017-01-06T14:00:06","modified_gmt":"2017-01-06T14:00:06","slug":"prefeito-jose-maria-vice-davi-maciel-e-vereadores-tomam-posse-em-rosario-da-limeira","status":"publish","type":"post","link":"http:\/\/folhadosudeste.com\/site\/?p=30385","title":{"rendered":"Prefeito Jos\u00e9 Maria, vice Davi Maciel e vereadores tomam posse em Ros\u00e1rio da Limeira"},"content":{"rendered":"<p style=\"text-align: justify;\"><a href=\"http:\/\/folhadosudeste.com\/site\/wp-content\/uploads\/2017\/01\/LIMEIRA.jpg\"><img loading=\"lazy\" decoding=\"async\" class=\"aligncenter size-full wp-image-30386\" src=\"http:\/\/folhadosudeste.com\/site\/wp-content\/uploads\/2017\/01\/LIMEIRA.jpg\" alt=\"limeira\" width=\"620\" height=\"273\" srcset=\"http:\/\/folhadosudeste.com\/site\/wp-content\/uploads\/2017\/01\/LIMEIRA.jpg 620w, http:\/\/folhadosudeste.com\/site\/wp-content\/uploads\/2017\/01\/LIMEIRA-300x132.jpg 300w\" sizes=\"auto, (max-width: 620px) 100vw, 620px\" \/><\/a><\/p>\n<p style=\"text-align: justify;\">No \u00faltimo domingo (1\u00ba), aconteceu, na Quadra Poliesportiva Lindberg Dias Maciel, a posse dos pol\u00edticos de Ros\u00e1rio da Limeira eleitos no pleito eleitoral de 2016: o prefeito Jos\u00e9 Maria Pinto da Silva (Z\u00e9 Maria), o vice Davi Maciel e os nove vereadores eleitos.<\/p>\n<p style=\"text-align: justify;\"><strong>Wanderlei Ferreira Dias \u00e9 eleito presidente da C\u00e2mara de Ros\u00e1rio da Limeira<\/strong><\/p>\n<p style=\"text-align: justify;\">O vereador Wanderlei Ferreira Dias (Wanderlei do Nena) foi eleito o Presidente da C\u00e2mara de Ros\u00e1rio da Limeira. Foi eleito tamb\u00e9m o vice presidente, o vereador Maureli Freitas da Silva e o secret\u00e1rio Riedi\u00e7on Louren\u00e7o da Silva. Ele agradeceu, primeiramente os votos da popula\u00e7\u00e3o, que confiou em sua proposta de trabalho e lhe deu a oportunidade de represent\u00e1-los nos pr\u00f3ximos quatro anos.<\/p>\n<p style=\"text-align: justify;\">Saiba mais na edi\u00e7\u00e3o 742 do Folha do Sudeste<\/p>\n<p style=\"text-align: justify;\"><img decoding=\"async\" class=\"ngg_displayed_gallery mceItem\" src=\"http:\/\/folhadosudeste.com\/site\/index.php\/nextgen-attach_to_post\/preview\/id--30435\" alt=\"\" \/><\/p>\n","protected":false},"excerpt":{"rendered":"<p>No \u00faltimo domingo (1\u00ba), aconteceu, na Quadra Poliesportiva Lindberg Dias Maciel, a posse dos pol\u00edticos de Ros\u00e1rio da Limeira eleitos no pleito eleitoral de 2016: o prefeito Jos\u00e9 Maria Pinto da Silva (Z\u00e9 Maria), o vice Davi Maciel e os nove vereadores eleitos. Wanderlei Ferreira Dias \u00e9 eleito presidente da C\u00e2mara de Ros\u00e1rio da Limeira [&hellip;]<\/p>\n","protected":false},"author":2,"featured_media":30386,"comment_status":"open","ping_status":"closed","sticky":false,"template":"","format":"standard","meta":{"_joinchat":[],"footnotes":""},"categories":[1],"tags":[],"class_list":["post-30385","post","type-post","status-publish","format-standard","has-post-thumbnail","hentry","category-sem-categoria"],"_links":{"self":[{"href":"http:\/\/folhadosudeste.com\/site\/index.php?rest_route=\/wp\/v2\/posts\/30385","targetHints":{"allow":["GET"]}}],"collection":[{"href":"http:\/\/folhadosudeste.com\/site\/index.php?rest_route=\/wp\/v2\/posts"}],"about":[{"href":"http:\/\/folhadosudeste.com\/site\/index.php?rest_route=\/wp\/v2\/types\/post"}],"author":[{"embeddable":true,"href":"http:\/\/folhadosudeste.com\/site\/index.php?rest_route=\/wp\/v2\/users\/2"}],"replies":[{"embeddable":true,"href":"http:\/\/folhadosudeste.com\/site\/index.php?rest_route=%2Fwp%2Fv2%2Fcomments&post=30385"}],"version-history":[{"count":1,"href":"http:\/\/folhadosudeste.com\/site\/index.php?rest_route=\/wp\/v2\/posts\/30385\/revisions"}],"predecessor-version":[{"id":30436,"href":"http:\/\/folhadosudeste.com\/site\/index.php?rest_route=\/wp\/v2\/posts\/30385\/revisions\/30436"}],"wp:featuredmedia":[{"embeddable":true,"href":"http:\/\/folhadosudeste.com\/site\/index.php?rest_route=\/wp\/v2\/media\/30386"}],"wp:attachment":[{"href":"http:\/\/folhadosudeste.com\/site\/index.php?rest_route=%2Fwp%2Fv2%2Fmedia&parent=30385"}],"wp:term":[{"taxonomy":"category","embeddable":true,"href":"http:\/\/folhadosudeste.com\/site\/index.php?rest_route=%2Fwp%2Fv2%2Fcategories&post=30385"},{"taxonomy":"post_tag","embeddable":true,"href":"http:\/\/folhadosudeste.com\/site\/index.php?rest_route=%2Fwp%2Fv2%2Ftags&post=30385"}],"curies":[{"name":"wp","href":"https:\/\/api.w.org\/{rel}","templated":true}]}}