{"id":30477,"date":"2017-01-06T14:05:38","date_gmt":"2017-01-06T14:05:38","guid":{"rendered":"http:\/\/folhadosudeste.com\/site\/?p=30477"},"modified":"2017-01-06T14:07:35","modified_gmt":"2017-01-06T14:07:35","slug":"dr-paulo-aziz-e-getulio-de-paula-a-vitoria-do-inicio-ao-fim","status":"publish","type":"post","link":"http:\/\/folhadosudeste.com\/site\/?p=30477","title":{"rendered":"Dr. Paulo Aziz e Get\u00falio de Paula: a vit\u00f3ria do in\u00edcio ao fim"},"content":{"rendered":"<p style=\"text-align: justify;\"><a href=\"http:\/\/folhadosudeste.com\/site\/wp-content\/uploads\/2017\/01\/PATROC\u00cdNIO.jpg\"><img loading=\"lazy\" decoding=\"async\" class=\"aligncenter size-full wp-image-30478\" src=\"http:\/\/folhadosudeste.com\/site\/wp-content\/uploads\/2017\/01\/PATROC\u00cdNIO.jpg\" alt=\"patrocinio\" width=\"620\" height=\"263\" srcset=\"http:\/\/folhadosudeste.com\/site\/wp-content\/uploads\/2017\/01\/PATROC\u00cdNIO.jpg 620w, http:\/\/folhadosudeste.com\/site\/wp-content\/uploads\/2017\/01\/PATROC\u00cdNIO-300x127.jpg 300w\" sizes=\"auto, (max-width: 620px) 100vw, 620px\" \/><\/a><\/p>\n<p style=\"text-align: justify;\"><em><strong>Solenidade oficial de posse do prefeito Dr. Paulo Aziz, vice Get\u00falio de Paula e vereadores de Patroc\u00ednio do Muria\u00e9<\/strong><\/em><\/p>\n<p style=\"text-align: justify;\">Tomaram posse, oficialmente, na C\u00e2mara de Patroc\u00ednio do Muria\u00e9, os pol\u00edticos eleitos no pleito eleitoral de 2016. Na solenidade, foram empossados o prefeito eleito Dr. Paulo Aziz, o vice Get\u00falio de Paula e os demais vereadores. Os pastores Paulo Roberto e Paulo Pompei estiveram presentes dando uma ben\u00e7\u00e3o para eles, que assumir\u00e3o um cargo t\u00e3o importante.<\/p>\n<p style=\"text-align: justify;\">Saiba mais na edi\u00e7\u00e3o 742 do Folha do Sudeste<\/p>\n<p style=\"text-align: justify;\"><img decoding=\"async\" class=\"ngg_displayed_gallery mceItem\" src=\"http:\/\/folhadosudeste.com\/site\/index.php\/nextgen-attach_to_post\/preview\/id--30547\" alt=\"\" \/><\/p>\n","protected":false},"excerpt":{"rendered":"<p>Solenidade oficial de posse do prefeito Dr. Paulo Aziz, vice Get\u00falio de Paula e vereadores de Patroc\u00ednio do Muria\u00e9 Tomaram posse, oficialmente, na C\u00e2mara de Patroc\u00ednio do Muria\u00e9, os pol\u00edticos eleitos no pleito eleitoral de 2016. Na solenidade, foram empossados o prefeito eleito Dr. Paulo Aziz, o vice Get\u00falio de Paula e os demais vereadores. [&hellip;]<\/p>\n","protected":false},"author":2,"featured_media":30478,"comment_status":"open","ping_status":"closed","sticky":false,"template":"","format":"standard","meta":{"_joinchat":[],"footnotes":""},"categories":[1],"tags":[],"class_list":["post-30477","post","type-post","status-publish","format-standard","has-post-thumbnail","hentry","category-sem-categoria"],"_links":{"self":[{"href":"http:\/\/folhadosudeste.com\/site\/index.php?rest_route=\/wp\/v2\/posts\/30477","targetHints":{"allow":["GET"]}}],"collection":[{"href":"http:\/\/folhadosudeste.com\/site\/index.php?rest_route=\/wp\/v2\/posts"}],"about":[{"href":"http:\/\/folhadosudeste.com\/site\/index.php?rest_route=\/wp\/v2\/types\/post"}],"author":[{"embeddable":true,"href":"http:\/\/folhadosudeste.com\/site\/index.php?rest_route=\/wp\/v2\/users\/2"}],"replies":[{"embeddable":true,"href":"http:\/\/folhadosudeste.com\/site\/index.php?rest_route=%2Fwp%2Fv2%2Fcomments&post=30477"}],"version-history":[{"count":1,"href":"http:\/\/folhadosudeste.com\/site\/index.php?rest_route=\/wp\/v2\/posts\/30477\/revisions"}],"predecessor-version":[{"id":30548,"href":"http:\/\/folhadosudeste.com\/site\/index.php?rest_route=\/wp\/v2\/posts\/30477\/revisions\/30548"}],"wp:featuredmedia":[{"embeddable":true,"href":"http:\/\/folhadosudeste.com\/site\/index.php?rest_route=\/wp\/v2\/media\/30478"}],"wp:attachment":[{"href":"http:\/\/folhadosudeste.com\/site\/index.php?rest_route=%2Fwp%2Fv2%2Fmedia&parent=30477"}],"wp:term":[{"taxonomy":"category","embeddable":true,"href":"http:\/\/folhadosudeste.com\/site\/index.php?rest_route=%2Fwp%2Fv2%2Fcategories&post=30477"},{"taxonomy":"post_tag","embeddable":true,"href":"http:\/\/folhadosudeste.com\/site\/index.php?rest_route=%2Fwp%2Fv2%2Ftags&post=30477"}],"curies":[{"name":"wp","href":"https:\/\/api.w.org\/{rel}","templated":true}]}}