{"id":30559,"date":"2017-02-03T11:40:27","date_gmt":"2017-02-03T11:40:27","guid":{"rendered":"http:\/\/folhadosudeste.com\/site\/?p=30559"},"modified":"2017-02-03T11:40:27","modified_gmt":"2017-02-03T11:40:27","slug":"o-presidente-da-camara-carlos-delfim-comemora-aniversario-e-e-prestigiado-por-amigos-em-bom-jesus","status":"publish","type":"post","link":"http:\/\/folhadosudeste.com\/site\/?p=30559","title":{"rendered":"O presidente da C\u00e2mara Carlos Delfim comemora anivers\u00e1rio e \u00e9 prestigiado por amigos em Bom Jesus"},"content":{"rendered":"<p><a href=\"http:\/\/folhadosudeste.com\/site\/wp-content\/uploads\/2017\/02\/MAIOR.jpg\"><img loading=\"lazy\" decoding=\"async\" class=\"aligncenter wp-image-30560 size-full\" src=\"http:\/\/folhadosudeste.com\/site\/wp-content\/uploads\/2017\/02\/MAIOR.jpg\" alt=\"MAIOR\" width=\"800\" height=\"530\" srcset=\"http:\/\/folhadosudeste.com\/site\/wp-content\/uploads\/2017\/02\/MAIOR.jpg 800w, http:\/\/folhadosudeste.com\/site\/wp-content\/uploads\/2017\/02\/MAIOR-300x198.jpg 300w\" sizes=\"auto, (max-width: 800px) 100vw, 800px\" \/><\/a><\/p>\n<p>O vereador e presidente da C\u00e2mara de Muria\u00e9, Carlos Delfim, comemorou idade nova dia 13 se janeiro, mas os festejos foram realizados no s\u00e1bado dia , ocasi\u00e3o em que ele reuniu seus familiares e amigos de Bom Jesus da Cachoeira, de Muria\u00e9 e regi\u00e3o para confraternizarem com ele na Quadra Poliesportiva do distrito. Tamb\u00e9m estiveram presentes os colegas da Prefeitura de Muria\u00e9 e C\u00e2mara de Vereadores, al\u00e9m de Sebasti\u00e3o (T\u00e3o), Waldinei Chicarelli (ex-prefeito de Vieiras), Dr. Marcos Guarino (vice-prefeito de Muria\u00e9), deputado Isauro Calais, os vereadores Ademar Camerino, Evandro Cheiroso, Celsinho e Reginaldo Roriz (tamb\u00e9m representando o deputado Wilson Batista), entre outras autoridades (o deputado Reginaldo Lopes n\u00e3o p\u00f4de comparecer, mas transmitiu seu abra\u00e7o ao amigo). A mega festa contou com muita cerveja, churrasco e m\u00fasica ao vivo, desfrutados pelos convidados, que prestigiaram e parabenizaram o anfitri\u00e3o pela comemora\u00e7\u00e3o de mais um ano de vida em grande estilo. Essa comemora\u00e7\u00e3o j\u00e1 faz parte do calend\u00e1rio de festas do distrito. Tamb\u00e9m foi uma oportunidade de comemorar as v\u00e1rias conquistas que o vereador Carlos Delfim conseguiu durante os \u00faltimos quatros anos e anunciar tamb\u00e9m novas conquistas que vir\u00e3o no decorrer dos pr\u00f3ximos anos atrav\u00e9s da parceria e prest\u00edgio dele junto aos Governos Municipal, Estadual e Federal.<\/p>\n<p>Todos renderam elogios a Carlos Delfim, destacando sua integridade, parceria, compromisso com o povo, humildade, prest\u00edgio, compet\u00eancia, preocupado e empenhado em resolver os problemas, pol\u00edtico de muita garra e luta, homem de bem e com uma hist\u00f3ria vitoriosa em sua trajet\u00f3ria recente na pol\u00edtica, onde, em pouco tempo, conseguiu in\u00fameras benfeitorias para toda a popula\u00e7\u00e3o de Bom Jesus e Muria\u00e9. Carlos Delfim agradeceu a todos pela presen\u00e7a e por darem seu apoio em um dia t\u00e3o especial em sua vida. Tamb\u00e9m deixou seus agradecimentos pela confian\u00e7a que depositam em seu nome frente a um cargo de relev\u00e2ncia t\u00e3o grande. <em>\u201cQuero agradecer a todas as autoridades presentes, a meu amigo T\u00e3o, a minha amada esposa Josi,\u00a0que est\u00e1 sempre ao meu lado ,o meu filho Guilherme, toda minha fam\u00edlia e todos que estiveram nessa festa de anivers\u00e1rio, que n\u00e3o e s\u00f3 minha, \u00e9 de todos. Meu maior prazer \u00e9 comemorar junto com meu povo. Isso \u00e9 um sonho que est\u00e1 sendo realizado e espero que nosso distrito seja sempre lembrado. Vou fazer dele o melhor distrito de Minas Gerais\u201d,<\/em> disse, emocionado.<\/p>\n<p><img decoding=\"async\" class=\"ngg_displayed_gallery mceItem\" src=\"http:\/\/folhadosudeste.com\/site\/index.php\/nextgen-attach_to_post\/preview\/id--30599\" alt=\"\" \/><\/p>\n","protected":false},"excerpt":{"rendered":"<p>O vereador e presidente da C\u00e2mara de Muria\u00e9, Carlos Delfim, comemorou idade nova dia 13 se janeiro, mas os festejos foram realizados no s\u00e1bado dia , ocasi\u00e3o em que ele reuniu seus familiares e amigos de Bom Jesus da Cachoeira, de Muria\u00e9 e regi\u00e3o para confraternizarem com ele na Quadra Poliesportiva do distrito. Tamb\u00e9m estiveram [&hellip;]<\/p>\n","protected":false},"author":6,"featured_media":30560,"comment_status":"open","ping_status":"closed","sticky":false,"template":"","format":"standard","meta":{"_joinchat":[],"footnotes":""},"categories":[1],"tags":[],"class_list":["post-30559","post","type-post","status-publish","format-standard","has-post-thumbnail","hentry","category-sem-categoria"],"_links":{"self":[{"href":"http:\/\/folhadosudeste.com\/site\/index.php?rest_route=\/wp\/v2\/posts\/30559","targetHints":{"allow":["GET"]}}],"collection":[{"href":"http:\/\/folhadosudeste.com\/site\/index.php?rest_route=\/wp\/v2\/posts"}],"about":[{"href":"http:\/\/folhadosudeste.com\/site\/index.php?rest_route=\/wp\/v2\/types\/post"}],"author":[{"embeddable":true,"href":"http:\/\/folhadosudeste.com\/site\/index.php?rest_route=\/wp\/v2\/users\/6"}],"replies":[{"embeddable":true,"href":"http:\/\/folhadosudeste.com\/site\/index.php?rest_route=%2Fwp%2Fv2%2Fcomments&post=30559"}],"version-history":[{"count":1,"href":"http:\/\/folhadosudeste.com\/site\/index.php?rest_route=\/wp\/v2\/posts\/30559\/revisions"}],"predecessor-version":[{"id":30600,"href":"http:\/\/folhadosudeste.com\/site\/index.php?rest_route=\/wp\/v2\/posts\/30559\/revisions\/30600"}],"wp:featuredmedia":[{"embeddable":true,"href":"http:\/\/folhadosudeste.com\/site\/index.php?rest_route=\/wp\/v2\/media\/30560"}],"wp:attachment":[{"href":"http:\/\/folhadosudeste.com\/site\/index.php?rest_route=%2Fwp%2Fv2%2Fmedia&parent=30559"}],"wp:term":[{"taxonomy":"category","embeddable":true,"href":"http:\/\/folhadosudeste.com\/site\/index.php?rest_route=%2Fwp%2Fv2%2Fcategories&post=30559"},{"taxonomy":"post_tag","embeddable":true,"href":"http:\/\/folhadosudeste.com\/site\/index.php?rest_route=%2Fwp%2Fv2%2Ftags&post=30559"}],"curies":[{"name":"wp","href":"https:\/\/api.w.org\/{rel}","templated":true}]}}