{"id":31037,"date":"2017-02-07T16:51:54","date_gmt":"2017-02-07T16:51:54","guid":{"rendered":"http:\/\/folhadosudeste.com\/site\/?p=31037"},"modified":"2017-02-07T16:51:54","modified_gmt":"2017-02-07T16:51:54","slug":"equipes-do-demsur-param-cronograma-de-limpeza-para-retirar-lama-da-cidade","status":"publish","type":"post","link":"http:\/\/folhadosudeste.com\/site\/?p=31037","title":{"rendered":"Equipes do DEMSUR  param cronograma de limpeza para retirar lama da cidade"},"content":{"rendered":"<p><a href=\"http:\/\/folhadosudeste.com\/site\/wp-content\/uploads\/2017\/02\/MAIOR5.jpg\"><img loading=\"lazy\" decoding=\"async\" class=\"aligncenter wp-image-31038 size-full\" src=\"http:\/\/folhadosudeste.com\/site\/wp-content\/uploads\/2017\/02\/MAIOR5.jpg\" alt=\"MAIOR\" width=\"800\" height=\"600\" srcset=\"http:\/\/folhadosudeste.com\/site\/wp-content\/uploads\/2017\/02\/MAIOR5.jpg 800w, http:\/\/folhadosudeste.com\/site\/wp-content\/uploads\/2017\/02\/MAIOR5-300x225.jpg 300w\" sizes=\"auto, (max-width: 800px) 100vw, 800px\" \/><\/a><\/p>\n<p>Ap\u00f3s a forte chuva que caiu na noite de domingo (5) e madrugada de segunda (6) as equipes de limpeza da DEMSUR precisaram parar o cronograma de varri\u00e7\u00e3o e capina previamente agendado para retirar a lama de loteamentos, encostas e desaterros particulares que escorreu para as vias da cidade. Os trechos mais atingidos foram o t\u00fanel do Dornelas, subida do bairro Uni\u00e3o e a rua principal do bairro Jo\u00e3o VI, Manoel Francisco de Assis.\u00a0 A grande quantidade de lama fez com que as equipes precisassem utilizar m\u00e1quinas especiais para fazer a remo\u00e7\u00e3o a fim de liberar as vias o mais r\u00e1pido poss\u00edvel.<\/p>\n<p>Hoje as equipes j\u00e1 voltaram a atender o cronograma e reiniciaram o servi\u00e7o de capina. Eles est\u00e3o trabalhando na parte baixa do bairro Dornelas e no Napole\u00e3o. Hoje \u00e0 noite a partir da meia noite acontece o mutir\u00e3o de capina na Barra, nas ruas, Lincoln Marinho, Tiradentes e Pra\u00e7a do Trabalhador.<\/p>\n<p>Vale destacar que as equipes seguem um cronograma que \u00e9 desenvolvido semanalmente e este passa por altera\u00e7\u00f5es devido \u00e0s condi\u00e7\u00f5es clim\u00e1ticas dentre outras.<\/p>\n<p>Cronograma de capina e varri\u00e7\u00e3o de 6 a 12 de fevereiro.<\/p>\n<p><em>Capina de segunda a quinta-feira<\/em> (Dornelas, Napole\u00e3o, Cardoso de Melo I e II) e <em>varri\u00e7\u00e3o sexta-feira e s\u00e1bado<\/em> (Cardoso de Melo I e II). Ro\u00e7adeira a partir de segunda-feira (6) nos bairros Porto, S\u00e3o Pedro e regi\u00e3o do Vitrines.<\/p>\n<p>Informamos ainda que a cada semana um novo cronograma ser\u00e1 apresentado e contemplar\u00e1 todos os bairros m\u00eas a m\u00eas.<\/p>\n<p><img decoding=\"async\" class=\"ngg_displayed_gallery mceItem\" src=\"http:\/\/folhadosudeste.com\/site\/index.php\/nextgen-attach_to_post\/preview\/id--31063\" alt=\"\" \/><\/p>\n","protected":false},"excerpt":{"rendered":"<p>Ap\u00f3s a forte chuva que caiu na noite de domingo (5) e madrugada de segunda (6) as equipes de limpeza da DEMSUR precisaram parar o cronograma de varri\u00e7\u00e3o e capina previamente agendado para retirar a lama de loteamentos, encostas e desaterros particulares que escorreu para as vias da cidade. Os trechos mais atingidos foram o [&hellip;]<\/p>\n","protected":false},"author":6,"featured_media":31038,"comment_status":"open","ping_status":"closed","sticky":false,"template":"","format":"standard","meta":{"_joinchat":[],"footnotes":""},"categories":[1],"tags":[],"class_list":["post-31037","post","type-post","status-publish","format-standard","has-post-thumbnail","hentry","category-sem-categoria"],"_links":{"self":[{"href":"http:\/\/folhadosudeste.com\/site\/index.php?rest_route=\/wp\/v2\/posts\/31037","targetHints":{"allow":["GET"]}}],"collection":[{"href":"http:\/\/folhadosudeste.com\/site\/index.php?rest_route=\/wp\/v2\/posts"}],"about":[{"href":"http:\/\/folhadosudeste.com\/site\/index.php?rest_route=\/wp\/v2\/types\/post"}],"author":[{"embeddable":true,"href":"http:\/\/folhadosudeste.com\/site\/index.php?rest_route=\/wp\/v2\/users\/6"}],"replies":[{"embeddable":true,"href":"http:\/\/folhadosudeste.com\/site\/index.php?rest_route=%2Fwp%2Fv2%2Fcomments&post=31037"}],"version-history":[{"count":1,"href":"http:\/\/folhadosudeste.com\/site\/index.php?rest_route=\/wp\/v2\/posts\/31037\/revisions"}],"predecessor-version":[{"id":31064,"href":"http:\/\/folhadosudeste.com\/site\/index.php?rest_route=\/wp\/v2\/posts\/31037\/revisions\/31064"}],"wp:featuredmedia":[{"embeddable":true,"href":"http:\/\/folhadosudeste.com\/site\/index.php?rest_route=\/wp\/v2\/media\/31038"}],"wp:attachment":[{"href":"http:\/\/folhadosudeste.com\/site\/index.php?rest_route=%2Fwp%2Fv2%2Fmedia&parent=31037"}],"wp:term":[{"taxonomy":"category","embeddable":true,"href":"http:\/\/folhadosudeste.com\/site\/index.php?rest_route=%2Fwp%2Fv2%2Fcategories&post=31037"},{"taxonomy":"post_tag","embeddable":true,"href":"http:\/\/folhadosudeste.com\/site\/index.php?rest_route=%2Fwp%2Fv2%2Ftags&post=31037"}],"curies":[{"name":"wp","href":"https:\/\/api.w.org\/{rel}","templated":true}]}}