{"id":31068,"date":"2017-02-08T16:29:41","date_gmt":"2017-02-08T16:29:41","guid":{"rendered":"http:\/\/folhadosudeste.com\/site\/?p=31068"},"modified":"2017-02-08T16:29:41","modified_gmt":"2017-02-08T16:29:41","slug":"mais-de-9-mil-estudantes-voltam-as-aulas-nas-escolas-municipais","status":"publish","type":"post","link":"http:\/\/folhadosudeste.com\/site\/?p=31068","title":{"rendered":"Mais de 9 mil estudantes voltam \u00e0s aulas nas escolas municipais"},"content":{"rendered":"<div><a href=\"http:\/\/folhadosudeste.com\/site\/wp-content\/uploads\/2017\/02\/aulas01.jpg\"><img loading=\"lazy\" decoding=\"async\" class=\"aligncenter wp-image-31069 size-full\" src=\"http:\/\/folhadosudeste.com\/site\/wp-content\/uploads\/2017\/02\/aulas01.jpg\" alt=\"aulas01\" width=\"900\" height=\"600\" srcset=\"http:\/\/folhadosudeste.com\/site\/wp-content\/uploads\/2017\/02\/aulas01.jpg 900w, http:\/\/folhadosudeste.com\/site\/wp-content\/uploads\/2017\/02\/aulas01-300x200.jpg 300w\" sizes=\"auto, (max-width: 900px) 100vw, 900px\" \/><\/a><\/div>\n<div><\/div>\n<div>Cerca de 9.400 alunos voltaram \u00e0s aulas, nesta segunda-feira nas 43 escolas e creches da rede p\u00fablica municipal de Muria\u00e9. Com 200 dias de aulas, o ano letivo vai at\u00e9 18 de dezembro, com carga hor\u00e1ria de 800 horas para a Educa\u00e7\u00e3o Infantil e para as s\u00e9ries iniciais da Ensino Fundamental, enquanto as s\u00e9ries finais ter\u00e3o jornada total de 833 horas e 20 minutos.<\/div>\n<div><\/div>\n<div>Para cumprir os 200 dias, o calend\u00e1rio escolar prev\u00ea quatro s\u00e1bados letivos. Dois deles \u2013 nos dias 29 de abril e 21 de outubro \u2013 j\u00e1 est\u00e3o agendados pela Secretaria de Educa\u00e7\u00e3o e valem para todas as escolas da rede municipal. Os outros dois ser\u00e3o de atividades marcadas pelas pr\u00f3prias institui\u00e7\u00f5es, com datas ainda a serem ainda confirmadas.<\/div>\n<div><\/div>\n<div>O calend\u00e1rio escolar de 2017 prev\u00ea ainda o recesso de meio de ano ser\u00e1 entre os dias 17 e 30 de julho. Os alunos ter\u00e3o folgas prolongadas, entre outras datas, em ocasi\u00f5es, como o carnaval (de 25 de fevereiro a 1 de mar\u00e7o), a Semana Santa (de 13 a 16 de abril), o feriado de Corpus Christi (de 15 a 18 de junho), a Semana da P\u00e1tria (de 6 a 10 de setembro \u2013 no primeiro dia, por\u00e9m, haver\u00e1 os desfiles c\u00edvicos das escolas, em comemora\u00e7\u00e3o ao Dia do Muriaeense), a Semana da Crian\u00e7a (de 7 a 15 de outubro) e o feriado de Finados (de 2 a 5 de novembro).<\/div>\n<div><b>\u00a0<\/b><\/div>\n<div><b>Educa\u00e7\u00e3o no tr\u00e2nsito<\/b><\/div>\n<div><b>\u00a0<\/b><\/div>\n<div>A fim de conscientizar os pais e os respons\u00e1veis, o Departamento Municipal de Transportes e Tr\u00e2nsito come\u00e7ou a promover, nesta ter\u00e7a-feira, a campanha de educa\u00e7\u00e3o no tr\u00e2nsito para a volta \u00e0s aulas. As atividades acontecem em frente a diversas escolas da cidade e incluem a distribui\u00e7\u00e3o de materiais de orienta\u00e7\u00e3o, alertando motoristas e pedestres sobre filas duplas, excesso de velocidade em locais pr\u00f3ximos \u00e0s institui\u00e7\u00f5es de ensino e sobre os riscos de atravessar ruas fora das faixas, entre outras situa\u00e7\u00f5es.<\/div>\n","protected":false},"excerpt":{"rendered":"<p>Cerca de 9.400 alunos voltaram \u00e0s aulas, nesta segunda-feira nas 43 escolas e creches da rede p\u00fablica municipal de Muria\u00e9. Com 200 dias de aulas, o ano letivo vai at\u00e9 18 de dezembro, com carga hor\u00e1ria de 800 horas para a Educa\u00e7\u00e3o Infantil e para as s\u00e9ries iniciais da Ensino Fundamental, enquanto as s\u00e9ries finais [&hellip;]<\/p>\n","protected":false},"author":6,"featured_media":31069,"comment_status":"open","ping_status":"closed","sticky":false,"template":"","format":"standard","meta":{"_joinchat":[],"footnotes":""},"categories":[1],"tags":[],"class_list":["post-31068","post","type-post","status-publish","format-standard","has-post-thumbnail","hentry","category-sem-categoria"],"_links":{"self":[{"href":"http:\/\/folhadosudeste.com\/site\/index.php?rest_route=\/wp\/v2\/posts\/31068","targetHints":{"allow":["GET"]}}],"collection":[{"href":"http:\/\/folhadosudeste.com\/site\/index.php?rest_route=\/wp\/v2\/posts"}],"about":[{"href":"http:\/\/folhadosudeste.com\/site\/index.php?rest_route=\/wp\/v2\/types\/post"}],"author":[{"embeddable":true,"href":"http:\/\/folhadosudeste.com\/site\/index.php?rest_route=\/wp\/v2\/users\/6"}],"replies":[{"embeddable":true,"href":"http:\/\/folhadosudeste.com\/site\/index.php?rest_route=%2Fwp%2Fv2%2Fcomments&post=31068"}],"version-history":[{"count":1,"href":"http:\/\/folhadosudeste.com\/site\/index.php?rest_route=\/wp\/v2\/posts\/31068\/revisions"}],"predecessor-version":[{"id":31070,"href":"http:\/\/folhadosudeste.com\/site\/index.php?rest_route=\/wp\/v2\/posts\/31068\/revisions\/31070"}],"wp:featuredmedia":[{"embeddable":true,"href":"http:\/\/folhadosudeste.com\/site\/index.php?rest_route=\/wp\/v2\/media\/31069"}],"wp:attachment":[{"href":"http:\/\/folhadosudeste.com\/site\/index.php?rest_route=%2Fwp%2Fv2%2Fmedia&parent=31068"}],"wp:term":[{"taxonomy":"category","embeddable":true,"href":"http:\/\/folhadosudeste.com\/site\/index.php?rest_route=%2Fwp%2Fv2%2Fcategories&post=31068"},{"taxonomy":"post_tag","embeddable":true,"href":"http:\/\/folhadosudeste.com\/site\/index.php?rest_route=%2Fwp%2Fv2%2Ftags&post=31068"}],"curies":[{"name":"wp","href":"https:\/\/api.w.org\/{rel}","templated":true}]}}