{"id":31701,"date":"2017-02-10T14:08:01","date_gmt":"2017-02-10T14:08:01","guid":{"rendered":"http:\/\/folhadosudeste.com\/site\/?p=31701"},"modified":"2017-02-10T14:08:01","modified_gmt":"2017-02-10T14:08:01","slug":"reuniao-tem-eleicao-da-mesa-diretora-e-marca-o-inicio-das-atividades-do-legislativo-sob-a-gestao-de-carlos-delfim","status":"publish","type":"post","link":"http:\/\/folhadosudeste.com\/site\/?p=31701","title":{"rendered":"Reuni\u00e3o tem elei\u00e7\u00e3o da mesa diretora e marca o in\u00edcio das atividades do Legislativo sob a gest\u00e3o de Carlos Delfim"},"content":{"rendered":"<p style=\"text-align: justify;\"><a href=\"http:\/\/folhadosudeste.com\/site\/wp-content\/uploads\/2017\/02\/CAMARA-DE-MURIAE.jpg\"><img loading=\"lazy\" decoding=\"async\" class=\"aligncenter size-full wp-image-31702\" src=\"http:\/\/folhadosudeste.com\/site\/wp-content\/uploads\/2017\/02\/CAMARA-DE-MURIAE.jpg\" alt=\"CAMARA DE MURIAE\" width=\"620\" height=\"294\" srcset=\"http:\/\/folhadosudeste.com\/site\/wp-content\/uploads\/2017\/02\/CAMARA-DE-MURIAE.jpg 620w, http:\/\/folhadosudeste.com\/site\/wp-content\/uploads\/2017\/02\/CAMARA-DE-MURIAE-300x142.jpg 300w\" sizes=\"auto, (max-width: 620px) 100vw, 620px\" \/><\/a><\/p>\n<p style=\"text-align: justify;\">A primeira sess\u00e3o ordin\u00e1ria da C\u00e2mara de Muria\u00e9 foi marcada pela elei\u00e7\u00e3o dos demais membros da mesa diretora j\u00e1 encabe\u00e7ada pelo presidente Carlos Delfim (vereador mais votado no pleito de 2016), um rico debate entre os vereadores, a apresenta\u00e7\u00e3o de diversas proposi\u00e7\u00f5es, a aprova\u00e7\u00e3o de quatro projetos do Executivo, a presen\u00e7a do vice-prefeito Marcos Guarino e a participa\u00e7\u00e3o de Abr\u00e3o Jos\u00e9 de Paula que falou na Tribuna Livre sobre as necessidades dos deficientes f\u00edsicos em Muria\u00e9.<\/p>\n<p><strong>Presen\u00e7a do vice-prefeito<\/strong><br \/>\nPresente a primeira Sess\u00e3o Ordin\u00e1ria da C\u00e2mara de Muria\u00e9, o vice-prefeito Dr. Marcos Guarino foi convidado pelo presidente Carlos Delfim para integrar a mesa diretora desta reuni\u00e3o, permanecendo na C\u00e2mara e acompanhando todos os trabalhos do Legislativo neste primeiro dia de atividade parlamentar de 2017.<\/p>\n<p><strong>Elei\u00e7\u00e3o da mesa diretora<\/strong><br \/>\nA chapa \u00fanica composta por Celsinho (1\u00ba vice-presidente), Dr. Jos\u00e9 Carlos (2\u00ba vice-presidente), David Lacerda (1\u00ba secret\u00e1rio) e Reginaldo Roriz (2\u00ba secret\u00e1rio) foi eleita por 13 votos para preencher a mesa diretora da C\u00e2mara, na gest\u00e3o 2017. Presidindo o trabalho, o presidente Carlos Delfim, que j\u00e1 havia sido empossado no cargo em 1 de janeiro de 2017, devido ao fato de ter sido o vereador mais votado no pleito de outubro de 2016, como determina o regimento interno da C\u00e2mara Municipal de Muria\u00e9.<\/p>\n<p><strong>Apresenta\u00e7\u00e3o das proposi\u00e7\u00f5es e projetos<\/strong><br \/>\nForam apresentadas na sess\u00e3o todas as proposi\u00e7\u00f5es efetuadas pelos vereadores durante o m\u00eas de janeiro de 2017 para serem votadas na pr\u00f3xima reuni\u00e3o que acontecer\u00e1 no dia 14 de fevereiro. Cinco projetos apresentados pelos vereadores Ademar Camerino, Dr\u00aa Miriam e Ciso foram lidos e v\u00e3o \u00e0 vota\u00e7\u00e3o na pr\u00f3xima sess\u00e3o. Al\u00e9m disso, tamb\u00e9m foram apresentados quatro projetos pelo Executivo, que foram \u00e0 vota\u00e7\u00e3o e alcan\u00e7aram a aprova\u00e7\u00e3o dos vereadores, todos por 15 votos a favor e uma absten\u00e7\u00e3o.<\/p>\n<p><strong>Projetos aprovados<\/strong><br \/>\nEntre os projetos aprovados estava o que autorizou o prefeito Ioannis Konstantinos Grammatikopolos, o Grego, a instituir turno \u00fanico em \u00f3rg\u00e3os e servi\u00e7os p\u00fablicos municipais. A medida, que pode ser adotada por tempo determinado, visa gerar economia aos cofres p\u00fablicos com a diminui\u00e7\u00e3o do consumo de \u00e1gua, energia, telefone, entre outros benef\u00edcios. Foram aprovados tamb\u00e9m os projetos que visam \u00e0 readequa\u00e7\u00e3o do quadro das fun\u00e7\u00f5es gratificadas da Fundarte, a corre\u00e7\u00e3o de ponto espec\u00edfico no Plano de Cargos e Sal\u00e1rios do Demsur e a altera\u00e7\u00e3o de alguns pontos do C\u00f3digo Tribut\u00e1rio Municipal (Lei complementar 3.195\/2005) a fim de agilizar os servi\u00e7os e oferecer mais efici\u00eancia nos resultados.<\/p>\n<p><strong>Uma noite de grandes debates<\/strong><br \/>\nDurante a primeira sess\u00e3o ordin\u00e1ria de 2017, v\u00e1rios vereadores fizeram uso da tribuna por motivos diversos. Jair Abreu, Dr. Jos\u00e9 Carlos, Evandro Cheroso, Dr\u00aa Miriam, Helena Carvalho, David Lacerda , Sargento Joel e J\u00falio Simbra fizeram uso da palavra. O \u00faltimo, como l\u00edder do Governo, apresentou pontualmente os projetos do Executivo em pauta para vota\u00e7\u00e3o, justificando-os e explicando a necessidade da urg\u00eancia. O presidente Carlos Delfim tamb\u00e9m fez uso da palavra deixando claro que sua gest\u00e3o manter\u00e1 um compromisso firme com Muria\u00e9 e a democracia, proporcionando agilidade na aprecia\u00e7\u00e3o e vota\u00e7\u00e3o dos projetos para que a popula\u00e7\u00e3o possa ficar assistida com efici\u00eancia.<\/p>\n<p><strong>Defesa dos deficientes f\u00edsicos<\/strong><br \/>\nFoi concedida a palavra na tribuna livre a Abr\u00e3o Jos\u00e9 de Paula que vem se empenhando em levantar e apresentar as autoridades de Muria\u00e9 \u00e0s necessidades da popula\u00e7\u00e3o que possui qualquer tipo de defici\u00eancia f\u00edsica, principalmente no que diz respeito ao atendimento de sa\u00fade e ao acesso a diversos locais da cidade, dentre eles, alguns \u00f3rg\u00e3os p\u00fablicos. O vereador Reginaldo Roriz fez alguns apartes na fala de Abr\u00e3o apoiando suas reivindica\u00e7\u00f5es e apresentando propostas significativas, diante de sua experi\u00eancia na Assembleia Legislativa de Minas Gerais, que lhe proporcionou conhecer esta quest\u00e3o de forma mais ampla e profunda no Estado.<\/p>\n<p style=\"text-align: justify;\">Veja mais na edi\u00e7\u00e3o 744 do Folha do Sudeste<\/p>\n<p style=\"text-align: justify;\"><img decoding=\"async\" class=\"ngg_displayed_gallery mceItem\" src=\"http:\/\/folhadosudeste.com\/site\/index.php\/nextgen-attach_to_post\/preview\/id--31703\" alt=\"\" \/><\/p>\n","protected":false},"excerpt":{"rendered":"<p>A primeira sess\u00e3o ordin\u00e1ria da C\u00e2mara de Muria\u00e9 foi marcada pela elei\u00e7\u00e3o dos demais membros da mesa diretora j\u00e1 encabe\u00e7ada pelo presidente Carlos Delfim (vereador mais votado no pleito de 2016), um rico debate entre os vereadores, a apresenta\u00e7\u00e3o de diversas proposi\u00e7\u00f5es, a aprova\u00e7\u00e3o de quatro projetos do Executivo, a presen\u00e7a do vice-prefeito Marcos Guarino [&hellip;]<\/p>\n","protected":false},"author":2,"featured_media":31702,"comment_status":"open","ping_status":"closed","sticky":false,"template":"","format":"standard","meta":{"_joinchat":[],"footnotes":""},"categories":[1],"tags":[],"class_list":["post-31701","post","type-post","status-publish","format-standard","has-post-thumbnail","hentry","category-sem-categoria"],"_links":{"self":[{"href":"http:\/\/folhadosudeste.com\/site\/index.php?rest_route=\/wp\/v2\/posts\/31701","targetHints":{"allow":["GET"]}}],"collection":[{"href":"http:\/\/folhadosudeste.com\/site\/index.php?rest_route=\/wp\/v2\/posts"}],"about":[{"href":"http:\/\/folhadosudeste.com\/site\/index.php?rest_route=\/wp\/v2\/types\/post"}],"author":[{"embeddable":true,"href":"http:\/\/folhadosudeste.com\/site\/index.php?rest_route=\/wp\/v2\/users\/2"}],"replies":[{"embeddable":true,"href":"http:\/\/folhadosudeste.com\/site\/index.php?rest_route=%2Fwp%2Fv2%2Fcomments&post=31701"}],"version-history":[{"count":1,"href":"http:\/\/folhadosudeste.com\/site\/index.php?rest_route=\/wp\/v2\/posts\/31701\/revisions"}],"predecessor-version":[{"id":31704,"href":"http:\/\/folhadosudeste.com\/site\/index.php?rest_route=\/wp\/v2\/posts\/31701\/revisions\/31704"}],"wp:featuredmedia":[{"embeddable":true,"href":"http:\/\/folhadosudeste.com\/site\/index.php?rest_route=\/wp\/v2\/media\/31702"}],"wp:attachment":[{"href":"http:\/\/folhadosudeste.com\/site\/index.php?rest_route=%2Fwp%2Fv2%2Fmedia&parent=31701"}],"wp:term":[{"taxonomy":"category","embeddable":true,"href":"http:\/\/folhadosudeste.com\/site\/index.php?rest_route=%2Fwp%2Fv2%2Fcategories&post=31701"},{"taxonomy":"post_tag","embeddable":true,"href":"http:\/\/folhadosudeste.com\/site\/index.php?rest_route=%2Fwp%2Fv2%2Ftags&post=31701"}],"curies":[{"name":"wp","href":"https:\/\/api.w.org\/{rel}","templated":true}]}}