{"id":31706,"date":"2017-02-10T14:09:14","date_gmt":"2017-02-10T14:09:14","guid":{"rendered":"http:\/\/folhadosudeste.com\/site\/?p=31706"},"modified":"2017-02-10T14:09:14","modified_gmt":"2017-02-10T14:09:14","slug":"escola-sao-paulo-promove-musica-na-praca-3","status":"publish","type":"post","link":"http:\/\/folhadosudeste.com\/site\/?p=31706","title":{"rendered":"Escola S\u00e3o Paulo promove M\u00fasica na Pra\u00e7a 3"},"content":{"rendered":"<p style=\"text-align: justify;\"><a href=\"http:\/\/folhadosudeste.com\/site\/wp-content\/uploads\/2017\/02\/ESP.jpg\"><img loading=\"lazy\" decoding=\"async\" class=\"aligncenter size-full wp-image-31707\" src=\"http:\/\/folhadosudeste.com\/site\/wp-content\/uploads\/2017\/02\/ESP.jpg\" alt=\"ESP\" width=\"620\" height=\"347\" srcset=\"http:\/\/folhadosudeste.com\/site\/wp-content\/uploads\/2017\/02\/ESP.jpg 620w, http:\/\/folhadosudeste.com\/site\/wp-content\/uploads\/2017\/02\/ESP-300x167.jpg 300w\" sizes=\"auto, (max-width: 620px) 100vw, 620px\" \/><\/a><\/p>\n<p style=\"text-align: justify;\">A Escola S\u00e3o Paulo (ESP) e o Centro Cultural Del Rey promoveram, no \u00faltimo s\u00e1bado, 4 de fevereiro a 3\u00aa edi\u00e7\u00e3o deste Evento Cultural, o qual tem por objetivo apoiar e incentivar a arte musical em nossa cidade e, ao mesmo tempo, proporcionar divers\u00e3o e entretenimento aos transeuntes. De frente \u00e0 Escola, bandas locais se apresentaram, dedilhando afinados acordes e levando cl\u00e1ssicos do Pop \/ Rock e MPB a um belo show, animando o p\u00fablico que passava pelo local. A sonoriza\u00e7\u00e3o ficou mais uma vez por conta da empresa de \u00e1udio ZEM, comandada pelo m\u00fasico Z\u00e9 Wilson, l\u00edder da banda de Pop \/ Rock do mesmo g\u00eanero. A estrutura preparada oferece todas as condi\u00e7\u00f5es necess\u00e1rias para os m\u00fasicos possam fazer o show. Esta \u00e9 uma forma que o Diretor da ESP, Jos\u00e9 Nicodemos Couto, encontrou para incentivar e divulgar cada vez mais as bandas e grupos culturais de Muria\u00e9, pois sabemos das dificuldades que eles t\u00eam de conseguir apoio para suas atividades. O Evento tem tido muito sucesso e tende a continuar com agendamento completo para 2017. Os m\u00fasicos interessados devem entrar em contato com Nicodemos, na ESP.<\/p>\n<p style=\"text-align: justify;\">Para Z\u00e9 Wilson \u00e9 importante abrir oportunidade para os jovens que querem fazer um som e n\u00e3o encontram os meios necess\u00e1rios, porque hoje o mercado musical se transformou em algo totalmente financeiro. Ele e sua equipe gostam de fazer isso para manter a qualidade da m\u00fasica como desenvolvimento cultural que deve expandir. \u201cNicodemos sempre foi um parceiro meu, me prestigiando, contratando minha estrutura de som e eu dou uma assessoria completa pra ele, de modo a tornar vi\u00e1vel a produ\u00e7\u00e3o do Evento na parte t\u00e9cnica, que \u00e9 o que mais entendemos. \u00c9 um som de qualidade, o mesmo que usamos no show da Banda Zem. Os jovens ganham oportunidade de conhecer esse material de primeira, extremamente profissional, j\u00e1 que as bandas de garagem n\u00e3o t\u00eam acesso e hoje \u00e9 tudo muito caro. Isso pode dar um impulso na carreira deles, porque sabemos que muitos t\u00eam condi\u00e7\u00f5es de daqui a alguns anos se tornarem m\u00fasicos maravilhosos, mas falta esse empurr\u00e3o. Tinha que ter mais incentivo por parte do Governo, vale a pena investir\u201d, garante.<\/p>\n<p style=\"text-align: justify;\">A Banda Zem tamb\u00e9m brindou a todos na ocasi\u00e3o, com uma linda apresenta\u00e7\u00e3o de seus m\u00fasicos: Marcelo Lima (bateria), Dudu Tupete (baixo), Ot\u00e1vio Castro (guitarra), Douglas Castro (teclado) e Z\u00e9 Wilson (vocal), forma\u00e7\u00e3o mantida nos \u00faltimos 5 dos 12 anos de hist\u00f3ria do grupo.<br \/>\nAgradecimentos ao Celinho da \u2018Cascavel Banguela\u2019 pelo apoio e montagem da Tenda e Palco!<\/p>\n<p style=\"text-align: justify;\">Veja mais na edi\u00e7\u00e3o 744 do Folha do Sudeste<\/p>\n<p style=\"text-align: justify;\"><img decoding=\"async\" class=\"ngg_displayed_gallery mceItem\" src=\"http:\/\/folhadosudeste.com\/site\/index.php\/nextgen-attach_to_post\/preview\/id--31708\" alt=\"\" \/><\/p>\n","protected":false},"excerpt":{"rendered":"<p>A Escola S\u00e3o Paulo (ESP) e o Centro Cultural Del Rey promoveram, no \u00faltimo s\u00e1bado, 4 de fevereiro a 3\u00aa edi\u00e7\u00e3o deste Evento Cultural, o qual tem por objetivo apoiar e incentivar a arte musical em nossa cidade e, ao mesmo tempo, proporcionar divers\u00e3o e entretenimento aos transeuntes. De frente \u00e0 Escola, bandas locais se [&hellip;]<\/p>\n","protected":false},"author":2,"featured_media":31707,"comment_status":"open","ping_status":"closed","sticky":false,"template":"","format":"standard","meta":{"_joinchat":[],"footnotes":""},"categories":[1],"tags":[],"class_list":["post-31706","post","type-post","status-publish","format-standard","has-post-thumbnail","hentry","category-sem-categoria"],"_links":{"self":[{"href":"http:\/\/folhadosudeste.com\/site\/index.php?rest_route=\/wp\/v2\/posts\/31706","targetHints":{"allow":["GET"]}}],"collection":[{"href":"http:\/\/folhadosudeste.com\/site\/index.php?rest_route=\/wp\/v2\/posts"}],"about":[{"href":"http:\/\/folhadosudeste.com\/site\/index.php?rest_route=\/wp\/v2\/types\/post"}],"author":[{"embeddable":true,"href":"http:\/\/folhadosudeste.com\/site\/index.php?rest_route=\/wp\/v2\/users\/2"}],"replies":[{"embeddable":true,"href":"http:\/\/folhadosudeste.com\/site\/index.php?rest_route=%2Fwp%2Fv2%2Fcomments&post=31706"}],"version-history":[{"count":1,"href":"http:\/\/folhadosudeste.com\/site\/index.php?rest_route=\/wp\/v2\/posts\/31706\/revisions"}],"predecessor-version":[{"id":31709,"href":"http:\/\/folhadosudeste.com\/site\/index.php?rest_route=\/wp\/v2\/posts\/31706\/revisions\/31709"}],"wp:featuredmedia":[{"embeddable":true,"href":"http:\/\/folhadosudeste.com\/site\/index.php?rest_route=\/wp\/v2\/media\/31707"}],"wp:attachment":[{"href":"http:\/\/folhadosudeste.com\/site\/index.php?rest_route=%2Fwp%2Fv2%2Fmedia&parent=31706"}],"wp:term":[{"taxonomy":"category","embeddable":true,"href":"http:\/\/folhadosudeste.com\/site\/index.php?rest_route=%2Fwp%2Fv2%2Fcategories&post=31706"},{"taxonomy":"post_tag","embeddable":true,"href":"http:\/\/folhadosudeste.com\/site\/index.php?rest_route=%2Fwp%2Fv2%2Ftags&post=31706"}],"curies":[{"name":"wp","href":"https:\/\/api.w.org\/{rel}","templated":true}]}}