{"id":31710,"date":"2017-02-10T14:10:17","date_gmt":"2017-02-10T14:10:17","guid":{"rendered":"http:\/\/folhadosudeste.com\/site\/?p=31710"},"modified":"2017-02-10T14:10:17","modified_gmt":"2017-02-10T14:10:17","slug":"hsp-promove-palestra-para-esclarecimentos-sobre-a-febre-amarela","status":"publish","type":"post","link":"http:\/\/folhadosudeste.com\/site\/?p=31710","title":{"rendered":"HSP promove palestra para esclarecimentos sobre a febre amarela"},"content":{"rendered":"<p style=\"text-align: justify;\"><a href=\"http:\/\/folhadosudeste.com\/site\/wp-content\/uploads\/2017\/02\/HSP.jpg\"><img loading=\"lazy\" decoding=\"async\" class=\"aligncenter size-full wp-image-31711\" src=\"http:\/\/folhadosudeste.com\/site\/wp-content\/uploads\/2017\/02\/HSP.jpg\" alt=\"HSP\" width=\"620\" height=\"281\" srcset=\"http:\/\/folhadosudeste.com\/site\/wp-content\/uploads\/2017\/02\/HSP.jpg 620w, http:\/\/folhadosudeste.com\/site\/wp-content\/uploads\/2017\/02\/HSP-300x135.jpg 300w\" sizes=\"auto, (max-width: 620px) 100vw, 620px\" \/><\/a><\/p>\n<p style=\"text-align: justify;\">O Centro de Estudos e Pesquisas da Casa de Caridade de Muria\u00e9 \u2013 Hospital S\u00e3o Paulo (HSP) realizou, na noite da \u00faltima segunda (7), uma importante palestra a respeito da febre amarela, problema que tem afetado a popula\u00e7\u00e3o, especialmente de Minas Gerais, e vem trazendo muita preocupa\u00e7\u00e3o a todos. Apesar disso, mesmo com toda a divulga\u00e7\u00e3o feita convidando para o evento, e sendo este gratuito, o interesse dos muriaeenses n\u00e3o teve o p\u00fablico esperado.<\/p>\n<p style=\"text-align: justify;\">A palestra foi proferida pelo m\u00e9dico infectologista Dr. Antonino Adriano Neto, que fez importantes esclarecimentos sobre a doen\u00e7a. Ele explicou que at\u00e9 agora a forma de febre amarela que tem se alastrado \u00e9 a silvestre e n\u00e3o a urbana. \u00c9 importante saber disso porque para cada uma h\u00e1 um diferente mosquito transmissor. \u201cSaber disso \u00e9 importante para termos id\u00e9ia de quem devemos vacinar primeiro, que no caso s\u00e3o as pessoas que moram na periferia: fazendas, ro\u00e7as, enfim, a \u00e1rea rural. A popula\u00e7\u00e3o da zona urbana pode se acalmar porque ter\u00e1 vacina pra todos, \u00e9 s\u00f3 ter paci\u00eancia e esperar. O governo est\u00e1 liberando as doses conforme a necessidade, que \u00e9 primeiro a popula\u00e7\u00e3o rural. Quem n\u00e3o vacinou e vai para uma regi\u00e3o que tenha casos confirmados ou vai para a mata, deve vacinar, porque essa \u00e9 a \u00e1rea de risco. Sobre a febre amarela, 60% das pessoas n\u00e3o t\u00eam nada, mas 5-10% desenvolvem a forma grave, ou seja, o rim pode parar de funcionar, come\u00e7a o sangramento e a pessoa fica amarela, por isso o nome da doen\u00e7a. H\u00e1 chance de morte neste caso. Alertamos para quem chegue a desenvolver a febre amarela, mesmo que seja a forma branda, use repelente, para que o mosquito da cidade n\u00e3o comece a transmitir, passando da forma silvestre para a urbana\u201d, explica.<\/p>\n<p style=\"text-align: justify;\">O secret\u00e1rio municipal de Sa\u00fade, Dr. Paulo C\u00e9sar de Oliveira, tranquilizou a todos, dizendo que n\u00e3o h\u00e1 no momento nenhuma situa\u00e7\u00e3o de alarde ou alerta. \u201cTemos buscado vacinas para toda a popula\u00e7\u00e3o de Muria\u00e9. Essa semana deve chegar um n\u00famero bastante elevado de doses e vamos vacinar os arredores, de modo que, se chegar alguma coisa por perto, n\u00e3o atinja a cidade. Estamos partindo para um extremo de preven\u00e7\u00e3o, mas n\u00e3o temos sinal vermelho. Lembramos que \u00e9 essencial que as pessoas fa\u00e7am o dever de casa e n\u00e3o deixem desenvolver o mosquito transmissor urbano. Onde tem lixo, sujeira e \u00e1gua parada, o risco est\u00e1 ali. Cada um deve zelar pela higiene de sua casa, ser o seu fiscal e o do vizinho. Se ver algo errado, deve denunciar. Esse \u00e9 o papel de todos n\u00f3s. Um por todos e todos por um\u201d, destaca.<\/p>\n<p style=\"text-align: justify;\">O provedor do HSP, Sr. Messias Vardiero, ficou satisfeito com os resultados da palestra, extremamente informativa, mas lamentou o fato da popula\u00e7\u00e3o n\u00e3o ter comparecido de forma numerosa, j\u00e1 que muitos t\u00eam se desesperado para vacinar mas n\u00e3o procuram se informar direito. \u201cFelizmente n\u00e3o temos casos em Muria\u00e9. A febre amarela est\u00e1 vindo das matas, da zona rural e aqui na cidade temos muitas regi\u00f5es deste tipo por perto, ent\u00e3o n\u00e3o deixa de ser perigoso. Precisamos estar atentos, porque \u00e9 uma doen\u00e7a que chega pra matar. Mas, no momento, podemos ficar tranquilos. Teremos as vacinas para zona rural e deve sobrar 5-6 mil pra cidade, de modo que as pessoas devem aproveitar pra vacinar. Est\u00e1 tudo sob controle. Uma pena que n\u00e3o compareceram muitas pessoas, mas os que vieram podem agora passar a informa\u00e7\u00e3o para frente\u201d, afirma.<\/p>\n<p style=\"text-align: justify;\">Tamb\u00e9m estiveram presentes no evento o vice-prefeito de Muria\u00e9, Dr. Marcos Guarino (m\u00e9dico pediatra), o idealizador da palestra Dr. Carlos Eduardo Felipe Feres (presidente do Centro de Estudos e Pesquisas do HSP) e outros profissionais da sa\u00fade.<\/p>\n<p style=\"text-align: justify;\">Veja mais na edi\u00e7\u00e3o 744 do Folha do Sudeste<\/p>\n<p style=\"text-align: justify;\"><img decoding=\"async\" class=\"ngg_displayed_gallery mceItem\" src=\"http:\/\/folhadosudeste.com\/site\/index.php\/nextgen-attach_to_post\/preview\/id--31712\" alt=\"\" \/><\/p>\n","protected":false},"excerpt":{"rendered":"<p>O Centro de Estudos e Pesquisas da Casa de Caridade de Muria\u00e9 \u2013 Hospital S\u00e3o Paulo (HSP) realizou, na noite da \u00faltima segunda (7), uma importante palestra a respeito da febre amarela, problema que tem afetado a popula\u00e7\u00e3o, especialmente de Minas Gerais, e vem trazendo muita preocupa\u00e7\u00e3o a todos. Apesar disso, mesmo com toda a [&hellip;]<\/p>\n","protected":false},"author":2,"featured_media":31711,"comment_status":"open","ping_status":"closed","sticky":false,"template":"","format":"standard","meta":{"_joinchat":[],"footnotes":""},"categories":[1],"tags":[],"class_list":["post-31710","post","type-post","status-publish","format-standard","has-post-thumbnail","hentry","category-sem-categoria"],"_links":{"self":[{"href":"http:\/\/folhadosudeste.com\/site\/index.php?rest_route=\/wp\/v2\/posts\/31710","targetHints":{"allow":["GET"]}}],"collection":[{"href":"http:\/\/folhadosudeste.com\/site\/index.php?rest_route=\/wp\/v2\/posts"}],"about":[{"href":"http:\/\/folhadosudeste.com\/site\/index.php?rest_route=\/wp\/v2\/types\/post"}],"author":[{"embeddable":true,"href":"http:\/\/folhadosudeste.com\/site\/index.php?rest_route=\/wp\/v2\/users\/2"}],"replies":[{"embeddable":true,"href":"http:\/\/folhadosudeste.com\/site\/index.php?rest_route=%2Fwp%2Fv2%2Fcomments&post=31710"}],"version-history":[{"count":1,"href":"http:\/\/folhadosudeste.com\/site\/index.php?rest_route=\/wp\/v2\/posts\/31710\/revisions"}],"predecessor-version":[{"id":31713,"href":"http:\/\/folhadosudeste.com\/site\/index.php?rest_route=\/wp\/v2\/posts\/31710\/revisions\/31713"}],"wp:featuredmedia":[{"embeddable":true,"href":"http:\/\/folhadosudeste.com\/site\/index.php?rest_route=\/wp\/v2\/media\/31711"}],"wp:attachment":[{"href":"http:\/\/folhadosudeste.com\/site\/index.php?rest_route=%2Fwp%2Fv2%2Fmedia&parent=31710"}],"wp:term":[{"taxonomy":"category","embeddable":true,"href":"http:\/\/folhadosudeste.com\/site\/index.php?rest_route=%2Fwp%2Fv2%2Fcategories&post=31710"},{"taxonomy":"post_tag","embeddable":true,"href":"http:\/\/folhadosudeste.com\/site\/index.php?rest_route=%2Fwp%2Fv2%2Ftags&post=31710"}],"curies":[{"name":"wp","href":"https:\/\/api.w.org\/{rel}","templated":true}]}}