{"id":31714,"date":"2017-02-10T14:11:08","date_gmt":"2017-02-10T14:11:08","guid":{"rendered":"http:\/\/folhadosudeste.com\/site\/?p=31714"},"modified":"2017-02-10T14:11:08","modified_gmt":"2017-02-10T14:11:08","slug":"primeira-reuniao-da-camara-de-limeira-acontece-em-sede-propria","status":"publish","type":"post","link":"http:\/\/folhadosudeste.com\/site\/?p=31714","title":{"rendered":"Primeira reuni\u00e3o da C\u00e2mara de Limeira acontece em sede pr\u00f3pria"},"content":{"rendered":"<p style=\"text-align: justify;\"><a href=\"http:\/\/folhadosudeste.com\/site\/wp-content\/uploads\/2017\/02\/LIMEIRA.jpg\"><img loading=\"lazy\" decoding=\"async\" class=\"aligncenter size-full wp-image-31715\" src=\"http:\/\/folhadosudeste.com\/site\/wp-content\/uploads\/2017\/02\/LIMEIRA.jpg\" alt=\"LIMEIRA\" width=\"620\" height=\"311\" srcset=\"http:\/\/folhadosudeste.com\/site\/wp-content\/uploads\/2017\/02\/LIMEIRA.jpg 620w, http:\/\/folhadosudeste.com\/site\/wp-content\/uploads\/2017\/02\/LIMEIRA-300x150.jpg 300w\" sizes=\"auto, (max-width: 620px) 100vw, 620px\" \/><\/a><\/p>\n<p style=\"text-align: justify;\">A primeira reuni\u00e3o da C\u00e2mara Municipal de Ros\u00e1rio da Limeira foi realizada na noite de ter\u00e7a, sete de fevereiro, j\u00e1 em sua sede nova e pr\u00f3pria (Plen\u00e1rio Vereador Jos\u00e9 Mar\u00e7al da Silva), aquisi\u00e7\u00e3o obtida por meio do trabalho legislativo em anos anteriores. O jornal Folha do Sudeste esteve presente acompanhando a discuss\u00e3o e vota\u00e7\u00e3o dos primeiros projetos e entrevistamos o presidente eleito da C\u00e2mara, Wanderlei Ferreira Dias, que declarou ser um orgulho muito grande ter participado da constru\u00e7\u00e3o dessa importante obra.<\/p>\n<p style=\"text-align: justify;\">Segundo ele, trata-se de um trabalho de constru\u00e7\u00e3o feito aos poucos, iniciado na gest\u00e3o de Valdecir Braga como presidente da C\u00e2mara. Posteriormente, Alexandre Braga, tamb\u00e9m no cargo, deu continuidade e Davi Maciel, presidente em 2016, foi respons\u00e1vel pela compra do material para finaliza\u00e7\u00e3o da obra, que agora encontra-se em funcionamento. Apesar da parte superior ainda necessitar de acabamento, o plen\u00e1rio j\u00e1 apresenta condi\u00e7\u00f5es para abrigar as reuni\u00f5es.<\/p>\n<p style=\"text-align: justify;\">Wanderlei destaca que trata-se da casa do povo, em que as pessoas podem e devem frequentar: \u201c\u00c9 um orgulho ver a casa cheia e as pessoas participando. Esperamos esse retorno e participa\u00e7\u00e3o sempre, para que a popula\u00e7\u00e3o possa ver a nossa atua\u00e7\u00e3o enquanto vereadores, representantes leg\u00edtimos do povo e eleitos por eles. Vale destacar que nossas reuni\u00f5es acontecem sempre nas primeiras e terceiras ter\u00e7as-feiras do m\u00eas, \u00e0s 19h, ent\u00e3o ficaremos muito felizes ao ver sempre a casa cheia\u201d, explica. Ele agradece ainda a todas as pessoas que passaram na nova sede da C\u00e2mara durante a semana, conversando com ele e reconhecendo o trabalho que foi feito para sair do aluguel, deixando todos muito satisfeitos. \u201cEra uma obra que j\u00e1 se arrastava por muito tempo, mas chegamos ao destino definitivo\u201d, destaca. Com a mudan\u00e7a, haver\u00e1 ainda uma economia que, em tempos de crise, torna-se muito relevante \u2013 a estimativa mostra que somadas a maioria das despesas, ser\u00e1 poss\u00edvel economizar cerca de R$ 1.300,00 por m\u00eas, ou seja, mais de R$ 15 mil por ano, valor significativo, que poder\u00e1 ser investido em outras \u00e1reas.<\/p>\n<p style=\"text-align: justify;\">De acordo com ele, h\u00e1 muito o que fazer em Ros\u00e1rio da Limeira e o trabalho conjunto dos vereadores com a administra\u00e7\u00e3o tem o objetivo de ajudar a melhorar a infra-estrutura da cidade e qualidade de vida das pessoas, proporcionando maior gera\u00e7\u00e3o de empregos, melhoria nos servi\u00e7os de sa\u00fade, entre outros. Wanderlei afirma que os vereadores est\u00e3o fazendo o m\u00e1ximo poss\u00edvel para ajudar a administra\u00e7\u00e3o e tornar os processos mais din\u00e2micos.<\/p>\n<p style=\"text-align: justify;\">A primeira reuni\u00e3o contou com a ilustre presen\u00e7a do vice-prefeito Davi Maciel e sua esposa Catarina, pessoa que Wanderlei admira muito, por ter sido presidente antes dele e lhe passar suas experi\u00eancias. \u201cAprendi muito com ele, ent\u00e3o agrade\u00e7o a presen\u00e7a e fico muito honrado por ter contado com sua participa\u00e7\u00e3o nessa reuni\u00e3o inaugural\u201d, acrescenta.<br \/>\nNa ocasi\u00e3o, foram aprovados tr\u00eas projetos, sendo considerado um dos mais relevantes o que visa a adequa\u00e7\u00e3o do Conselho de Sa\u00fade, que foi aprovado devido a import\u00e2ncia do mesmo estar regularizado, uma vez que o mesmo deve estar devidamente regularizado para que os recursos cheguem para essa \u00e1rea. \u201cN\u00e3o podemos perder a oportunidade de adquirir recursos, tudo que possa ajudar a popula\u00e7\u00e3o. Estamos trabalhando nessa dire\u00e7\u00e3o e lutando para que as coisas funcionem. Fazendo tudo r\u00e1pido para que tudo ocorra com m\u00e1xima efici\u00eancia e sempre com honestidade\u201d, completa Wanderlei, lembrando que os projetos n\u00e3o aprovados ainda devem estar em pauta para vota\u00e7\u00e3o na pr\u00f3xima reuni\u00e3o.<\/p>\n<p style=\"text-align: justify;\">Entre os muitos fatores em que os vereadores pretendem atuar, para melhorar o munic\u00edpio, colocando as ideias j\u00e1 debatidas em pr\u00e1ticas, uma das prioridades \u00e9 justamente que a sociedade possa interagir e seja participativa. Tamb\u00e9m est\u00e1 prevista a exposi\u00e7\u00e3o de obras de arte na plen\u00e1ria, de forma a valorizar a cultura, algo que muitos n\u00e3o d\u00e3o o devido valor e necessitam de divulga\u00e7\u00e3o.<\/p>\n<p style=\"text-align: justify;\">Ele lembra que todos est\u00e3o abertos para cr\u00edticas construtivas, pois elas permitem analisar o que n\u00e3o est\u00e1 totalmente correto e o que pode ser feito para melhorar. \u201cTivemos o apoio da administra\u00e7\u00e3o, cedendo o Documento de Cess\u00e3o e Uso, porque antes n\u00e3o pod\u00edamos utilizar o im\u00f3vel e agora est\u00e1 habilitado o seu uso. Todo o material de constru\u00e7\u00e3o foi comprado anteriormente para a parte superior, ent\u00e3o o que est\u00e1 faltando \u00e9 a execu\u00e7\u00e3o do servi\u00e7o e a m\u00e3o de obra. Queremos contratar uma empresa atrav\u00e9s de licita\u00e7\u00e3o para concluir a obra, de modo que ela fique completa. J\u00e1 est\u00e3o em andamento alguns pontos, como planilha de custos, levantamento do que temos e do que pode ser feito para total conclus\u00e3o da obra\u201d, finaliza.<\/p>\n<p style=\"text-align: justify;\">Veja mais na edi\u00e7\u00e3o 744 do Folha do Sudeste<\/p>\n<p style=\"text-align: justify;\"><img decoding=\"async\" class=\"ngg_displayed_gallery mceItem\" src=\"http:\/\/folhadosudeste.com\/site\/index.php\/nextgen-attach_to_post\/preview\/id--31716\" alt=\"\" \/><\/p>\n","protected":false},"excerpt":{"rendered":"<p>A primeira reuni\u00e3o da C\u00e2mara Municipal de Ros\u00e1rio da Limeira foi realizada na noite de ter\u00e7a, sete de fevereiro, j\u00e1 em sua sede nova e pr\u00f3pria (Plen\u00e1rio Vereador Jos\u00e9 Mar\u00e7al da Silva), aquisi\u00e7\u00e3o obtida por meio do trabalho legislativo em anos anteriores. O jornal Folha do Sudeste esteve presente acompanhando a discuss\u00e3o e vota\u00e7\u00e3o dos [&hellip;]<\/p>\n","protected":false},"author":2,"featured_media":31715,"comment_status":"open","ping_status":"closed","sticky":false,"template":"","format":"standard","meta":{"_joinchat":[],"footnotes":""},"categories":[1],"tags":[],"class_list":["post-31714","post","type-post","status-publish","format-standard","has-post-thumbnail","hentry","category-sem-categoria"],"_links":{"self":[{"href":"http:\/\/folhadosudeste.com\/site\/index.php?rest_route=\/wp\/v2\/posts\/31714","targetHints":{"allow":["GET"]}}],"collection":[{"href":"http:\/\/folhadosudeste.com\/site\/index.php?rest_route=\/wp\/v2\/posts"}],"about":[{"href":"http:\/\/folhadosudeste.com\/site\/index.php?rest_route=\/wp\/v2\/types\/post"}],"author":[{"embeddable":true,"href":"http:\/\/folhadosudeste.com\/site\/index.php?rest_route=\/wp\/v2\/users\/2"}],"replies":[{"embeddable":true,"href":"http:\/\/folhadosudeste.com\/site\/index.php?rest_route=%2Fwp%2Fv2%2Fcomments&post=31714"}],"version-history":[{"count":1,"href":"http:\/\/folhadosudeste.com\/site\/index.php?rest_route=\/wp\/v2\/posts\/31714\/revisions"}],"predecessor-version":[{"id":31717,"href":"http:\/\/folhadosudeste.com\/site\/index.php?rest_route=\/wp\/v2\/posts\/31714\/revisions\/31717"}],"wp:featuredmedia":[{"embeddable":true,"href":"http:\/\/folhadosudeste.com\/site\/index.php?rest_route=\/wp\/v2\/media\/31715"}],"wp:attachment":[{"href":"http:\/\/folhadosudeste.com\/site\/index.php?rest_route=%2Fwp%2Fv2%2Fmedia&parent=31714"}],"wp:term":[{"taxonomy":"category","embeddable":true,"href":"http:\/\/folhadosudeste.com\/site\/index.php?rest_route=%2Fwp%2Fv2%2Fcategories&post=31714"},{"taxonomy":"post_tag","embeddable":true,"href":"http:\/\/folhadosudeste.com\/site\/index.php?rest_route=%2Fwp%2Fv2%2Ftags&post=31714"}],"curies":[{"name":"wp","href":"https:\/\/api.w.org\/{rel}","templated":true}]}}