{"id":31722,"date":"2017-02-10T14:12:58","date_gmt":"2017-02-10T14:12:58","guid":{"rendered":"http:\/\/folhadosudeste.com\/site\/?p=31722"},"modified":"2017-02-10T14:12:58","modified_gmt":"2017-02-10T14:12:58","slug":"matriz-sao-paulo-em-festa-25-anos-de-vida-religiosa-de-pe-cicero-e-36-de-pe-egberto","status":"publish","type":"post","link":"http:\/\/folhadosudeste.com\/site\/?p=31722","title":{"rendered":"Matriz S\u00e3o Paulo em festa: 25 anos de vida religiosa de Pe. C\u00edcero e 36 de Pe. Egberto"},"content":{"rendered":"<p style=\"text-align: justify;\"><a href=\"http:\/\/folhadosudeste.com\/site\/wp-content\/uploads\/2017\/02\/PADRE-C\u00cdCERO.jpg\"><img loading=\"lazy\" decoding=\"async\" class=\"aligncenter size-full wp-image-31723\" src=\"http:\/\/folhadosudeste.com\/site\/wp-content\/uploads\/2017\/02\/PADRE-C\u00cdCERO.jpg\" alt=\"PADRE C\u00cdCERO\" width=\"620\" height=\"310\" srcset=\"http:\/\/folhadosudeste.com\/site\/wp-content\/uploads\/2017\/02\/PADRE-C\u00cdCERO.jpg 620w, http:\/\/folhadosudeste.com\/site\/wp-content\/uploads\/2017\/02\/PADRE-C\u00cdCERO-300x150.jpg 300w\" sizes=\"auto, (max-width: 620px) 100vw, 620px\" \/><\/a><\/p>\n<p style=\"text-align: justify;\">A \u00faltima semana foi de muita festa e comemora\u00e7\u00e3o religiosa na Matriz S\u00e3o Paulo. Na quinta 2 de fevereiro, foram comemorados os 25 anos de vida religiosa consagrada de Pe. C\u00edcero (p\u00e1roco) e os 36 anos tamb\u00e9m de vida religiosa de Pe. Egberto. A celebra\u00e7\u00e3o festiva contou com a presen\u00e7a de um grande p\u00fablico, que lotou a igreja, acompanhando os ritos de entrega espiritual e renova\u00e7\u00e3o dos votos religiosos.<\/p>\n<p style=\"text-align: justify;\">Ap\u00f3s a Missa, em A\u00e7\u00e3o de Gra\u00e7as, os padres receberam os cumprimentos e felicita\u00e7\u00f5es dos fi\u00e9is, al\u00e9m de uma confraterniza\u00e7\u00e3o festiva no p\u00e1tio da igreja. No dia 11 de fevereiro haver\u00e1 uma nova confraterniza\u00e7\u00e3o na casa de festas Fazenda Divis\u00f3rio, comemorando o anivers\u00e1rio natal\u00edcio de Pe. C\u00edcero.<\/p>\n<p style=\"text-align: justify;\">Pe. C\u00edcero (Congrega\u00e7\u00e3o dos Mission\u00e1rios do Sagrado Cora\u00e7\u00e3o \u2013 MSC), natural de Niter\u00f3i RJ, assumiu o cargo de p\u00e1roco da Matriz S\u00e3o Paulo na sua segunda passagem por Muria\u00e9, em fevereiro de 2013. Pessoas religiosas consagradas s\u00e3o homens e mulheres que fazem um voto de viver somente para Cristo e seus mandamentos: na castidade, na pobreza e na obedi\u00eancia.<\/p>\n<p style=\"text-align: justify;\">A dire\u00e7\u00e3o e equipe do jornal Folha do Sudeste deixam os parab\u00e9ns e sinceros votos de felicidades ao Pe. C\u00edcero e Pe. Egberto. Que Deus continue iluminando seus caminhos e permitindo que levem Sua Palavra ao povo.<\/p>\n<p style=\"text-align: justify;\">Veja mais na edi\u00e7\u00e3o 744 do Folha do Sudeste<\/p>\n<p style=\"text-align: justify;\"><img decoding=\"async\" class=\"ngg_displayed_gallery mceItem\" src=\"http:\/\/folhadosudeste.com\/site\/index.php\/nextgen-attach_to_post\/preview\/id--31724\" alt=\"\" \/><\/p>\n","protected":false},"excerpt":{"rendered":"<p>A \u00faltima semana foi de muita festa e comemora\u00e7\u00e3o religiosa na Matriz S\u00e3o Paulo. Na quinta 2 de fevereiro, foram comemorados os 25 anos de vida religiosa consagrada de Pe. C\u00edcero (p\u00e1roco) e os 36 anos tamb\u00e9m de vida religiosa de Pe. Egberto. A celebra\u00e7\u00e3o festiva contou com a presen\u00e7a de um grande p\u00fablico, que [&hellip;]<\/p>\n","protected":false},"author":2,"featured_media":31723,"comment_status":"open","ping_status":"closed","sticky":false,"template":"","format":"standard","meta":{"_joinchat":[],"footnotes":""},"categories":[1],"tags":[],"class_list":["post-31722","post","type-post","status-publish","format-standard","has-post-thumbnail","hentry","category-sem-categoria"],"_links":{"self":[{"href":"http:\/\/folhadosudeste.com\/site\/index.php?rest_route=\/wp\/v2\/posts\/31722","targetHints":{"allow":["GET"]}}],"collection":[{"href":"http:\/\/folhadosudeste.com\/site\/index.php?rest_route=\/wp\/v2\/posts"}],"about":[{"href":"http:\/\/folhadosudeste.com\/site\/index.php?rest_route=\/wp\/v2\/types\/post"}],"author":[{"embeddable":true,"href":"http:\/\/folhadosudeste.com\/site\/index.php?rest_route=\/wp\/v2\/users\/2"}],"replies":[{"embeddable":true,"href":"http:\/\/folhadosudeste.com\/site\/index.php?rest_route=%2Fwp%2Fv2%2Fcomments&post=31722"}],"version-history":[{"count":1,"href":"http:\/\/folhadosudeste.com\/site\/index.php?rest_route=\/wp\/v2\/posts\/31722\/revisions"}],"predecessor-version":[{"id":31725,"href":"http:\/\/folhadosudeste.com\/site\/index.php?rest_route=\/wp\/v2\/posts\/31722\/revisions\/31725"}],"wp:featuredmedia":[{"embeddable":true,"href":"http:\/\/folhadosudeste.com\/site\/index.php?rest_route=\/wp\/v2\/media\/31723"}],"wp:attachment":[{"href":"http:\/\/folhadosudeste.com\/site\/index.php?rest_route=%2Fwp%2Fv2%2Fmedia&parent=31722"}],"wp:term":[{"taxonomy":"category","embeddable":true,"href":"http:\/\/folhadosudeste.com\/site\/index.php?rest_route=%2Fwp%2Fv2%2Fcategories&post=31722"},{"taxonomy":"post_tag","embeddable":true,"href":"http:\/\/folhadosudeste.com\/site\/index.php?rest_route=%2Fwp%2Fv2%2Ftags&post=31722"}],"curies":[{"name":"wp","href":"https:\/\/api.w.org\/{rel}","templated":true}]}}