{"id":31739,"date":"2017-02-14T16:36:17","date_gmt":"2017-02-14T16:36:17","guid":{"rendered":"http:\/\/folhadosudeste.com\/site\/?p=31739"},"modified":"2017-02-14T16:36:17","modified_gmt":"2017-02-14T16:36:17","slug":"prefeitura-capacita-profissionais-para-o-mercado-de-trabalho-parceria-sesisenai","status":"publish","type":"post","link":"http:\/\/folhadosudeste.com\/site\/?p=31739","title":{"rendered":"Prefeitura capacita profissionais para o mercado de trabalho \u2013 parceria SESI\/SENAI"},"content":{"rendered":"<div><a href=\"http:\/\/folhadosudeste.com\/site\/wp-content\/uploads\/2017\/02\/Foto-Tenda-02.jpg\"><img loading=\"lazy\" decoding=\"async\" class=\"aligncenter wp-image-31740 size-full\" src=\"http:\/\/folhadosudeste.com\/site\/wp-content\/uploads\/2017\/02\/Foto-Tenda-02.jpg\" alt=\"Foto Tenda 02\" width=\"4928\" height=\"3264\" srcset=\"http:\/\/folhadosudeste.com\/site\/wp-content\/uploads\/2017\/02\/Foto-Tenda-02.jpg 4928w, http:\/\/folhadosudeste.com\/site\/wp-content\/uploads\/2017\/02\/Foto-Tenda-02-300x198.jpg 300w, http:\/\/folhadosudeste.com\/site\/wp-content\/uploads\/2017\/02\/Foto-Tenda-02-1024x678.jpg 1024w\" sizes=\"auto, (max-width: 4928px) 100vw, 4928px\" \/><\/a><\/div>\n<div><\/div>\n<div>A Prefeitura investe na capacita\u00e7\u00e3o de novos profissionais para o mercado de trabalho e oferece a jovens e adultos uma oportunidade de adquirir uma carreira. \u00c9 com este intuito que desenvolve as parcerias com SESI\/SENAI, para a realiza\u00e7\u00e3o dos cursos de Inicia\u00e7\u00e3o Profissional, nos turnos manh\u00e3 e tarde. Muitos m\u00f3dulos j\u00e1 est\u00e3o com turmas completas, mas ainda h\u00e1 inscri\u00e7\u00f5es para algumas modalidades, al\u00e9m de haver uma lista de cadastro reserva.<\/div>\n<div><\/div>\n<div>Os cursos que possuem vagas s\u00e3o os de Costureira Assistente (turno da tarde), Mec\u00e2nico de Motos (turno da manh\u00e3), Educa\u00e7\u00e3o Ambiental e Sustentabilidade (manh\u00e3 e tarde), Atendimento ao Cliente (manh\u00e3 e tarde), Costureira (turno da manh\u00e3), Eletricista Predial (manh\u00e3 e tarde), Pedreiro (manh\u00e3 e tarde), Artesanato \u2013 patchwork embutido, tra\u00e7ado de fitas, boneca de E V A e patch aplique.<\/div>\n<div><\/div>\n<div>O secret\u00e1rio de Desenvolvimento Econ\u00f4mico e Rela\u00e7\u00f5es Institucionais, Carlos Magno, fala da grande valia do curso para a gera\u00e7\u00e3o de renda e novas oportunidades de emprego e explica o conforto das salas de aula: \u201cAs salas s\u00e3o equipadas com pisos e divis\u00f3rias de madeira, iluminadas e climatizadas (ar condicionado) e t\u00eam estrutura completa para aulas te\u00f3ricas e pr\u00e1ticas.<\/div>\n<div><\/div>\n<div>A carga hor\u00e1ria dos cursos \u00e9 variada. Alguns t\u00eam 8 horas para cumprir e receber o certificado, outros 80 horas. As inscri\u00e7\u00f5es est\u00e3o abertas nos Centros de Refer\u00eancia em Assist\u00eancia Social \u2013 CRAS e no Centro Administrativo \u2013 2\u00ba andar \u2013 sala da Secretaria de Desenvolvimento Econ\u00f4mico e Rela\u00e7\u00f5es Institucionais. Para o cadastro \u00e9 necess\u00e1rio levar CPF, identidade e comprovante de resid\u00eancia. Um dos principais quesitos para a inscri\u00e7\u00e3o \u00e9 ter 16 anos ou mais.<\/div>\n","protected":false},"excerpt":{"rendered":"<p>A Prefeitura investe na capacita\u00e7\u00e3o de novos profissionais para o mercado de trabalho e oferece a jovens e adultos uma oportunidade de adquirir uma carreira. \u00c9 com este intuito que desenvolve as parcerias com SESI\/SENAI, para a realiza\u00e7\u00e3o dos cursos de Inicia\u00e7\u00e3o Profissional, nos turnos manh\u00e3 e tarde. Muitos m\u00f3dulos j\u00e1 est\u00e3o com turmas completas, [&hellip;]<\/p>\n","protected":false},"author":6,"featured_media":31740,"comment_status":"open","ping_status":"closed","sticky":false,"template":"","format":"standard","meta":{"_joinchat":[],"footnotes":""},"categories":[1],"tags":[],"class_list":["post-31739","post","type-post","status-publish","format-standard","has-post-thumbnail","hentry","category-sem-categoria"],"_links":{"self":[{"href":"http:\/\/folhadosudeste.com\/site\/index.php?rest_route=\/wp\/v2\/posts\/31739","targetHints":{"allow":["GET"]}}],"collection":[{"href":"http:\/\/folhadosudeste.com\/site\/index.php?rest_route=\/wp\/v2\/posts"}],"about":[{"href":"http:\/\/folhadosudeste.com\/site\/index.php?rest_route=\/wp\/v2\/types\/post"}],"author":[{"embeddable":true,"href":"http:\/\/folhadosudeste.com\/site\/index.php?rest_route=\/wp\/v2\/users\/6"}],"replies":[{"embeddable":true,"href":"http:\/\/folhadosudeste.com\/site\/index.php?rest_route=%2Fwp%2Fv2%2Fcomments&post=31739"}],"version-history":[{"count":1,"href":"http:\/\/folhadosudeste.com\/site\/index.php?rest_route=\/wp\/v2\/posts\/31739\/revisions"}],"predecessor-version":[{"id":31741,"href":"http:\/\/folhadosudeste.com\/site\/index.php?rest_route=\/wp\/v2\/posts\/31739\/revisions\/31741"}],"wp:featuredmedia":[{"embeddable":true,"href":"http:\/\/folhadosudeste.com\/site\/index.php?rest_route=\/wp\/v2\/media\/31740"}],"wp:attachment":[{"href":"http:\/\/folhadosudeste.com\/site\/index.php?rest_route=%2Fwp%2Fv2%2Fmedia&parent=31739"}],"wp:term":[{"taxonomy":"category","embeddable":true,"href":"http:\/\/folhadosudeste.com\/site\/index.php?rest_route=%2Fwp%2Fv2%2Fcategories&post=31739"},{"taxonomy":"post_tag","embeddable":true,"href":"http:\/\/folhadosudeste.com\/site\/index.php?rest_route=%2Fwp%2Fv2%2Ftags&post=31739"}],"curies":[{"name":"wp","href":"https:\/\/api.w.org\/{rel}","templated":true}]}}