{"id":31742,"date":"2017-02-14T16:38:32","date_gmt":"2017-02-14T16:38:32","guid":{"rendered":"http:\/\/folhadosudeste.com\/site\/?p=31742"},"modified":"2017-02-14T16:38:32","modified_gmt":"2017-02-14T16:38:32","slug":"em-bh-grego-debate-situacao-de-projeto-contra-enchentes","status":"publish","type":"post","link":"http:\/\/folhadosudeste.com\/site\/?p=31742","title":{"rendered":"Em BH, Grego debate situa\u00e7\u00e3o de projeto contra enchentes"},"content":{"rendered":"<div><a href=\"http:\/\/folhadosudeste.com\/site\/wp-content\/uploads\/2017\/02\/grego01.jpg\"><img loading=\"lazy\" decoding=\"async\" class=\"aligncenter wp-image-31743 size-full\" src=\"http:\/\/folhadosudeste.com\/site\/wp-content\/uploads\/2017\/02\/grego01.jpg\" alt=\"grego01\" width=\"900\" height=\"600\" srcset=\"http:\/\/folhadosudeste.com\/site\/wp-content\/uploads\/2017\/02\/grego01.jpg 900w, http:\/\/folhadosudeste.com\/site\/wp-content\/uploads\/2017\/02\/grego01-300x200.jpg 300w\" sizes=\"auto, (max-width: 900px) 100vw, 900px\" \/><\/a><\/div>\n<div><\/div>\n<div>Em viagem a Belo Horizonte nesta segunda-feira (13), Grego esteve na Cidade Administrativa de Minas Gerais, sede do governo estadual, onde compareceu \u00e0 Secretaria de Estado de Transportes e Obras P\u00fablicas (Setop). O prefeito de Muria\u00e9 se reuniu com o secret\u00e1rio Murilo Valadares, em encontro que teve tamb\u00e9m as presen\u00e7as do deputado federal Misael Varella e da assessora da Setop, Mara Isa Cardoso.<\/div>\n<div><\/div>\n<div>A reuni\u00e3o tratou de quest\u00f5es relacionadas \u00e0 conten\u00e7\u00e3o de enchentes e \u00e0 revitaliza\u00e7\u00e3o das bacias hidrogr\u00e1ficas dos rios Muria\u00e9, Preto e Gl\u00f3ria &#8211; a\u00e7\u00f5es contempladas no projeto or\u00e7ado em R$300 milh\u00f5es, que ainda carece da concess\u00e3o de licen\u00e7a ambiental de instala\u00e7\u00e3o para come\u00e7ar a ser executado.<\/div>\n<div><\/div>\n<div>Ap\u00f3s a audi\u00eancia na Setop, Grego declarou estar otimista em rela\u00e7\u00e3o ao andamento das atividades. &#8220;Saio daqui confiante de que este projeto se concretizar\u00e1, considerando a sua grandeza e o benef\u00edcio que ele trar\u00e1 para Muria\u00e9 e regi\u00e3o, em especial para aqueles que moram \u00e0s margens do rio&#8221;, pontua. &#8220;O secret\u00e1rio Murilo Valadares foi sol\u00edcito, receptivo e est\u00e1 sens\u00edvel \u00e0 necessidade da implanta\u00e7\u00e3o deste trabalho na nossa cidade&#8221;, completa.<\/div>\n<div><\/div>\n","protected":false},"excerpt":{"rendered":"<p>Em viagem a Belo Horizonte nesta segunda-feira (13), Grego esteve na Cidade Administrativa de Minas Gerais, sede do governo estadual, onde compareceu \u00e0 Secretaria de Estado de Transportes e Obras P\u00fablicas (Setop). O prefeito de Muria\u00e9 se reuniu com o secret\u00e1rio Murilo Valadares, em encontro que teve tamb\u00e9m as presen\u00e7as do deputado federal Misael Varella [&hellip;]<\/p>\n","protected":false},"author":6,"featured_media":31743,"comment_status":"open","ping_status":"closed","sticky":false,"template":"","format":"standard","meta":{"_joinchat":[],"footnotes":""},"categories":[1],"tags":[],"class_list":["post-31742","post","type-post","status-publish","format-standard","has-post-thumbnail","hentry","category-sem-categoria"],"_links":{"self":[{"href":"http:\/\/folhadosudeste.com\/site\/index.php?rest_route=\/wp\/v2\/posts\/31742","targetHints":{"allow":["GET"]}}],"collection":[{"href":"http:\/\/folhadosudeste.com\/site\/index.php?rest_route=\/wp\/v2\/posts"}],"about":[{"href":"http:\/\/folhadosudeste.com\/site\/index.php?rest_route=\/wp\/v2\/types\/post"}],"author":[{"embeddable":true,"href":"http:\/\/folhadosudeste.com\/site\/index.php?rest_route=\/wp\/v2\/users\/6"}],"replies":[{"embeddable":true,"href":"http:\/\/folhadosudeste.com\/site\/index.php?rest_route=%2Fwp%2Fv2%2Fcomments&post=31742"}],"version-history":[{"count":1,"href":"http:\/\/folhadosudeste.com\/site\/index.php?rest_route=\/wp\/v2\/posts\/31742\/revisions"}],"predecessor-version":[{"id":31744,"href":"http:\/\/folhadosudeste.com\/site\/index.php?rest_route=\/wp\/v2\/posts\/31742\/revisions\/31744"}],"wp:featuredmedia":[{"embeddable":true,"href":"http:\/\/folhadosudeste.com\/site\/index.php?rest_route=\/wp\/v2\/media\/31743"}],"wp:attachment":[{"href":"http:\/\/folhadosudeste.com\/site\/index.php?rest_route=%2Fwp%2Fv2%2Fmedia&parent=31742"}],"wp:term":[{"taxonomy":"category","embeddable":true,"href":"http:\/\/folhadosudeste.com\/site\/index.php?rest_route=%2Fwp%2Fv2%2Fcategories&post=31742"},{"taxonomy":"post_tag","embeddable":true,"href":"http:\/\/folhadosudeste.com\/site\/index.php?rest_route=%2Fwp%2Fv2%2Ftags&post=31742"}],"curies":[{"name":"wp","href":"https:\/\/api.w.org\/{rel}","templated":true}]}}