{"id":31754,"date":"2017-02-15T16:49:23","date_gmt":"2017-02-15T16:49:23","guid":{"rendered":"http:\/\/folhadosudeste.com\/site\/?p=31754"},"modified":"2017-02-15T16:49:23","modified_gmt":"2017-02-15T16:49:23","slug":"prefeitura-de-muriae-firma-parceria-com-o-projeto-centro-dia-da-apae","status":"publish","type":"post","link":"http:\/\/folhadosudeste.com\/site\/?p=31754","title":{"rendered":"Prefeitura de Muria\u00e9 firma parceria com o projeto Centro Dia da APAE"},"content":{"rendered":"<p style=\"text-align: justify;\"><a href=\"http:\/\/folhadosudeste.com\/site\/wp-content\/uploads\/2017\/02\/apae.5.jpg\"><img loading=\"lazy\" decoding=\"async\" class=\"aligncenter wp-image-31755 size-full\" src=\"http:\/\/folhadosudeste.com\/site\/wp-content\/uploads\/2017\/02\/apae.5.jpg\" alt=\"apae.5\" width=\"1280\" height=\"768\" srcset=\"http:\/\/folhadosudeste.com\/site\/wp-content\/uploads\/2017\/02\/apae.5.jpg 1280w, http:\/\/folhadosudeste.com\/site\/wp-content\/uploads\/2017\/02\/apae.5-300x180.jpg 300w, http:\/\/folhadosudeste.com\/site\/wp-content\/uploads\/2017\/02\/apae.5-1024x614.jpg 1024w\" sizes=\"auto, (max-width: 1280px) 100vw, 1280px\" \/><\/a><\/p>\n<p style=\"text-align: justify;\">O projeto \u201cCentro Dia\u201d da APAE que \u00e9 um servi\u00e7o de conviv\u00eancia e fortalecimento de v\u00ednculos que oferece assist\u00eancia a mais de 60 pessoas com defici\u00eancia e suas fam\u00edlias passa a contar com a parceria da Prefeitura de Muria\u00e9. O principal objetivo do conv\u00eanio \u00e9 a participa\u00e7\u00e3o da administra\u00e7\u00e3o p\u00fablica no social urbano.<\/p>\n<p style=\"text-align: justify;\">Em reuni\u00e3o realizada, nesta ter\u00e7a-feira (14), com o prefeito Grego, as institui\u00e7\u00f5es estreitaram la\u00e7os para que a Administra\u00e7\u00e3o disponibilize profissionais como professores de m\u00fasica e auxiliares, estagi\u00e1rios e servi\u00e7os gerais.<\/p>\n<p style=\"text-align: justify;\">Tamb\u00e9m participaram das tomadas de decis\u00f5es o vice-prefeito, Marcos Guarino, a secret\u00e1ria de Desenvolvimento Social, Gisele Braga, a secret\u00e1ria de Educa\u00e7\u00e3o, Maria da Concei\u00e7\u00e3o (Nininha), o controlador e secret\u00e1rio de Planejamento, Silvio Salvato, juntamente com \u00a0representantes da APAE: Messias Vardiero (presidente), Sonia Abreu (diretora) e Marise Andrade (assistente social).<\/p>\n<p style=\"text-align: justify;\">O Centro Dia atende \u00e0s pessoas com defici\u00eancia que conclu\u00edram o per\u00edodo escolar.\u00a0 Atualmente, a APAE acompanha, em m\u00e9dia, 60 jovens e adultos, com idades entre 18 e 60 anos.<\/p>\n<p style=\"text-align: justify;\">\n","protected":false},"excerpt":{"rendered":"<p>O projeto \u201cCentro Dia\u201d da APAE que \u00e9 um servi\u00e7o de conviv\u00eancia e fortalecimento de v\u00ednculos que oferece assist\u00eancia a mais de 60 pessoas com defici\u00eancia e suas fam\u00edlias passa a contar com a parceria da Prefeitura de Muria\u00e9. O principal objetivo do conv\u00eanio \u00e9 a participa\u00e7\u00e3o da administra\u00e7\u00e3o p\u00fablica no social urbano. Em reuni\u00e3o [&hellip;]<\/p>\n","protected":false},"author":6,"featured_media":31755,"comment_status":"open","ping_status":"closed","sticky":false,"template":"","format":"standard","meta":{"_joinchat":[],"footnotes":""},"categories":[1],"tags":[],"class_list":["post-31754","post","type-post","status-publish","format-standard","has-post-thumbnail","hentry","category-sem-categoria"],"_links":{"self":[{"href":"http:\/\/folhadosudeste.com\/site\/index.php?rest_route=\/wp\/v2\/posts\/31754","targetHints":{"allow":["GET"]}}],"collection":[{"href":"http:\/\/folhadosudeste.com\/site\/index.php?rest_route=\/wp\/v2\/posts"}],"about":[{"href":"http:\/\/folhadosudeste.com\/site\/index.php?rest_route=\/wp\/v2\/types\/post"}],"author":[{"embeddable":true,"href":"http:\/\/folhadosudeste.com\/site\/index.php?rest_route=\/wp\/v2\/users\/6"}],"replies":[{"embeddable":true,"href":"http:\/\/folhadosudeste.com\/site\/index.php?rest_route=%2Fwp%2Fv2%2Fcomments&post=31754"}],"version-history":[{"count":1,"href":"http:\/\/folhadosudeste.com\/site\/index.php?rest_route=\/wp\/v2\/posts\/31754\/revisions"}],"predecessor-version":[{"id":31756,"href":"http:\/\/folhadosudeste.com\/site\/index.php?rest_route=\/wp\/v2\/posts\/31754\/revisions\/31756"}],"wp:featuredmedia":[{"embeddable":true,"href":"http:\/\/folhadosudeste.com\/site\/index.php?rest_route=\/wp\/v2\/media\/31755"}],"wp:attachment":[{"href":"http:\/\/folhadosudeste.com\/site\/index.php?rest_route=%2Fwp%2Fv2%2Fmedia&parent=31754"}],"wp:term":[{"taxonomy":"category","embeddable":true,"href":"http:\/\/folhadosudeste.com\/site\/index.php?rest_route=%2Fwp%2Fv2%2Fcategories&post=31754"},{"taxonomy":"post_tag","embeddable":true,"href":"http:\/\/folhadosudeste.com\/site\/index.php?rest_route=%2Fwp%2Fv2%2Ftags&post=31754"}],"curies":[{"name":"wp","href":"https:\/\/api.w.org\/{rel}","templated":true}]}}