{"id":31802,"date":"2017-02-17T14:20:43","date_gmt":"2017-02-17T14:20:43","guid":{"rendered":"http:\/\/folhadosudeste.com\/site\/?p=31802"},"modified":"2017-02-17T14:49:25","modified_gmt":"2017-02-17T14:49:25","slug":"47o-bpm-realizada-solenidade-de-passagem-de-comando-da-unidade","status":"publish","type":"post","link":"http:\/\/folhadosudeste.com\/site\/?p=31802","title":{"rendered":"47\u00ba BPM: Realizada solenidade de passagem de comando da unidade"},"content":{"rendered":"<p style=\"text-align: justify;\"><a href=\"http:\/\/folhadosudeste.com\/site\/wp-content\/uploads\/2017\/02\/BATALH\u00c3O.jpg\"><img loading=\"lazy\" decoding=\"async\" class=\"aligncenter size-full wp-image-31817\" src=\"http:\/\/folhadosudeste.com\/site\/wp-content\/uploads\/2017\/02\/BATALH\u00c3O.jpg\" alt=\"BATALH\u00c3O\" width=\"620\" height=\"243\" srcset=\"http:\/\/folhadosudeste.com\/site\/wp-content\/uploads\/2017\/02\/BATALH\u00c3O.jpg 620w, http:\/\/folhadosudeste.com\/site\/wp-content\/uploads\/2017\/02\/BATALH\u00c3O-300x117.jpg 300w\" sizes=\"auto, (max-width: 620px) 100vw, 620px\" \/><\/a><\/p>\n<p style=\"text-align: justify;\">Aconteceu na manh\u00e3 do dia 10\/02, na sede do 47\u00ba BPM, a Solenidade de Passagem de Comando da Unidade, a qual foi presidida pelo Comandante da 4\u00aa Regi\u00e3o de Pol\u00edcia Militar do Estado de Minas Gerais, Coronel PM Alexandre Noscelli, onde o Tenente Coronel PM Ranieri M\u00e1rcio da Cruz passou o Comando do Batalh\u00e3o para o Tenente Coronel PM Joedson Flaviano Gomes, oriundo do Centro de Gest\u00e3o de Documentos em Belo Horizonte.<\/p>\n<p style=\"text-align: justify;\">Estiveram presentes familiares dos oficiais substitu\u00eddo e substituto, al\u00e9m de v\u00e1rias autoridades Civis e Militares, bem como, e aproximadamente 200 convidados. Ainda dentro da pauta da solenidade, foi entregue ao Ten Cel Ranieri a r\u00e9plica da Ins\u00edgnia do Comandante, a qual simboliza a presen\u00e7a do Comando da Unidade no aquartelamento, e uma placa de reconhecimento pelos relevantes servi\u00e7os prestados no Comando do 47\u00ba BPM, oferecida por todos integrantes do Batalh\u00e3o.<\/p>\n<p style=\"text-align: justify;\">Veja mais na edi\u00e7\u00e3o 745 jornal Folha do Sudeste<\/p>\n<p style=\"text-align: justify;\"><img decoding=\"async\" class=\"ngg_displayed_gallery mceItem\" src=\"http:\/\/folhadosudeste.com\/site\/index.php\/nextgen-attach_to_post\/preview\/id--32289\" alt=\"\" \/><\/p>\n","protected":false},"excerpt":{"rendered":"<p>Aconteceu na manh\u00e3 do dia 10\/02, na sede do 47\u00ba BPM, a Solenidade de Passagem de Comando da Unidade, a qual foi presidida pelo Comandante da 4\u00aa Regi\u00e3o de Pol\u00edcia Militar do Estado de Minas Gerais, Coronel PM Alexandre Noscelli, onde o Tenente Coronel PM Ranieri M\u00e1rcio da Cruz passou o Comando do Batalh\u00e3o para [&hellip;]<\/p>\n","protected":false},"author":2,"featured_media":31817,"comment_status":"open","ping_status":"closed","sticky":false,"template":"","format":"standard","meta":{"_joinchat":[],"footnotes":""},"categories":[1],"tags":[],"class_list":["post-31802","post","type-post","status-publish","format-standard","has-post-thumbnail","hentry","category-sem-categoria"],"_links":{"self":[{"href":"http:\/\/folhadosudeste.com\/site\/index.php?rest_route=\/wp\/v2\/posts\/31802","targetHints":{"allow":["GET"]}}],"collection":[{"href":"http:\/\/folhadosudeste.com\/site\/index.php?rest_route=\/wp\/v2\/posts"}],"about":[{"href":"http:\/\/folhadosudeste.com\/site\/index.php?rest_route=\/wp\/v2\/types\/post"}],"author":[{"embeddable":true,"href":"http:\/\/folhadosudeste.com\/site\/index.php?rest_route=\/wp\/v2\/users\/2"}],"replies":[{"embeddable":true,"href":"http:\/\/folhadosudeste.com\/site\/index.php?rest_route=%2Fwp%2Fv2%2Fcomments&post=31802"}],"version-history":[{"count":2,"href":"http:\/\/folhadosudeste.com\/site\/index.php?rest_route=\/wp\/v2\/posts\/31802\/revisions"}],"predecessor-version":[{"id":32290,"href":"http:\/\/folhadosudeste.com\/site\/index.php?rest_route=\/wp\/v2\/posts\/31802\/revisions\/32290"}],"wp:featuredmedia":[{"embeddable":true,"href":"http:\/\/folhadosudeste.com\/site\/index.php?rest_route=\/wp\/v2\/media\/31817"}],"wp:attachment":[{"href":"http:\/\/folhadosudeste.com\/site\/index.php?rest_route=%2Fwp%2Fv2%2Fmedia&parent=31802"}],"wp:term":[{"taxonomy":"category","embeddable":true,"href":"http:\/\/folhadosudeste.com\/site\/index.php?rest_route=%2Fwp%2Fv2%2Fcategories&post=31802"},{"taxonomy":"post_tag","embeddable":true,"href":"http:\/\/folhadosudeste.com\/site\/index.php?rest_route=%2Fwp%2Fv2%2Ftags&post=31802"}],"curies":[{"name":"wp","href":"https:\/\/api.w.org\/{rel}","templated":true}]}}