{"id":31916,"date":"2017-02-17T14:24:14","date_gmt":"2017-02-17T14:24:14","guid":{"rendered":"http:\/\/folhadosudeste.com\/site\/?p=31916"},"modified":"2017-02-17T14:51:38","modified_gmt":"2017-02-17T14:51:38","slug":"proposta-de-reajuste-dos-servidores-e-aprovada-em-assembleia-do-ssp-de-muriae-e-regiao","status":"publish","type":"post","link":"http:\/\/folhadosudeste.com\/site\/?p=31916","title":{"rendered":"Proposta de reajuste dos servidores \u00e9 aprovada em Assembl\u00e9ia do SSP de Muria\u00e9 e Regi\u00e3o"},"content":{"rendered":"<p style=\"text-align: justify;\"><a href=\"http:\/\/folhadosudeste.com\/site\/wp-content\/uploads\/2017\/02\/SINDICATO-DOS-SERVIDORES.jpg\"><br \/>\n<\/a> <a href=\"http:\/\/folhadosudeste.com\/site\/wp-content\/uploads\/2017\/02\/SINDICATO-EVENTO-II.jpg\"><img loading=\"lazy\" decoding=\"async\" class=\"aligncenter size-full wp-image-31922\" src=\"http:\/\/folhadosudeste.com\/site\/wp-content\/uploads\/2017\/02\/SINDICATO-EVENTO-II.jpg\" alt=\"SINDICATO - EVENTO II\" width=\"620\" height=\"239\" srcset=\"http:\/\/folhadosudeste.com\/site\/wp-content\/uploads\/2017\/02\/SINDICATO-EVENTO-II.jpg 620w, http:\/\/folhadosudeste.com\/site\/wp-content\/uploads\/2017\/02\/SINDICATO-EVENTO-II-300x115.jpg 300w\" sizes=\"auto, (max-width: 620px) 100vw, 620px\" \/><\/a><\/p>\n<p style=\"text-align: justify;\">O Sindicato dos Servidores P\u00fablicos de Muria\u00e9 e Regi\u00e3o (SSP) realizou, na tarde da \u00faltima quarta (15), uma assembl\u00e9ia com o objetivo de passar para os servidores a contra-proposta apresentada pelo atual prefeito, referente \u00e0 pauta de reivindica\u00e7\u00e3o apresentada no final do ano, protocolada na Prefeitura. Em reuni\u00e3o realizada na sexta-feira com o prefeito Grego e seus assessores, foi passada essa proposta a ser apresentada aos servidores para este ano de 2017.<\/p>\n<p style=\"text-align: justify;\">Segundo Dra. Simone Martins Gomes Muniz, advogada e assessora jur\u00eddica do Sindicato, o apresentado foi a revis\u00e3o anual no \u00edndice da infla\u00e7\u00e3o, 6.58%, incidido inclusive sobre o ticket alimenta\u00e7\u00e3o. As demais reivindica\u00e7\u00f5es ficaram de ser vistas durante a gest\u00e3o, no decorrer do ano.<\/p>\n<p style=\"text-align: justify;\">\u201cFicou tamb\u00e9m ajustado para a C\u00e2mara o projeto de lei para implementa\u00e7\u00e3o da insalubridade nos benef\u00edcios previdenci\u00e1rios do pessoal da Prefeitura, como j\u00e1 ocorre com o DEMSUR. J\u00e1 tenho uma reuni\u00e3o agendada com o procurador geral, na segunda-feira, \u00e0s 9h, e em breve j\u00e1 teremos uma posi\u00e7\u00e3o para os servidores. Ficamos muito satisfeitos com a grande presen\u00e7a deles, entendendo o atual cen\u00e1rio financeiro do pa\u00eds, aceitando a proposta. Esse reajuste vai vir j\u00e1 na folha do pagamento do m\u00eas de mar\u00e7o, porque a de fevereiro ser\u00e1 fechada para o dia 24 e n\u00e3o teve tempo suficiente para implementar esse aumento ainda no m\u00eas corrente. Neste m\u00eas de mar\u00e7o ser\u00e1 dado o reajuste para diferen\u00e7a de janeiro e fevereiro. O SSP ficou muito satisfeito com a participa\u00e7\u00e3o mais ativa dos servidores na reuni\u00e3o e sua compreens\u00e3o, mas as reuni\u00f5es continuam, n\u00e3o vamos parar por aqui. A pauta de reivindica\u00e7\u00e3o ser\u00e1 levada durante toda a gest\u00e3o do prefeito e contamos com o apoio do servidores para trabalharmos em conjunto\u201d, afirma Dra. Simone.<\/p>\n<p style=\"text-align: justify;\">Veja mais na edi\u00e7\u00e3o 745 jornal Folha do Sudeste<\/p>\n<p style=\"text-align: justify;\"><img decoding=\"async\" class=\"ngg_displayed_gallery mceItem\" src=\"http:\/\/folhadosudeste.com\/site\/index.php\/nextgen-attach_to_post\/preview\/id--32297\" alt=\"\" \/><\/p>\n","protected":false},"excerpt":{"rendered":"<p>O Sindicato dos Servidores P\u00fablicos de Muria\u00e9 e Regi\u00e3o (SSP) realizou, na tarde da \u00faltima quarta (15), uma assembl\u00e9ia com o objetivo de passar para os servidores a contra-proposta apresentada pelo atual prefeito, referente \u00e0 pauta de reivindica\u00e7\u00e3o apresentada no final do ano, protocolada na Prefeitura. Em reuni\u00e3o realizada na sexta-feira com o prefeito Grego [&hellip;]<\/p>\n","protected":false},"author":2,"featured_media":31922,"comment_status":"open","ping_status":"closed","sticky":false,"template":"","format":"standard","meta":{"_joinchat":[],"footnotes":""},"categories":[1],"tags":[],"class_list":["post-31916","post","type-post","status-publish","format-standard","has-post-thumbnail","hentry","category-sem-categoria"],"_links":{"self":[{"href":"http:\/\/folhadosudeste.com\/site\/index.php?rest_route=\/wp\/v2\/posts\/31916","targetHints":{"allow":["GET"]}}],"collection":[{"href":"http:\/\/folhadosudeste.com\/site\/index.php?rest_route=\/wp\/v2\/posts"}],"about":[{"href":"http:\/\/folhadosudeste.com\/site\/index.php?rest_route=\/wp\/v2\/types\/post"}],"author":[{"embeddable":true,"href":"http:\/\/folhadosudeste.com\/site\/index.php?rest_route=\/wp\/v2\/users\/2"}],"replies":[{"embeddable":true,"href":"http:\/\/folhadosudeste.com\/site\/index.php?rest_route=%2Fwp%2Fv2%2Fcomments&post=31916"}],"version-history":[{"count":2,"href":"http:\/\/folhadosudeste.com\/site\/index.php?rest_route=\/wp\/v2\/posts\/31916\/revisions"}],"predecessor-version":[{"id":32298,"href":"http:\/\/folhadosudeste.com\/site\/index.php?rest_route=\/wp\/v2\/posts\/31916\/revisions\/32298"}],"wp:featuredmedia":[{"embeddable":true,"href":"http:\/\/folhadosudeste.com\/site\/index.php?rest_route=\/wp\/v2\/media\/31922"}],"wp:attachment":[{"href":"http:\/\/folhadosudeste.com\/site\/index.php?rest_route=%2Fwp%2Fv2%2Fmedia&parent=31916"}],"wp:term":[{"taxonomy":"category","embeddable":true,"href":"http:\/\/folhadosudeste.com\/site\/index.php?rest_route=%2Fwp%2Fv2%2Fcategories&post=31916"},{"taxonomy":"post_tag","embeddable":true,"href":"http:\/\/folhadosudeste.com\/site\/index.php?rest_route=%2Fwp%2Fv2%2Ftags&post=31916"}],"curies":[{"name":"wp","href":"https:\/\/api.w.org\/{rel}","templated":true}]}}