{"id":31924,"date":"2017-02-17T14:26:34","date_gmt":"2017-02-17T14:26:34","guid":{"rendered":"http:\/\/folhadosudeste.com\/site\/?p=31924"},"modified":"2017-02-17T14:56:25","modified_gmt":"2017-02-17T14:56:25","slug":"solenidade-de-posse-da-diretoria-executiva-e-conselho-fiscal-do-sindicato-dos-servidores-publicos-de-muriae-e-regiao","status":"publish","type":"post","link":"http:\/\/folhadosudeste.com\/site\/?p=31924","title":{"rendered":"Solenidade de Posse da Diretoria Executiva e Conselho Fiscal do Sindicato dos Servidores P\u00fablicos de Muria\u00e9 e Regi\u00e3o"},"content":{"rendered":"<p style=\"text-align: justify;\"><a href=\"http:\/\/folhadosudeste.com\/site\/wp-content\/uploads\/2017\/02\/SINDICATO-DOS-SERVIDORES.jpg\"><img loading=\"lazy\" decoding=\"async\" class=\"aligncenter size-full wp-image-31921\" src=\"http:\/\/folhadosudeste.com\/site\/wp-content\/uploads\/2017\/02\/SINDICATO-DOS-SERVIDORES.jpg\" alt=\"SINDICATO DOS SERVIDORES\" width=\"620\" height=\"229\" srcset=\"http:\/\/folhadosudeste.com\/site\/wp-content\/uploads\/2017\/02\/SINDICATO-DOS-SERVIDORES.jpg 620w, http:\/\/folhadosudeste.com\/site\/wp-content\/uploads\/2017\/02\/SINDICATO-DOS-SERVIDORES-300x110.jpg 300w\" sizes=\"auto, (max-width: 620px) 100vw, 620px\" \/><\/a><\/p>\n<p style=\"text-align: justify;\">Foi realizada, na noite do \u00faltimo s\u00e1bado (11), a Solenidade de Posse da Diretoria Executiva e Conselho Fiscal \u2013 Quinq\u00fc\u00eanio 2017\/2021 do Sindicato dos Servidores P\u00fablicos de Muria\u00e9 e Regi\u00e3o. A Posse aconteceu na sede do Sindicato no sal\u00e3o de eventos, onde aconteceu a cerimonia e entrega dos certificados para os membros que comp\u00f5em a nova diretoria.<\/p>\n<p style=\"text-align: justify;\">Ant\u00f4nio Jos\u00e9, presidente do MURIA\u00c9-PREV, agradeceu a todos na ocasi\u00e3o, destacando que se fez presente com uma grande satisfa\u00e7\u00e3o para prestigiar o companheiro Ronaldo a assumir de novo a lideran\u00e7a do Sindicato. \u201c\u00c9 o maior patrim\u00f4nio do Servidor P\u00fablico, muito importante para as conquistas salariais. Gostaria de desejar, em nome do MURIA\u00c9-PREV, grandes conquistas para os servidores, n\u00e3o s\u00f3 de Muria\u00e9, mas para toda regi\u00e3o\u201d, destacou.<\/p>\n<p style=\"text-align: justify;\">Simone Martins, assessora jur\u00eddica do Sindicato, tamb\u00e9m demonstrou o carinho com que todos se fizeram presentes em uma ocasi\u00e3o t\u00e3o especial. \u201cNo 4\u00b0 mandato de Ronaldo Alvarenga, ele continuar\u00e1 defendendo os direitos dos Servidores P\u00fablicos. E assim continuaremos, com muito amor e dedica\u00e7\u00e3o. Vamos ter mais 5 anos de muita luta\u201d, acrescenta.<\/p>\n<p style=\"text-align: justify;\">Dr. Paulo Roberto Alvarenga, tamb\u00e9m esteve presente, com a satisfa\u00e7\u00e3o de ver seu irm\u00e3o Ronaldo assumir novamente este dif\u00edcil desafio. \u201cEssa luta dele vem de muitos e muitos anos, tendo sido sempre bem sucedido\u201d, diz.<br \/>\nDr. Marcos Guarino, vice-prefeito de Muria\u00e9, agradeceu o presidente Ronaldo pelo trabalho que vem fazendo sempre com muita efici\u00eancia e transpar\u00eancia. \u201cNa Prefeitura de Muria\u00e9, todos sabemos da import\u00e2ncia do Sindicato. Parab\u00e9ns a todos e muito obrigado ao Ronaldo por ser um exemplo \u00e0 frente deste cargo\u201d, analisa.<\/p>\n<p style=\"text-align: justify;\">Grego, prefeito de Muria\u00e9, cumprimentou Ronaldo, como gestor do munic\u00edpio de Muria\u00e9, ressaltou a import\u00e2ncia dessa equipe. \u201cPassamos todos, Muria\u00e9, o estado e o nosso pa\u00eds, por uma crise sem precedentes. N\u00e3o poder\u00edamos dar esse reajuste, mas como assumimos esse compromisso durante a campanha, atrav\u00e9s da carta compromisso, negociamos com o sindicato o reajuste salarial com base no \u00edndice de 2016. Este reajuste ser\u00e1 no pagamento do m\u00eas de mar\u00e7o, al\u00e9m dos valores retroativos dos meses de janeiro e fevereiro. Quero pagar o sal\u00e1rio de fevereiro at\u00e9 o dia 24, por isso, n\u00e3o ser\u00e1 poss\u00edvel realinhar o reajuste ainda dentro deste m\u00eas. A prefeitura tamb\u00e9m j\u00e1 vem, desde o m\u00eas passado, colocando uma reserva, em uma conta poupan\u00e7a, referente ao 13\u00ba dos servidores, para que n\u00e3o tenhamos nenhuma surpresa desagrad\u00e1vel, como vem acontecendo em outras cidades e estados.\u201d<\/p>\n<p style=\"text-align: justify;\">O sindicalista Carlos Faissal, servidor da Copasa, agradeceu a todos, em especial ao amigo Ronaldo, companheiro de muitas lutas. \u201cEle \u00e9 o cora\u00e7\u00e3o do Sindicato, cuida muito bem do dinheiro p\u00fablico\u201d, conclui.<\/p>\n<p style=\"text-align: justify;\"><strong>DIRETORIA:<\/strong><br \/>\n<strong>Presidente:<\/strong> Ronaldo Jos\u00e9 Gon\u00e7alves Alvarenga<br \/>\n<strong>Vice-presidente:<\/strong> Luiz Ant\u00f4nio dos Santos<br \/>\n<strong>Secret\u00e1ria-geral:<\/strong> Sandra Suely da Silva<br \/>\n<strong>2\u00ba Secret\u00e1rio:<\/strong> Adriano Ellis da Silva<br \/>\n<strong>Tesoureiro:<\/strong> Aldair de Paula Lima<br \/>\n<strong>2\u00ba Tesoureiro:<\/strong> Marco Ant\u00f4nio da Silva<br \/>\n<strong>Diretor Social:<\/strong> Carlos Roberto de Souza<br \/>\n<strong>Membros suplentes:<\/strong> Ronaldo Rodrigues de Souza, Wellington Jos\u00e9 Vilela, Fabiana Quinupa Alves, Rodrigues Jos\u00e9 de Ara\u00fajo, Jos\u00e9 Geraldo Fagundes, Jorge Luciano da Silva e Emerson Adriano Braga.<br \/>\n<strong>Conselho Fiscal efetivo:<\/strong> Alcires Sebasti\u00e3o Pereira da Silva, Ronaldo Alves Soares e Jos\u00e9 Maria da Rocha.<br \/>\n<strong>Conselho Fiscal suplente:<\/strong> Maria da Concei\u00e7\u00e3o Aparecida da Silva, Ros\u00e2ngela Maria Gama de Oliveira e Elione Aparecida Bonato Resende.<br \/>\n<strong>Delegado representante efetivo:<\/strong> Maria Imaculada Duarte Leite e Lucirene Sebastiana de Souza Pedrosa.<br \/>\n<strong>Delegado representante suplente:<\/strong> Olinda Severino Brex\u00f3 Franquini e Vin\u00edcius de Oliveira Morais<\/p>\n<p style=\"text-align: justify;\">Veja mais na edi\u00e7\u00e3o 745 jornal Folha do Sudeste<\/p>\n<p style=\"text-align: justify;\"><img decoding=\"async\" class=\"ngg_displayed_gallery mceItem\" src=\"http:\/\/folhadosudeste.com\/site\/index.php\/nextgen-attach_to_post\/preview\/id--32299\" alt=\"\" \/><\/p>\n","protected":false},"excerpt":{"rendered":"<p>Foi realizada, na noite do \u00faltimo s\u00e1bado (11), a Solenidade de Posse da Diretoria Executiva e Conselho Fiscal \u2013 Quinq\u00fc\u00eanio 2017\/2021 do Sindicato dos Servidores P\u00fablicos de Muria\u00e9 e Regi\u00e3o. A Posse aconteceu na sede do Sindicato no sal\u00e3o de eventos, onde aconteceu a cerimonia e entrega dos certificados para os membros que comp\u00f5em a [&hellip;]<\/p>\n","protected":false},"author":2,"featured_media":32307,"comment_status":"open","ping_status":"closed","sticky":false,"template":"","format":"standard","meta":{"_joinchat":[],"footnotes":""},"categories":[1],"tags":[],"class_list":["post-31924","post","type-post","status-publish","format-standard","has-post-thumbnail","hentry","category-sem-categoria"],"_links":{"self":[{"href":"http:\/\/folhadosudeste.com\/site\/index.php?rest_route=\/wp\/v2\/posts\/31924","targetHints":{"allow":["GET"]}}],"collection":[{"href":"http:\/\/folhadosudeste.com\/site\/index.php?rest_route=\/wp\/v2\/posts"}],"about":[{"href":"http:\/\/folhadosudeste.com\/site\/index.php?rest_route=\/wp\/v2\/types\/post"}],"author":[{"embeddable":true,"href":"http:\/\/folhadosudeste.com\/site\/index.php?rest_route=\/wp\/v2\/users\/2"}],"replies":[{"embeddable":true,"href":"http:\/\/folhadosudeste.com\/site\/index.php?rest_route=%2Fwp%2Fv2%2Fcomments&post=31924"}],"version-history":[{"count":2,"href":"http:\/\/folhadosudeste.com\/site\/index.php?rest_route=\/wp\/v2\/posts\/31924\/revisions"}],"predecessor-version":[{"id":32300,"href":"http:\/\/folhadosudeste.com\/site\/index.php?rest_route=\/wp\/v2\/posts\/31924\/revisions\/32300"}],"wp:featuredmedia":[{"embeddable":true,"href":"http:\/\/folhadosudeste.com\/site\/index.php?rest_route=\/wp\/v2\/media\/32307"}],"wp:attachment":[{"href":"http:\/\/folhadosudeste.com\/site\/index.php?rest_route=%2Fwp%2Fv2%2Fmedia&parent=31924"}],"wp:term":[{"taxonomy":"category","embeddable":true,"href":"http:\/\/folhadosudeste.com\/site\/index.php?rest_route=%2Fwp%2Fv2%2Fcategories&post=31924"},{"taxonomy":"post_tag","embeddable":true,"href":"http:\/\/folhadosudeste.com\/site\/index.php?rest_route=%2Fwp%2Fv2%2Ftags&post=31924"}],"curies":[{"name":"wp","href":"https:\/\/api.w.org\/{rel}","templated":true}]}}