{"id":32309,"date":"2017-02-17T15:47:36","date_gmt":"2017-02-17T15:47:36","guid":{"rendered":"http:\/\/folhadosudeste.com\/site\/?p=32309"},"modified":"2017-02-17T15:47:36","modified_gmt":"2017-02-17T15:47:36","slug":"prefeito-vice-e-secretariado-se-reunem-e-determinam-acoes-e-agenda","status":"publish","type":"post","link":"http:\/\/folhadosudeste.com\/site\/?p=32309","title":{"rendered":"Prefeito, vice e secretariado se re\u00fanem e determinam a\u00e7\u00f5es e agenda"},"content":{"rendered":"<p><a href=\"http:\/\/folhadosudeste.com\/site\/wp-content\/uploads\/2017\/02\/IMG_1088.jpg\"><img loading=\"lazy\" decoding=\"async\" class=\"aligncenter wp-image-32310 size-full\" src=\"http:\/\/folhadosudeste.com\/site\/wp-content\/uploads\/2017\/02\/IMG_1088.jpg\" alt=\"IMG_1088\" width=\"3264\" height=\"2176\" srcset=\"http:\/\/folhadosudeste.com\/site\/wp-content\/uploads\/2017\/02\/IMG_1088.jpg 3264w, http:\/\/folhadosudeste.com\/site\/wp-content\/uploads\/2017\/02\/IMG_1088-300x200.jpg 300w, http:\/\/folhadosudeste.com\/site\/wp-content\/uploads\/2017\/02\/IMG_1088-1024x682.jpg 1024w\" sizes=\"auto, (max-width: 3264px) 100vw, 3264px\" \/><\/a><\/p>\n<p style=\"text-align: justify;\">Em reuni\u00e3o peri\u00f3dica com o secretariado municipal, o prefeito Grego falou sobre lisura nos setores administrativos, a instala\u00e7\u00e3o do preg\u00e3o eletr\u00f4nico e auditoria nos contratos que est\u00e3o em vigor. O momento foi prop\u00edcio para o vice-prefeito, Marcos Guarino, e, para cada secret\u00e1rio, comentarem sobre a agenda de eventos, a\u00e7\u00f5es e conquistas j\u00e1 preestabelecidas.<\/p>\n<p style=\"text-align: justify;\">Em foco a Audi\u00eancia P\u00fablica na C\u00e2mara para presta\u00e7\u00e3o de contas (22\/02); visita a CBA (17\/02), o curso \u201cTranspar\u00eancia na Administra\u00e7\u00e3o P\u00fablica\u201d, para o secretariado municipal, contabilistas e advogados e o Mutir\u00e3o da Cidadania, que dever\u00e1 ocorrer no dia 1\u00ba de maio.<\/p>\n<p style=\"text-align: justify;\">Tamb\u00e9m foram citados o aumento de funcion\u00e1rios para a limpeza urbana, a implanta\u00e7\u00e3o de novas lixeiras nas vias p\u00fablicas, a realiza\u00e7\u00e3o do Dia da \u00c1gua (22\/03 \u2013 ETA G\u00e1vea), o Dia de Campo (24\/03 \u2013 Belis\u00e1rio), a renova\u00e7\u00e3o da ilumina\u00e7\u00e3o urbana e a Municipaliza\u00e7\u00e3o do Tr\u00e2nsito em Muria\u00e9.<\/p>\n<p style=\"text-align: justify;\">\n","protected":false},"excerpt":{"rendered":"<p>Em reuni\u00e3o peri\u00f3dica com o secretariado municipal, o prefeito Grego falou sobre lisura nos setores administrativos, a instala\u00e7\u00e3o do preg\u00e3o eletr\u00f4nico e auditoria nos contratos que est\u00e3o em vigor. O momento foi prop\u00edcio para o vice-prefeito, Marcos Guarino, e, para cada secret\u00e1rio, comentarem sobre a agenda de eventos, a\u00e7\u00f5es e conquistas j\u00e1 preestabelecidas. Em foco [&hellip;]<\/p>\n","protected":false},"author":6,"featured_media":32310,"comment_status":"open","ping_status":"closed","sticky":false,"template":"","format":"standard","meta":{"_joinchat":[],"footnotes":""},"categories":[1],"tags":[],"class_list":["post-32309","post","type-post","status-publish","format-standard","has-post-thumbnail","hentry","category-sem-categoria"],"_links":{"self":[{"href":"http:\/\/folhadosudeste.com\/site\/index.php?rest_route=\/wp\/v2\/posts\/32309","targetHints":{"allow":["GET"]}}],"collection":[{"href":"http:\/\/folhadosudeste.com\/site\/index.php?rest_route=\/wp\/v2\/posts"}],"about":[{"href":"http:\/\/folhadosudeste.com\/site\/index.php?rest_route=\/wp\/v2\/types\/post"}],"author":[{"embeddable":true,"href":"http:\/\/folhadosudeste.com\/site\/index.php?rest_route=\/wp\/v2\/users\/6"}],"replies":[{"embeddable":true,"href":"http:\/\/folhadosudeste.com\/site\/index.php?rest_route=%2Fwp%2Fv2%2Fcomments&post=32309"}],"version-history":[{"count":1,"href":"http:\/\/folhadosudeste.com\/site\/index.php?rest_route=\/wp\/v2\/posts\/32309\/revisions"}],"predecessor-version":[{"id":32311,"href":"http:\/\/folhadosudeste.com\/site\/index.php?rest_route=\/wp\/v2\/posts\/32309\/revisions\/32311"}],"wp:featuredmedia":[{"embeddable":true,"href":"http:\/\/folhadosudeste.com\/site\/index.php?rest_route=\/wp\/v2\/media\/32310"}],"wp:attachment":[{"href":"http:\/\/folhadosudeste.com\/site\/index.php?rest_route=%2Fwp%2Fv2%2Fmedia&parent=32309"}],"wp:term":[{"taxonomy":"category","embeddable":true,"href":"http:\/\/folhadosudeste.com\/site\/index.php?rest_route=%2Fwp%2Fv2%2Fcategories&post=32309"},{"taxonomy":"post_tag","embeddable":true,"href":"http:\/\/folhadosudeste.com\/site\/index.php?rest_route=%2Fwp%2Fv2%2Ftags&post=32309"}],"curies":[{"name":"wp","href":"https:\/\/api.w.org\/{rel}","templated":true}]}}