{"id":32318,"date":"2017-02-20T19:54:05","date_gmt":"2017-02-20T19:54:05","guid":{"rendered":"http:\/\/folhadosudeste.com\/site\/?p=32318"},"modified":"2017-02-20T19:54:05","modified_gmt":"2017-02-20T19:54:05","slug":"muriae-realiza-pre-carnaval-nas-ruas-da-cidade","status":"publish","type":"post","link":"http:\/\/folhadosudeste.com\/site\/?p=32318","title":{"rendered":"Muria\u00e9 realiza Pr\u00e9-carnaval nas ruas da cidade"},"content":{"rendered":"<p style=\"text-align: justify;\"><a href=\"http:\/\/folhadosudeste.com\/site\/wp-content\/uploads\/2017\/02\/IMG_1285.jpg\"><img loading=\"lazy\" decoding=\"async\" class=\"aligncenter wp-image-32319 size-full\" src=\"http:\/\/folhadosudeste.com\/site\/wp-content\/uploads\/2017\/02\/IMG_1285.jpg\" alt=\"IMG_1285\" width=\"3264\" height=\"2176\" srcset=\"http:\/\/folhadosudeste.com\/site\/wp-content\/uploads\/2017\/02\/IMG_1285.jpg 3264w, http:\/\/folhadosudeste.com\/site\/wp-content\/uploads\/2017\/02\/IMG_1285-300x200.jpg 300w, http:\/\/folhadosudeste.com\/site\/wp-content\/uploads\/2017\/02\/IMG_1285-1024x682.jpg 1024w\" sizes=\"auto, (max-width: 3264px) 100vw, 3264px\" \/><\/a><\/p>\n<p style=\"text-align: justify;\">O final de semana foi de festa e folia em Muria\u00e9. Um espet\u00e1culo de luzes, cores e som. A abertura oficial do Pr\u00e9-carnaval 2017 &#8211; Prefeitura\/Fundarte\/Liga das escolas de Samba, \u00e0s 22 horas, na Pra\u00e7a Jo\u00e3o Pinheiro, reuniu as autoridades no palco e as escolas de samba desfilando pela Rua Paschoal Bernardino at\u00e9 a Pra\u00e7a Jo\u00e3o Pinheiro. Desfilaram sexta-feira e s\u00e1bado as escolas Marambloco, Unidos do S\u00e3o Joaquim, Canarinhos do Samba, Agremia\u00e7\u00e3o Unidos do Santa Terezinha e Agremia\u00e7\u00e3o do Pagaio. O Executivo Municipal e Fundarte tamb\u00e9m apoiaram os blocos que tomaram as ruas da cidade. Na sexta, o Bloco do Reduto fez a festa na Rua Eud\u00f3xia Can\u00eado. No s\u00e1bado e domingo, desfilaram pelas vias p\u00fablicas o Bloco do Binha, da Mangua\u00e7a e Unidos do Sambacana. O domingo foi matin\u00ea para as crian\u00e7as. O embalo para o carnaval infantil foi feito pela banda Uni\u00e3o dos Artistas. A Pra\u00e7a Jo\u00e3o Pinheiro recebeu o p\u00fablico acompanhado dos pais e familiares.<\/p>\n<p style=\"text-align: justify;\">\n","protected":false},"excerpt":{"rendered":"<p>O final de semana foi de festa e folia em Muria\u00e9. Um espet\u00e1culo de luzes, cores e som. A abertura oficial do Pr\u00e9-carnaval 2017 &#8211; Prefeitura\/Fundarte\/Liga das escolas de Samba, \u00e0s 22 horas, na Pra\u00e7a Jo\u00e3o Pinheiro, reuniu as autoridades no palco e as escolas de samba desfilando pela Rua Paschoal Bernardino at\u00e9 a Pra\u00e7a [&hellip;]<\/p>\n","protected":false},"author":6,"featured_media":32319,"comment_status":"open","ping_status":"closed","sticky":false,"template":"","format":"standard","meta":{"_joinchat":[],"footnotes":""},"categories":[1],"tags":[],"class_list":["post-32318","post","type-post","status-publish","format-standard","has-post-thumbnail","hentry","category-sem-categoria"],"_links":{"self":[{"href":"http:\/\/folhadosudeste.com\/site\/index.php?rest_route=\/wp\/v2\/posts\/32318","targetHints":{"allow":["GET"]}}],"collection":[{"href":"http:\/\/folhadosudeste.com\/site\/index.php?rest_route=\/wp\/v2\/posts"}],"about":[{"href":"http:\/\/folhadosudeste.com\/site\/index.php?rest_route=\/wp\/v2\/types\/post"}],"author":[{"embeddable":true,"href":"http:\/\/folhadosudeste.com\/site\/index.php?rest_route=\/wp\/v2\/users\/6"}],"replies":[{"embeddable":true,"href":"http:\/\/folhadosudeste.com\/site\/index.php?rest_route=%2Fwp%2Fv2%2Fcomments&post=32318"}],"version-history":[{"count":1,"href":"http:\/\/folhadosudeste.com\/site\/index.php?rest_route=\/wp\/v2\/posts\/32318\/revisions"}],"predecessor-version":[{"id":32320,"href":"http:\/\/folhadosudeste.com\/site\/index.php?rest_route=\/wp\/v2\/posts\/32318\/revisions\/32320"}],"wp:featuredmedia":[{"embeddable":true,"href":"http:\/\/folhadosudeste.com\/site\/index.php?rest_route=\/wp\/v2\/media\/32319"}],"wp:attachment":[{"href":"http:\/\/folhadosudeste.com\/site\/index.php?rest_route=%2Fwp%2Fv2%2Fmedia&parent=32318"}],"wp:term":[{"taxonomy":"category","embeddable":true,"href":"http:\/\/folhadosudeste.com\/site\/index.php?rest_route=%2Fwp%2Fv2%2Fcategories&post=32318"},{"taxonomy":"post_tag","embeddable":true,"href":"http:\/\/folhadosudeste.com\/site\/index.php?rest_route=%2Fwp%2Fv2%2Ftags&post=32318"}],"curies":[{"name":"wp","href":"https:\/\/api.w.org\/{rel}","templated":true}]}}