{"id":33381,"date":"2017-02-25T12:20:53","date_gmt":"2017-02-25T12:20:53","guid":{"rendered":"http:\/\/folhadosudeste.com\/site\/?p=33381"},"modified":"2017-02-25T12:20:53","modified_gmt":"2017-02-25T12:20:53","slug":"70-anos-de-vilma-camerini","status":"publish","type":"post","link":"http:\/\/folhadosudeste.com\/site\/?p=33381","title":{"rendered":"70 anos de Vilma Camerini"},"content":{"rendered":"<p style=\"text-align: justify;\"><a href=\"http:\/\/folhadosudeste.com\/site\/wp-content\/uploads\/2017\/02\/70-ANOS.jpg\"><img loading=\"lazy\" decoding=\"async\" class=\"aligncenter size-full wp-image-33382\" src=\"http:\/\/folhadosudeste.com\/site\/wp-content\/uploads\/2017\/02\/70-ANOS.jpg\" alt=\"70 ANOS\" width=\"620\" height=\"268\" srcset=\"http:\/\/folhadosudeste.com\/site\/wp-content\/uploads\/2017\/02\/70-ANOS.jpg 620w, http:\/\/folhadosudeste.com\/site\/wp-content\/uploads\/2017\/02\/70-ANOS-300x129.jpg 300w\" sizes=\"auto, (max-width: 620px) 100vw, 620px\" \/><\/a><\/p>\n<p style=\"text-align: justify;\">Os 70 anos de Vilma Camerini foram comemorados no dia 18 de fevereiro, na Casa de Festas Jo\u00e3o e Sinh\u00e1, no Jo\u00e3o XXIII. A decora\u00e7\u00e3o ficou por conta de Nice e o Buffet de Fil\u00f3 Montezano (um delicioso coquetel, os doces foram confeccionados por Paula Andrade e os registros ficou por conta de Oliveiras Fotografia). Estiveram presentes o esposo Celso Abrantes, a filha Gisele (nutricionista), a netinha Lara, o genro Adriano Mansur, familiares e amigos, al\u00e9m de sua m\u00e3e, Ana Maria Sim\u00e3o Camerini, de 91 anos. Eles aproveitaram para comemorar e brindar os 39 anos de casados (Bodas de M\u00e1rmore) de Vilma e Celso. N\u00f3s, do Folha do Sudeste, parabenizamos pela data especial e desejamos muitas felicidades ao casal e que Deus conserve essa uni\u00e3o, derramando muitas b\u00ean\u00e7\u00e3os sobre sua fam\u00edlia e seu lar.<\/p>\n<p style=\"text-align: justify;\">\u201cQue nunca lhes falte motivos para sorrir, lembran\u00e7as para recordar, felicidade para compartilhar e sonhos para realizar. E que suas vidas sejam repletas de sa\u00fade, paz e esperan\u00e7a. Felicidades sempre!\u201c<\/p>\n<p style=\"text-align: justify;\">Uma homenagem de seus familiares<\/p>\n<p style=\"text-align: justify;\">Veja mais na edi\u00e7\u00e3o 746 do jornal Folha do Sudeste<\/p>\n<p style=\"text-align: justify;\"><img decoding=\"async\" class=\"ngg_displayed_gallery mceItem\" src=\"http:\/\/folhadosudeste.com\/site\/index.php\/nextgen-attach_to_post\/preview\/id--33383\" alt=\"\" \/><\/p>\n<p style=\"text-align: justify;\">\n","protected":false},"excerpt":{"rendered":"<p>Os 70 anos de Vilma Camerini foram comemorados no dia 18 de fevereiro, na Casa de Festas Jo\u00e3o e Sinh\u00e1, no Jo\u00e3o XXIII. A decora\u00e7\u00e3o ficou por conta de Nice e o Buffet de Fil\u00f3 Montezano (um delicioso coquetel, os doces foram confeccionados por Paula Andrade e os registros ficou por conta de Oliveiras Fotografia). [&hellip;]<\/p>\n","protected":false},"author":2,"featured_media":33382,"comment_status":"open","ping_status":"closed","sticky":false,"template":"","format":"standard","meta":{"_joinchat":[],"footnotes":""},"categories":[1],"tags":[],"class_list":["post-33381","post","type-post","status-publish","format-standard","has-post-thumbnail","hentry","category-sem-categoria"],"_links":{"self":[{"href":"http:\/\/folhadosudeste.com\/site\/index.php?rest_route=\/wp\/v2\/posts\/33381","targetHints":{"allow":["GET"]}}],"collection":[{"href":"http:\/\/folhadosudeste.com\/site\/index.php?rest_route=\/wp\/v2\/posts"}],"about":[{"href":"http:\/\/folhadosudeste.com\/site\/index.php?rest_route=\/wp\/v2\/types\/post"}],"author":[{"embeddable":true,"href":"http:\/\/folhadosudeste.com\/site\/index.php?rest_route=\/wp\/v2\/users\/2"}],"replies":[{"embeddable":true,"href":"http:\/\/folhadosudeste.com\/site\/index.php?rest_route=%2Fwp%2Fv2%2Fcomments&post=33381"}],"version-history":[{"count":1,"href":"http:\/\/folhadosudeste.com\/site\/index.php?rest_route=\/wp\/v2\/posts\/33381\/revisions"}],"predecessor-version":[{"id":33384,"href":"http:\/\/folhadosudeste.com\/site\/index.php?rest_route=\/wp\/v2\/posts\/33381\/revisions\/33384"}],"wp:featuredmedia":[{"embeddable":true,"href":"http:\/\/folhadosudeste.com\/site\/index.php?rest_route=\/wp\/v2\/media\/33382"}],"wp:attachment":[{"href":"http:\/\/folhadosudeste.com\/site\/index.php?rest_route=%2Fwp%2Fv2%2Fmedia&parent=33381"}],"wp:term":[{"taxonomy":"category","embeddable":true,"href":"http:\/\/folhadosudeste.com\/site\/index.php?rest_route=%2Fwp%2Fv2%2Fcategories&post=33381"},{"taxonomy":"post_tag","embeddable":true,"href":"http:\/\/folhadosudeste.com\/site\/index.php?rest_route=%2Fwp%2Fv2%2Ftags&post=33381"}],"curies":[{"name":"wp","href":"https:\/\/api.w.org\/{rel}","templated":true}]}}