{"id":33389,"date":"2017-02-25T12:23:46","date_gmt":"2017-02-25T12:23:46","guid":{"rendered":"http:\/\/folhadosudeste.com\/site\/?p=33389"},"modified":"2017-02-25T12:23:46","modified_gmt":"2017-02-25T12:23:46","slug":"inaugurado-supermercado-do-bazinho-no-bairro-santana","status":"publish","type":"post","link":"http:\/\/folhadosudeste.com\/site\/?p=33389","title":{"rendered":"Inaugurado Supermercado do Bazinho no bairro Santana"},"content":{"rendered":"<p style=\"text-align: justify;\"><a href=\"http:\/\/folhadosudeste.com\/site\/wp-content\/uploads\/2017\/02\/MERCADO-DO-BAZINHO.jpg\"><img loading=\"lazy\" decoding=\"async\" class=\"aligncenter size-full wp-image-33390\" src=\"http:\/\/folhadosudeste.com\/site\/wp-content\/uploads\/2017\/02\/MERCADO-DO-BAZINHO.jpg\" alt=\"MERCADO DO BAZINHO\" width=\"620\" height=\"293\" srcset=\"http:\/\/folhadosudeste.com\/site\/wp-content\/uploads\/2017\/02\/MERCADO-DO-BAZINHO.jpg 620w, http:\/\/folhadosudeste.com\/site\/wp-content\/uploads\/2017\/02\/MERCADO-DO-BAZINHO-300x141.jpg 300w\" sizes=\"auto, (max-width: 620px) 100vw, 620px\" \/><\/a><\/p>\n<p style=\"text-align: justify;\">O Supermercado Bazinho, que j\u00e1 conta com uma loja na Barra e outra no Dornelas, expandiu para mais um bairro: no dia 18\/02, o com\u00e9rcio foi inaugurado no bairro Santana, na Av. Dr. Nilo Pacheco de Medeiros, n\u00ba 312. Uma grande quantidade de mercadorias das melhores marcas est\u00e3o dispon\u00edveis para os clientes do bairro e adjac\u00eancias, al\u00e9m do melhor pre\u00e7o, condi\u00e7\u00f5es de pagamento e grandes promo\u00e7\u00f5es. Vale a pena conferir!<\/p>\n<p style=\"text-align: justify;\">Veja mais na edi\u00e7\u00e3o 746 do jornal Folha do Sudeste<\/p>\n<p style=\"text-align: justify;\"><img decoding=\"async\" class=\"ngg_displayed_gallery mceItem\" src=\"http:\/\/folhadosudeste.com\/site\/index.php\/nextgen-attach_to_post\/preview\/id--33392\" alt=\"\" \/><\/p>\n","protected":false},"excerpt":{"rendered":"<p>O Supermercado Bazinho, que j\u00e1 conta com uma loja na Barra e outra no Dornelas, expandiu para mais um bairro: no dia 18\/02, o com\u00e9rcio foi inaugurado no bairro Santana, na Av. Dr. Nilo Pacheco de Medeiros, n\u00ba 312. Uma grande quantidade de mercadorias das melhores marcas est\u00e3o dispon\u00edveis para os clientes do bairro e [&hellip;]<\/p>\n","protected":false},"author":2,"featured_media":33391,"comment_status":"open","ping_status":"closed","sticky":false,"template":"","format":"standard","meta":{"_joinchat":[],"footnotes":""},"categories":[1],"tags":[],"class_list":["post-33389","post","type-post","status-publish","format-standard","has-post-thumbnail","hentry","category-sem-categoria"],"_links":{"self":[{"href":"http:\/\/folhadosudeste.com\/site\/index.php?rest_route=\/wp\/v2\/posts\/33389","targetHints":{"allow":["GET"]}}],"collection":[{"href":"http:\/\/folhadosudeste.com\/site\/index.php?rest_route=\/wp\/v2\/posts"}],"about":[{"href":"http:\/\/folhadosudeste.com\/site\/index.php?rest_route=\/wp\/v2\/types\/post"}],"author":[{"embeddable":true,"href":"http:\/\/folhadosudeste.com\/site\/index.php?rest_route=\/wp\/v2\/users\/2"}],"replies":[{"embeddable":true,"href":"http:\/\/folhadosudeste.com\/site\/index.php?rest_route=%2Fwp%2Fv2%2Fcomments&post=33389"}],"version-history":[{"count":1,"href":"http:\/\/folhadosudeste.com\/site\/index.php?rest_route=\/wp\/v2\/posts\/33389\/revisions"}],"predecessor-version":[{"id":33393,"href":"http:\/\/folhadosudeste.com\/site\/index.php?rest_route=\/wp\/v2\/posts\/33389\/revisions\/33393"}],"wp:featuredmedia":[{"embeddable":true,"href":"http:\/\/folhadosudeste.com\/site\/index.php?rest_route=\/wp\/v2\/media\/33391"}],"wp:attachment":[{"href":"http:\/\/folhadosudeste.com\/site\/index.php?rest_route=%2Fwp%2Fv2%2Fmedia&parent=33389"}],"wp:term":[{"taxonomy":"category","embeddable":true,"href":"http:\/\/folhadosudeste.com\/site\/index.php?rest_route=%2Fwp%2Fv2%2Fcategories&post=33389"},{"taxonomy":"post_tag","embeddable":true,"href":"http:\/\/folhadosudeste.com\/site\/index.php?rest_route=%2Fwp%2Fv2%2Ftags&post=33389"}],"curies":[{"name":"wp","href":"https:\/\/api.w.org\/{rel}","templated":true}]}}