{"id":33394,"date":"2017-02-25T12:25:28","date_gmt":"2017-02-25T12:25:28","guid":{"rendered":"http:\/\/folhadosudeste.com\/site\/?p=33394"},"modified":"2017-02-25T12:25:28","modified_gmt":"2017-02-25T12:25:28","slug":"milhares-de-pessoas-caem-na-folia-com-os-blocos-de-muriae","status":"publish","type":"post","link":"http:\/\/folhadosudeste.com\/site\/?p=33394","title":{"rendered":"Milhares de pessoas caem na folia com os blocos de Muria\u00e9"},"content":{"rendered":"<p style=\"text-align: justify;\"><a href=\"http:\/\/folhadosudeste.com\/site\/wp-content\/uploads\/2017\/02\/BLOCO-DA-MANGUA\u00c7A.jpg\"><img loading=\"lazy\" decoding=\"async\" class=\"aligncenter size-full wp-image-33395\" src=\"http:\/\/folhadosudeste.com\/site\/wp-content\/uploads\/2017\/02\/BLOCO-DA-MANGUA\u00c7A.jpg\" alt=\"BLOCO DA MANGUA\u00c7A\" width=\"620\" height=\"284\" srcset=\"http:\/\/folhadosudeste.com\/site\/wp-content\/uploads\/2017\/02\/BLOCO-DA-MANGUA\u00c7A.jpg 620w, http:\/\/folhadosudeste.com\/site\/wp-content\/uploads\/2017\/02\/BLOCO-DA-MANGUA\u00c7A-300x137.jpg 300w, http:\/\/folhadosudeste.com\/site\/wp-content\/uploads\/2017\/02\/BLOCO-DA-MANGUA\u00c7A-272x125.jpg 272w\" sizes=\"auto, (max-width: 620px) 100vw, 620px\" \/><\/a><\/p>\n<p style=\"text-align: justify;\">O final de semana foi de festa e folia em Muria\u00e9. A Prefeitura e a Fundarte tamb\u00e9m apoiaram os blocos que tomaram as ruas da cidade. Na sexta, o Bloco do Reduto fez a festa na Rua Eud\u00f3xia Can\u00eado. No s\u00e1bado e domingo, desfilaram pelas vias p\u00fablicas o Bloco do Binha, da Mangua\u00e7a e Unidos do Samba Cana que se concentrou na Pra\u00e7a S\u00e3o Paulo.<\/p>\n<p style=\"text-align: justify;\">No domingo aconteceu o matin\u00ea para as crian\u00e7as, Marchinhas de Carnaval com a Banda Sociedade Musical Uni\u00e3o dos Artistas, na Pra\u00e7a Jo\u00e3o Pinheiro. Teve tamb\u00e9m premia\u00e7\u00e3o infantil das fantasias mais originais.<\/p>\n<p style=\"text-align: justify;\">Francisco Augusto (Chiquinho), l\u00edder do Unidos do Samba Cana, falou um pouco sobre seu bloco para nossa reportagem: \u201cO bloco \u2018Unidos do Samba Cana\u2019 foi totalmente aberto, sem restri\u00e7\u00e3o de p\u00fablico. Quem queria contribuir ficou num espa\u00e7o ao lado e n\u00e3o \u00e0 frente do palco, atrapalhando a apresenta\u00e7\u00e3o. Agradecemos o Renato do Beer Halls, um dos grandes respons\u00e1veis pelo espa\u00e7o (kombi e tenda). Nosso objetivo foi incentivar e unir todas as pessoas que fazem parte da tradi\u00e7\u00e3o carnavalesca de Muria\u00e9. Fizemos tudo de forma totalmente independente e sem fins lucrativos. A Fundarte colocou na agenda nossa programa\u00e7\u00e3o e disponibilizou os banheiros qu\u00edmicos. Contratamos a Banda da Pol\u00edcia de Miracema, que tocou, junto com o m\u00fasico Alexandre Louzada, com o pessoal do Sambloco. Depois teve o desfile das crian\u00e7as do Espa\u00e7o Arte e o Sambloco, puxado pelo Ricardo ( Samba Cana) e o Manga (do Marofagy), que cantou com a gente no come\u00e7o do nosso bloco. Integrou a bateria o M\u00e1rcio (fisiculturista) e Mateus Belinato, que s\u00e3o m\u00fasicos do bloco. Teve tamb\u00e9m o Humbertinho Sim\u00e3o, tamb\u00e9m participou da bateria. Tocamos at\u00e9 as 20h30. Agrade\u00e7o o apoio da PM e de todos os patrocinadores\u201d, explica.<\/p>\n<p style=\"text-align: justify;\">Veja mais na edi\u00e7\u00e3o 746 do jornal Folha do Sudeste<\/p>\n<p style=\"text-align: justify;\"><img decoding=\"async\" class=\"ngg_displayed_gallery mceItem\" src=\"http:\/\/folhadosudeste.com\/site\/index.php\/nextgen-attach_to_post\/preview\/id--33396\" alt=\"\" \/><\/p>\n","protected":false},"excerpt":{"rendered":"<p>O final de semana foi de festa e folia em Muria\u00e9. A Prefeitura e a Fundarte tamb\u00e9m apoiaram os blocos que tomaram as ruas da cidade. Na sexta, o Bloco do Reduto fez a festa na Rua Eud\u00f3xia Can\u00eado. No s\u00e1bado e domingo, desfilaram pelas vias p\u00fablicas o Bloco do Binha, da Mangua\u00e7a e Unidos [&hellip;]<\/p>\n","protected":false},"author":2,"featured_media":33395,"comment_status":"open","ping_status":"closed","sticky":false,"template":"","format":"standard","meta":{"_joinchat":[],"footnotes":""},"categories":[1],"tags":[],"class_list":["post-33394","post","type-post","status-publish","format-standard","has-post-thumbnail","hentry","category-sem-categoria"],"_links":{"self":[{"href":"http:\/\/folhadosudeste.com\/site\/index.php?rest_route=\/wp\/v2\/posts\/33394","targetHints":{"allow":["GET"]}}],"collection":[{"href":"http:\/\/folhadosudeste.com\/site\/index.php?rest_route=\/wp\/v2\/posts"}],"about":[{"href":"http:\/\/folhadosudeste.com\/site\/index.php?rest_route=\/wp\/v2\/types\/post"}],"author":[{"embeddable":true,"href":"http:\/\/folhadosudeste.com\/site\/index.php?rest_route=\/wp\/v2\/users\/2"}],"replies":[{"embeddable":true,"href":"http:\/\/folhadosudeste.com\/site\/index.php?rest_route=%2Fwp%2Fv2%2Fcomments&post=33394"}],"version-history":[{"count":1,"href":"http:\/\/folhadosudeste.com\/site\/index.php?rest_route=\/wp\/v2\/posts\/33394\/revisions"}],"predecessor-version":[{"id":33397,"href":"http:\/\/folhadosudeste.com\/site\/index.php?rest_route=\/wp\/v2\/posts\/33394\/revisions\/33397"}],"wp:featuredmedia":[{"embeddable":true,"href":"http:\/\/folhadosudeste.com\/site\/index.php?rest_route=\/wp\/v2\/media\/33395"}],"wp:attachment":[{"href":"http:\/\/folhadosudeste.com\/site\/index.php?rest_route=%2Fwp%2Fv2%2Fmedia&parent=33394"}],"wp:term":[{"taxonomy":"category","embeddable":true,"href":"http:\/\/folhadosudeste.com\/site\/index.php?rest_route=%2Fwp%2Fv2%2Fcategories&post=33394"},{"taxonomy":"post_tag","embeddable":true,"href":"http:\/\/folhadosudeste.com\/site\/index.php?rest_route=%2Fwp%2Fv2%2Ftags&post=33394"}],"curies":[{"name":"wp","href":"https:\/\/api.w.org\/{rel}","templated":true}]}}