{"id":33406,"date":"2017-02-25T12:29:57","date_gmt":"2017-02-25T12:29:57","guid":{"rendered":"http:\/\/folhadosudeste.com\/site\/?p=33406"},"modified":"2017-02-25T12:29:57","modified_gmt":"2017-02-25T12:29:57","slug":"muriae-sedia-seminario-regional-em-defesa-da-agricultura-familiar-da-zona-da-mata-mineira","status":"publish","type":"post","link":"http:\/\/folhadosudeste.com\/site\/?p=33406","title":{"rendered":"Muria\u00e9 Sedia Semin\u00e1rio Regional em Defesa da Agricultura Familiar da Zona da Mata Mineira"},"content":{"rendered":"<p style=\"text-align: justify;\"><a href=\"http:\/\/folhadosudeste.com\/site\/wp-content\/uploads\/2017\/02\/SEMIN\u00c1RIO.jpg\"><img loading=\"lazy\" decoding=\"async\" class=\"aligncenter size-full wp-image-33407\" src=\"http:\/\/folhadosudeste.com\/site\/wp-content\/uploads\/2017\/02\/SEMIN\u00c1RIO.jpg\" alt=\"SEMIN\u00c1RIO\" width=\"620\" height=\"242\" srcset=\"http:\/\/folhadosudeste.com\/site\/wp-content\/uploads\/2017\/02\/SEMIN\u00c1RIO.jpg 620w, http:\/\/folhadosudeste.com\/site\/wp-content\/uploads\/2017\/02\/SEMIN\u00c1RIO-300x117.jpg 300w\" sizes=\"auto, (max-width: 620px) 100vw, 620px\" \/><\/a><\/p>\n<p style=\"text-align: justify;\">Foi realizado, na sexta-feira (17\/2), no CEFAS Muria\u00e9, o Semin\u00e1rio Regional em Defesa da Agricultura Familiar da Zona da Mata Mineira, uma realiza\u00e7\u00e3o de v\u00e1rias entidades ligadas ao tema, como Cresol, CPT, CEIFAR-ZM, Unicafes, Fetraf MG e Infocos. Importantes autoridades estaduais e federais, representantes de movimentos e l\u00edderes de entidades marcaram presen\u00e7a para discutir o tema e expor o que se passa na atualidade.<\/p>\n<p style=\"text-align: justify;\">Segundo Get\u00falio Gomes Vieira, vice-presidente da Uni\u00e3o das Cooperativas da Agricultura Familiar e Economia Solid\u00e1ria de MG (Unicafes MG), o evento foi bastante produtivo apresentando, por exemplo, uma pesquisa dos impactos que a reforma proposta pelo governo Temer causar\u00e1 aos agricultores, munic\u00edpios e organiza\u00e7\u00f5es. Tamb\u00e9m foi apresentado o hist\u00f3rico das organiza\u00e7\u00f5es da agricultura familiar e economia solid\u00e1ria da nossa regi\u00e3o. \u201cTivemos participa\u00e7\u00e3o de v\u00e1rias personalidades e autoridades influentes, esclarecendo alguns quadros da atualidade. O objetivo foi criar uma integra\u00e7\u00e3o entre as organiza\u00e7\u00f5es da agricultura familiar da nossa regi\u00e3o e construir uma pauta coletiva para reivindicar junto aos Governos Estadual e Federal, autoridades e institui\u00e7\u00f5es competentes\u201d, explica.<\/p>\n<p style=\"text-align: justify;\">Para Jo\u00e3o Paulo, assessor parlamentar do deputado estadual Patrus Ananias, explicou que o dep. est\u00e1 muito preocupado com a pauta do Congresso Nacional na atualidade em rela\u00e7\u00e3o \u00e0 agricultura familiar, n\u00e3o s\u00f3 com rela\u00e7\u00e3o \u00e0s reformas que est\u00e3o sendo feitas pelo Governo \u2013 que, em sua an\u00e1lise, s\u00e3o contra-reformas da Previd\u00eancia, do Trabalho, dos Produtores Rurais e um pouco de continuidade ao que aconteceu ano passado com a PEC do teto dos gastos, o que seria uma tentativa de desconstruir toda a prote\u00e7\u00e3o social do trabalhador. \u201cViemos fazer um pouco da den\u00fancia de tudo isso, tentar conversar com o povo para que eles saibam o que est\u00e1 acontecendo, o que est\u00e1 em risco e em jogo no Congresso Nacional, para mobilizarmos e tentarmos mudar essa hist\u00f3ria de desmonte de todas as pol\u00edticas p\u00fablicas que est\u00e3o previstas desde a Constitui\u00e7\u00e3o de 1988. No processo de impeachment da ent\u00e3o presidente Dilma, tivemos uma divis\u00e3o muito grande no pa\u00eds, de acordo com as id\u00e9ias pol\u00edticas, mas agora est\u00e1 em jogo todo tipo de direito dos trabalhadores\u201d, afirma.<\/p>\n<p style=\"text-align: justify;\">Em sua avalia\u00e7\u00e3o, trata-se de uma previd\u00eancia social dos trabalhadores rurais que vai se extinguir e n\u00e3o haver\u00e1 mais possibilidade deles se aposentarem da mesma forma que hoje, com uma contribui\u00e7\u00e3o mensal peri\u00f3dica. \u201c Agora \u00e9 o momento de uma unidade de todos os trabalhadores, de toda a popula\u00e7\u00e3o brasileira, em um rumo s\u00f3, para manter o que temos desde 1988. De tentar fazer uma prote\u00e7\u00e3o do trabalhador rural igual a do trabalhador urbano\u201d, destaca.<\/p>\n<p style=\"text-align: justify;\">Juseleno Anacleto da Silva, de Espera Feliz MG, \u00e9 agricultor familiar e est\u00e1 atualmente na coordena\u00e7\u00e3o da Federa\u00e7\u00e3o dos Trabalhadores e Trabalhadoras da Agricultura Familiar de Minas Gerais (Fetraf MG \/ Cut). Ele comemora a realiza\u00e7\u00e3o de um semin\u00e1rio constru\u00eddo a v\u00e1rias m\u00e3os, com diversos parceiros e v\u00e1rias organiza\u00e7\u00f5es. \u201cEsse momento que estamos vivendo \u00e9 muito delicado, de desafios, de perda de direito dos trabalhadores, e hoje n\u00e3o falamos nem em avan\u00e7ar mais em direitos, mas pelo menos garantir aqueles que j\u00e1 est\u00e3o constitu\u00eddos, para n\u00e3o perder o que j\u00e1 temos. Nesse momento, esse semin\u00e1rio traz uma reflex\u00e3o dos desafios que estamos enfrentando por causa desse Governo desastroso que est\u00e1 a\u00ed, retirando os direitos dos trabalhadores rurais e de toda a classe trabalhadora, fazendo as pessoas trabalharem at\u00e9 14h \/ dia sem receber hora extra, sem sal\u00e1rio insalubridade e diversas quest\u00f5es. Quem vai negociar com os trabalhadores \u00e9 o pr\u00f3prio patr\u00e3o, ent\u00e3o quem precisa trabalhar e sustentar sua fam\u00edlia vai se colocar em diversas situa\u00e7\u00f5es de perda de direitos\u201d, prev\u00ea.<\/p>\n<p style=\"text-align: justify;\">Ele lembra tamb\u00e9m que a Zona da Mata Mineira \u00e9 uma regi\u00e3o de muita luta, mas tamb\u00e9m de grande produ\u00e7\u00e3o, alimenta\u00e7\u00e3o, de diversas organiza\u00e7\u00f5es e que atualmente vem retomar e puxar seu renome para que continue sendo um celeiro da agricultura familiar. \u201cMas vamos tamb\u00e9m reivindicar aos nossos representantes que voltem a fazer investimentos por aqui, na agricultura familiar, que sustenta mais de 80% dos alimentos que chegam na mesa de cada consumidor deste pa\u00eds. Desde o presidente at\u00e9 o varredor de rua, todos passam pela m\u00e3o da agricultura familiar. O agroneg\u00f3cio produz hoje para commodities, para exporta\u00e7\u00e3o e n\u00e3o chega na mesa dos brasileiros a maior parte deles. E os produtos da agricultura familiar t\u00eam muitas vezes falta de identifica\u00e7\u00e3o, dados que n\u00e3o aparecem no PIB nacional, mas soma no PIB do agroneg\u00f3cio do pa\u00eds, porque \u00e9 vendido para o com\u00e9rcio, para os atravessadores e assim se fala que eles produziram a quantidade X. Queremos a identifica\u00e7\u00e3o dos produtos da agricultura familiar, que tamb\u00e9m tenha um peso na balan\u00e7a comercial do pa\u00eds, pois permite sustentar com alimento saud\u00e1vel, de qualidade, agroecol\u00f3gicos e sem agrot\u00f3xicos\u201d, detalha.<\/p>\n<p style=\"text-align: justify;\">Juseleno tamb\u00e9m refor\u00e7a que a agricultura familiar na nossa regi\u00e3o \u00e9 uma reforma agr\u00e1ria pac\u00edfica. Como temos poucas grandes propriedades na regi\u00e3o, a maior parte delas j\u00e1 s\u00e3o divididas, de pai para filho, para netos e outros que foram comprando tamb\u00e9m seus peda\u00e7os. \u201cO objetivo \u00e9 nos fortalecermos para as lutas que est\u00e3o por vir. Estamos falando de reforma da previd\u00eancia e trabalhista, que detona com cada um de n\u00f3s. Nossa preocupa\u00e7\u00e3o \u00e9 principalmente com a juventude rural. Nossos filhos, o que ser\u00e1 deles? Um trabalhador rural poder\u00e1 se aposentar com 70 anos, quando ele chegar\u00e1 a isso? E ainda tem que contribuir para a previd\u00eancia social. Ele j\u00e1 sofre muito pelo investimento que tem de ser feito nas suas propriedades, na ro\u00e7a, e ainda ter que pagar. Temos tamb\u00e9m a perda de direitos das mulheres&#8230; \u00c9 a partir da\u00ed que temos que nos fortalecer nessa luta e garantir um futuro melhor\u201d, acrescenta.<\/p>\n<p style=\"text-align: justify;\">De acordo com Vanderley Ziger, do Instituto de Forma\u00e7\u00e3o do Cooperativismo \u2013 Sistema Cresol Paran\u00e1, de Francisco Beltr\u00e3o, divisa com a Argentina, esse \u00e9 um semin\u00e1rio que marca um momento importante o qual estamos passando no pa\u00eds, com essa efervesc\u00eancia pol\u00edtica, crise e amea\u00e7as com rela\u00e7\u00e3o \u00e0 perda de direitos. Ele v\u00ea como um semin\u00e1rio que traz \u00e0 tona uma s\u00e9rie de desafios que s\u00e3o colocados para a sociedade brasileira como um todo, mas de maneira geral para a agricultura familiar. \u201c\u00c9 um momento importante tamb\u00e9m para mobilizar dezenas de munic\u00edpios, lideran\u00e7as hist\u00f3ricas e jovens que v\u00eam compreendendo a import\u00e2ncia de estarmos unidos neste momento, unificar as agendas, as pautas e tratar de maneira aberta uma reflex\u00e3o sobre os erros que cometemos e onde precisamos melhorar. Trouxemos tem\u00e1ticas importantes, fazendo com que esse conjunto de lideran\u00e7as e entidades compreendam onde est\u00e3o os maiores desafios e, acima de tudo, renovando a milit\u00e2ncia, fazendo com que aqueles que estavam um pouco ausentes desse momento e dessa discuss\u00e3o, passem a participar com mais efetividade\u201d, reflete.<\/p>\n<p style=\"text-align: justify;\">Segundo ele, as entidades e os companheiros que caminham junto com o movimento t\u00eam um grande compromisso com os agricultores familiares, que \u00e9 justamente levar essas informa\u00e7\u00f5es a essa base social e mostrar aquilo que a imprensa n\u00e3o mostra, que n\u00e3o ser\u00e1 visto na TV \u2013 em sua observa\u00e7\u00e3o \u00e9 saber a que pre\u00e7o o &#8216;golpe&#8217; est\u00e1 sendo financiado, a que objetivo esse Governo est\u00e1 fazendo essas mudan\u00e7as e a quem elas v\u00e3o servir. \u201cCertamente n\u00e3o \u00e9 a nossa classe, a trabalhadora, nem a agricultura. Precisamos conversar com nossos agricultores e mostrar o que de fato est\u00e1 por tr\u00e1s das mudan\u00e7as, por exemplo, na previd\u00eancia social. O que de fato vai acontecer com a vida de um agricultor se forem aprovadas essas mudan\u00e7as. E, principalmente, n\u00e3o s\u00f3 a vida deles, essas mudan\u00e7as afetam a economia brasileira e a dos pequenos munic\u00edpios\u201d, adianta.<\/p>\n<p style=\"text-align: justify;\">Rog\u00e9rio Correia, deputado estadual (PT-MG), 1\u00ba secret\u00e1rio da Assembl\u00e9ia Legislativa, avaliou o evento como muito importante e produtivo, agradecendo a oportunidade de estar mais uma vez em Muria\u00e9, com os agricultores familiares de toda a regi\u00e3o e a participa\u00e7\u00e3o de mais de 40 munic\u00edpios. \u201cEsse semin\u00e1rio serviu como eixo para apresentar uma proposta de desenvolvimento regional. Eu tamb\u00e9m sou da Zona da Mata Mineira, minha fam\u00edlia \u00e9 de S\u00e3o Jo\u00e3o do Manhua\u00e7u, ent\u00e3o conhecemos bem a regi\u00e3o, que \u00e9 montanhosa e prop\u00edcia \u00e0 agricultura familiar. Aqui o agroneg\u00f3cio n\u00e3o entra muito, as montanhas nos protegem. Precisamos ter um desenvolvimento a partir da agricultura familiar, que seja moderna e possa produzir produtos agroecol\u00f3gicos, org\u00e2nicos e que eles possam inclusive ser exportados. Para isso, precisamos de agroind\u00fastrias em munic\u00edpios maiores, como \u00e9 o caso de Muria\u00e9, que \u00e9 um p\u00f3lo\u201d, avalia.<\/p>\n<p style=\"text-align: justify;\">Ele acredita que esse \u00e9 o desenvolvimento ideal para a regi\u00e3o, gerando muito mais emprego e renda do que, por exemplo, tentar trazer uma f\u00e1brica de autom\u00f3veis, que gera poucos empregos e n\u00e3o \u00e9 o foco da regi\u00e3o. \u201cPrecisamos ter um desenvolvimento que seja palat\u00e1vel com o que seja produzido, com as caracter\u00edsticas daqui, o que vemos, sem sombra de d\u00favidas, que \u00e9 a agricultura familiar. O semin\u00e1rio possibilitou apresentar essa proposta e eu, como deputado, quero apresent\u00e1-la junto ao governador Fernando Pimentel, porque precisamos de incentivo p\u00fablico. O Governo precisa estar presente para que as agroind\u00fastrias venham, os produtos org\u00e2nicos venham, e tenhamos o incentivo, a assist\u00eancia t\u00e9cnica. O Governo tem que fazer sua parte\u201d, exp\u00f5e.<\/p>\n<p style=\"text-align: justify;\">Rog\u00e9rio mostrou tamb\u00e9m muito otimismo com a Zona da Mata Mineira, mas lembra que \u00e9 preciso de planejamento e apoio. Comemorou tamb\u00e9m a oportunidade de discutir as lutas sociais, porque o mesmo est\u00e1 se avizinhando no Governo Federal a perda dos direitos dos trabalhadores e a pior delas, em sua opini\u00e3o, est\u00e1 sendo anunciada agora como Reforma da Previd\u00eancia, pois com ela os trabalhadores rurais e professores praticamente n\u00e3o seriam mais aposentados. \u201cCom idade avan\u00e7ada e tendo que contribuir muitos anos, quando chegar a ter o direito \u00e0 aposentadoria proporcional, o trabalhador rural j\u00e1 vai estar bem velhinho. Imagine tamb\u00e9m uma professora dando aula, pois, para ser integral, tem que contribuir 49 anos, ent\u00e3o teremos professoras com 75 anos na sala de aula e trabalhador pegando na enxada com essa idade. Quem vota isso? \u00c9 uma maldade o que esse Governo Temer est\u00e1 fazendo, um golpe. Tivemos tamb\u00e9m uma discuss\u00e3o do meu partido, pois estamos fazendo um congresso e nesse tempo de crise uma proposta para o PT ter mais enraizamento com os movimentos sociais e mais presen\u00e7a na base, para que possamos ter uma estrat\u00e9gia para o PT voltar. Acredito que voltaremos com o presidente Lula e teremos um programa para fazer ainda mais mudan\u00e7as positivas para o povo. \u00c9 uma pauta completa que fomos discutindo com os companheiros\u201d, completa.<\/p>\n<p style=\"text-align: justify;\">De acordo com Jo\u00e3o Paulo Dias da Fonseca, presidente da Cresol Fervedouro, tem diversas organiza\u00e7\u00f5es que trabalham com a agricultura familiar para poder propor um evento que possibilite um debate com as lideran\u00e7as do Sindicato dos Trabalhadores Rurais, cooperativa e associa\u00e7\u00f5es. \u201cFazer um debate diante dos grandes desafios que a agricultura familiar est\u00e1 devendo, principalmente com algumas imposi\u00e7\u00f5es do Governo Michel Temer, tirando o direito tanto dos homens, mas principalmente das mulheres do campo. Temos que fazer esse debate para reconstruir os movimentos da regi\u00e3o, para fortalecer nossa uni\u00e3o. As autoridades vieram representar importantes movimentos sociais e deram uma grande contribui\u00e7\u00e3o\u201d, finaliza. Ao final do evento foi feita uma carta de reivindica\u00e7\u00f5es que ser\u00e1 encaminhada as autoridades competente.<\/p>\n<p style=\"text-align: justify;\">Veja mais na edi\u00e7\u00e3o 746 do jornal Folha do Sudeste<\/p>\n<p style=\"text-align: justify;\"><img decoding=\"async\" class=\"ngg_displayed_gallery mceItem\" src=\"http:\/\/folhadosudeste.com\/site\/index.php\/nextgen-attach_to_post\/preview\/id--33408\" alt=\"\" \/><\/p>\n","protected":false},"excerpt":{"rendered":"<p>Foi realizado, na sexta-feira (17\/2), no CEFAS Muria\u00e9, o Semin\u00e1rio Regional em Defesa da Agricultura Familiar da Zona da Mata Mineira, uma realiza\u00e7\u00e3o de v\u00e1rias entidades ligadas ao tema, como Cresol, CPT, CEIFAR-ZM, Unicafes, Fetraf MG e Infocos. Importantes autoridades estaduais e federais, representantes de movimentos e l\u00edderes de entidades marcaram presen\u00e7a para discutir o [&hellip;]<\/p>\n","protected":false},"author":2,"featured_media":33407,"comment_status":"open","ping_status":"closed","sticky":false,"template":"","format":"standard","meta":{"_joinchat":[],"footnotes":""},"categories":[1],"tags":[],"class_list":["post-33406","post","type-post","status-publish","format-standard","has-post-thumbnail","hentry","category-sem-categoria"],"_links":{"self":[{"href":"http:\/\/folhadosudeste.com\/site\/index.php?rest_route=\/wp\/v2\/posts\/33406","targetHints":{"allow":["GET"]}}],"collection":[{"href":"http:\/\/folhadosudeste.com\/site\/index.php?rest_route=\/wp\/v2\/posts"}],"about":[{"href":"http:\/\/folhadosudeste.com\/site\/index.php?rest_route=\/wp\/v2\/types\/post"}],"author":[{"embeddable":true,"href":"http:\/\/folhadosudeste.com\/site\/index.php?rest_route=\/wp\/v2\/users\/2"}],"replies":[{"embeddable":true,"href":"http:\/\/folhadosudeste.com\/site\/index.php?rest_route=%2Fwp%2Fv2%2Fcomments&post=33406"}],"version-history":[{"count":1,"href":"http:\/\/folhadosudeste.com\/site\/index.php?rest_route=\/wp\/v2\/posts\/33406\/revisions"}],"predecessor-version":[{"id":33409,"href":"http:\/\/folhadosudeste.com\/site\/index.php?rest_route=\/wp\/v2\/posts\/33406\/revisions\/33409"}],"wp:featuredmedia":[{"embeddable":true,"href":"http:\/\/folhadosudeste.com\/site\/index.php?rest_route=\/wp\/v2\/media\/33407"}],"wp:attachment":[{"href":"http:\/\/folhadosudeste.com\/site\/index.php?rest_route=%2Fwp%2Fv2%2Fmedia&parent=33406"}],"wp:term":[{"taxonomy":"category","embeddable":true,"href":"http:\/\/folhadosudeste.com\/site\/index.php?rest_route=%2Fwp%2Fv2%2Fcategories&post=33406"},{"taxonomy":"post_tag","embeddable":true,"href":"http:\/\/folhadosudeste.com\/site\/index.php?rest_route=%2Fwp%2Fv2%2Ftags&post=33406"}],"curies":[{"name":"wp","href":"https:\/\/api.w.org\/{rel}","templated":true}]}}