{"id":33410,"date":"2017-02-25T12:30:58","date_gmt":"2017-02-25T12:30:58","guid":{"rendered":"http:\/\/folhadosudeste.com\/site\/?p=33410"},"modified":"2017-02-25T12:30:58","modified_gmt":"2017-02-25T12:30:58","slug":"inaugurada-estatua-de-cera-do-icone-muriaeense-lael-varella","status":"publish","type":"post","link":"http:\/\/folhadosudeste.com\/site\/?p=33410","title":{"rendered":"Inaugurada est\u00e1tua de cera do \u00edcone muriaeense Lael Varella"},"content":{"rendered":"<p style=\"text-align: justify;\"><a href=\"http:\/\/folhadosudeste.com\/site\/wp-content\/uploads\/2017\/02\/LAEL-VARELLA.jpg\"><img loading=\"lazy\" decoding=\"async\" class=\"aligncenter size-full wp-image-33411\" src=\"http:\/\/folhadosudeste.com\/site\/wp-content\/uploads\/2017\/02\/LAEL-VARELLA.jpg\" alt=\"LAEL VARELLA\" width=\"620\" height=\"269\" srcset=\"http:\/\/folhadosudeste.com\/site\/wp-content\/uploads\/2017\/02\/LAEL-VARELLA.jpg 620w, http:\/\/folhadosudeste.com\/site\/wp-content\/uploads\/2017\/02\/LAEL-VARELLA-300x130.jpg 300w\" sizes=\"auto, (max-width: 620px) 100vw, 620px\" \/><\/a><\/p>\n<p style=\"text-align: justify;\">O dia 17 de fevereiro foi mais uma data pra ficar marcada na hist\u00f3ria de Muria\u00e9, imortalizando a figura de uma de nossas personalidades mais importantes: o empres\u00e1rio e pol\u00edtico Lael Varella, com a inaugura\u00e7\u00e3o de um espa\u00e7o dedicado a ele no Memorial da Funda\u00e7\u00e3o Cristiano Varella, da qual tamb\u00e9m \u00e9 idealizador. Emo\u00e7\u00e3o, admira\u00e7\u00e3o e surpresa s\u00e3o sentimentos que acometem as pessoas ao passear por um cen\u00e1rio que abriga uma est\u00e1tua de cera, feita no Museu Madame Toussauds em Londres, muito bem esculpida e pr\u00f3xima do real, destacando sua linha do tempo de uma carreira vitoriosa ao longo destes 78 anos. Vale lembrar que o espa\u00e7o \u00e9 aberto ao p\u00fablico para visita\u00e7\u00e3o. Naquele dia tamb\u00e9m foi apresentada, a &#8220;B\u00ean\u00e7\u00e3o Apost\u00f3lica&#8221;, concedida pelo Santo Papa Francisco \u00e0 fam\u00edlia de Lael, que passa agora, a pertencer ao acervo do Memorial.<\/p>\n<p style=\"text-align: justify;\">Segundo Lael Varella, a diferen\u00e7a desta homenagem para as outras que recebeu, \u00e9 que, apesar das outras terem lhe feito muito bem, essa \u00e9 especial e diferenciada. \u201c Foi muito bonito, porque eu assisti a homenagem, ent\u00e3o agora me sinto um homem realizado. \u00c9 muito bom ver minha pr\u00f3pria imagem\u201d, afirma.<\/p>\n<p style=\"text-align: justify;\">Para Lael Filho , \u00e9 uma satisfa\u00e7\u00e3o e emo\u00e7\u00e3o muito grande ver n\u00e3o s\u00f3 a figura de Lael representado, mas saber a hist\u00f3ria que ele teve em toda sua vida, agora completando 78 anos de vida. \u201cE principalmente essa grande obra, que foi o Hospital do C\u00e2ncer, que traz muitos benef\u00edcios para toda a sociedade. Eu, como filho, s\u00f3 tenho a agradecer por ter um pai como ele. Desejo que ele possa completar muitos e muitos anos de vida.\u201d, define.<\/p>\n<p style=\"text-align: justify;\">Veja mais na edi\u00e7\u00e3o 746 do jornal Folha do Sudeste<\/p>\n<p style=\"text-align: justify;\"><img decoding=\"async\" class=\"ngg_displayed_gallery mceItem\" src=\"http:\/\/folhadosudeste.com\/site\/index.php\/nextgen-attach_to_post\/preview\/id--33412\" alt=\"\" \/><\/p>\n","protected":false},"excerpt":{"rendered":"<p>O dia 17 de fevereiro foi mais uma data pra ficar marcada na hist\u00f3ria de Muria\u00e9, imortalizando a figura de uma de nossas personalidades mais importantes: o empres\u00e1rio e pol\u00edtico Lael Varella, com a inaugura\u00e7\u00e3o de um espa\u00e7o dedicado a ele no Memorial da Funda\u00e7\u00e3o Cristiano Varella, da qual tamb\u00e9m \u00e9 idealizador. Emo\u00e7\u00e3o, admira\u00e7\u00e3o e [&hellip;]<\/p>\n","protected":false},"author":2,"featured_media":33411,"comment_status":"open","ping_status":"closed","sticky":false,"template":"","format":"standard","meta":{"_joinchat":[],"footnotes":""},"categories":[1],"tags":[],"class_list":["post-33410","post","type-post","status-publish","format-standard","has-post-thumbnail","hentry","category-sem-categoria"],"_links":{"self":[{"href":"http:\/\/folhadosudeste.com\/site\/index.php?rest_route=\/wp\/v2\/posts\/33410","targetHints":{"allow":["GET"]}}],"collection":[{"href":"http:\/\/folhadosudeste.com\/site\/index.php?rest_route=\/wp\/v2\/posts"}],"about":[{"href":"http:\/\/folhadosudeste.com\/site\/index.php?rest_route=\/wp\/v2\/types\/post"}],"author":[{"embeddable":true,"href":"http:\/\/folhadosudeste.com\/site\/index.php?rest_route=\/wp\/v2\/users\/2"}],"replies":[{"embeddable":true,"href":"http:\/\/folhadosudeste.com\/site\/index.php?rest_route=%2Fwp%2Fv2%2Fcomments&post=33410"}],"version-history":[{"count":1,"href":"http:\/\/folhadosudeste.com\/site\/index.php?rest_route=\/wp\/v2\/posts\/33410\/revisions"}],"predecessor-version":[{"id":33413,"href":"http:\/\/folhadosudeste.com\/site\/index.php?rest_route=\/wp\/v2\/posts\/33410\/revisions\/33413"}],"wp:featuredmedia":[{"embeddable":true,"href":"http:\/\/folhadosudeste.com\/site\/index.php?rest_route=\/wp\/v2\/media\/33411"}],"wp:attachment":[{"href":"http:\/\/folhadosudeste.com\/site\/index.php?rest_route=%2Fwp%2Fv2%2Fmedia&parent=33410"}],"wp:term":[{"taxonomy":"category","embeddable":true,"href":"http:\/\/folhadosudeste.com\/site\/index.php?rest_route=%2Fwp%2Fv2%2Fcategories&post=33410"},{"taxonomy":"post_tag","embeddable":true,"href":"http:\/\/folhadosudeste.com\/site\/index.php?rest_route=%2Fwp%2Fv2%2Ftags&post=33410"}],"curies":[{"name":"wp","href":"https:\/\/api.w.org\/{rel}","templated":true}]}}