{"id":33424,"date":"2017-03-03T11:28:13","date_gmt":"2017-03-03T11:28:13","guid":{"rendered":"http:\/\/folhadosudeste.com\/site\/?p=33424"},"modified":"2017-03-03T11:28:27","modified_gmt":"2017-03-03T11:28:27","slug":"posse-dos-diretores-e-vice-diretores-de-muriae-e-distritos","status":"publish","type":"post","link":"http:\/\/folhadosudeste.com\/site\/?p=33424","title":{"rendered":"Posse dos diretores e vice-diretores de Muria\u00e9 e distritos"},"content":{"rendered":"<p><a href=\"http:\/\/folhadosudeste.com\/site\/wp-content\/uploads\/2017\/03\/MAIOR.jpg\"><img loading=\"lazy\" decoding=\"async\" class=\"aligncenter wp-image-33425 size-full\" src=\"http:\/\/folhadosudeste.com\/site\/wp-content\/uploads\/2017\/03\/MAIOR.jpg\" alt=\"MAIOR\" width=\"800\" height=\"530\" srcset=\"http:\/\/folhadosudeste.com\/site\/wp-content\/uploads\/2017\/03\/MAIOR.jpg 800w, http:\/\/folhadosudeste.com\/site\/wp-content\/uploads\/2017\/03\/MAIOR-300x198.jpg 300w\" sizes=\"auto, (max-width: 800px) 100vw, 800px\" \/><\/a><\/p>\n<p>Foi realizada, na noite de quinta (23\/02), no Teatro Zaccaria Marques, a posse dos diretores e vice-diretores das 43 escolas de Muria\u00e9 e distritos. Uma das diretoras ser\u00e1 respons\u00e1vel pelas 10 escolas de campo e outras 33 s\u00e3o do munic\u00edpio e distritos. Portanto, s\u00e3o 34 diretoras e suas respectivas vices, que assumem um mandato de 4 anos, a partir de 2017 at\u00e9 2020.<\/p>\n<p>Segundo Maria da Concei\u00e7\u00e3o de Souza (Nininha), secret\u00e1ria municipal de Educa\u00e7\u00e3o, Esportes e Lazer, os diretores e vice-diretores assumiram no dia 2 fevereiro, mas a posse acabou sendo marcada para mais tarde porque ela preferiu fazer em uma data mais oportuna, por ser um momento especial. Para ela, \u00e9 importante a assinatura do Termo de Compromisso que eles t\u00eam de fazer, referente ao dever de conservar as escolas, zelar pelo seu bom funcionamento, bem como boa atua\u00e7\u00e3o dos funcion\u00e1rios e alunos, o que representa uma responsabilidade muito grande, por isso acha que assinar um papel \u00e9 muito pouco. <em>\u201cMais do que isso, precisamos conscientiz\u00e1-los em um momento importante como esse em suas vidas, pois eles est\u00e3o aqui para fazer a diferen\u00e7a. Foram todos indicados pelos seus m\u00e9ritos, sem pol\u00edtica nenhuma, da maneira que deveria ser feito. Alguns vice-diretores foram indicados pelas diretoras e outros tivemos a oportunidade de sugerir. Agradecemos o prefeito Grego, que foi muito parceiro. Fizemos v\u00e1rias reuni\u00f5es para que essas escolhas fossem concretizadas e agora estamos a\u00ed com uma equipe muito boa. \u00c9 necess\u00e1rio valorizar este momento, que \u00e9 divisor de \u00e1guas na vida deles, pois professores todos j\u00e1 somos, mas quando assumimos como diretores ou vices, a responsabilidade aumenta ainda mais na educa\u00e7\u00e3o. Somos n\u00f3s, educadores que fazemos a mudan\u00e7a na vida da crian\u00e7a, da fam\u00edlia e da sociedade\u201d,<\/em> explica.<\/p>\n<p>Nininha faz uma avalia\u00e7\u00e3o positiva nesses primeiros dias ap\u00f3s assumir seu cargo. Ela v\u00ea a educa\u00e7\u00e3o como um movimento, uma constru\u00e7\u00e3o, um processo. Com toda a anima\u00e7\u00e3o e uma equipe pedag\u00f3gica que tem plena confian\u00e7a por ser competente, para orientar as escolas em todos os projetos, ela lembra que j\u00e1 foi feita a capacita\u00e7\u00e3o dos 150 estagi\u00e1rios para acompanhar as crian\u00e7as das creches, da Educa\u00e7\u00e3o Infantil e alunos com certas dificuldades. Portanto, j\u00e1 foram preparados para trabalhar na 1\u00aa etapa, comprovando que, em pouco tempo, muito j\u00e1 se foi feito em termos de mobiliza\u00e7\u00e3o. <em>\u201cTodos gostam de valoriza\u00e7\u00e3o, e n\u00e3o \u00e9 s\u00f3 financeira. Damos valor n\u00e3o s\u00f3 pelo trabalho, mas tamb\u00e9m pelo jeito de agir, de conseguir contagiar, fazer com que tudo funcione perfeitamente. Os empossados ter\u00e3o muita liberdade para trabalhar e trocar experi\u00eancias. Estou sugerindo que tenham mais autonomia e confian\u00e7a em si mesmos, porque muitos estavam acostumados a esperar a secretaria definir tudo pela escola e n\u00e3o \u00e9 assim que deve acontecer. O pr\u00f3prio gestor \u00e9 que tem que dar conta. O secret\u00e1rio, subsecret\u00e1rio, equipe pedag\u00f3gica, enfim, o grupo que coordena est\u00e1 a\u00ed para dar o apoio, mas tudo acontece dentro da escola. No pouco tempo que trabalhamos at\u00e9 aqui, j\u00e1 deu pra perceber o grande empenho deles. As matr\u00edculas j\u00e1 aumentaram bastante. Consideramos que \u00e9 pouco tempo, mas j\u00e1 est\u00e1 muito bom\u201d,<\/em> afirma.<\/p>\n<p>Nininha tamb\u00e9m comemora os resultados do Carnaval, em que a E. E. Maria Augusta Silva Ara\u00fajo, do bairro Santa Terezinha, a qual completa 50 anos em 2017, foi homenageada pela a Escola de Samba Unidos do Santa Terezinha e veio \u00e0 avenida com \u00a0muito samba e muita anima\u00e7\u00e3o, composta de moradores do bairro e alunos. O tema foi a educa\u00e7\u00e3o, o que ela considera muito apropriado, pertinente e oportuno. <em>\u201cOs meninos e as meninas vieram caracterizados, dando um verdadeiro show, hoje aqui neste momento solene de posse. A escola tem que ser isso, proporcionar n\u00e3o s\u00f3 o aprender ler e escrever, mas tamb\u00e9m ter essa vis\u00e3o de mundo, conhecimento, letramento de cultura, de prazer, de alegria, e foi isso que eles demonstraram. Infelizmente acabou r\u00e1pido e pra eles foi muito bom, algo que contagia. O core\u00f3grafo j\u00e1 trabalhou comigo no Porto e muitos dos participantes foram tamb\u00e9m meus alunos. E a Shirley \u00e9 uma refer\u00eancia na \u00e1rea da cultura, algo que tem que ser muito valorizado\u201d,<\/em> destaca.<\/p>\n<p>A \u00e1rea de Esportes, ela tamb\u00e9m considera estar indo de vento em polpa. <em>\u201cEstamos trabalhando demais. J\u00e1 demos in\u00edcio \u00e0s ruas de lazer e vamos seguindo esse trabalho vitorioso\u201d,<\/em> completa.<\/p>\n<p><img decoding=\"async\" class=\"ngg_displayed_gallery mceItem\" src=\"http:\/\/folhadosudeste.com\/site\/index.php\/nextgen-attach_to_post\/preview\/id--33462\" alt=\"\" \/><\/p>\n","protected":false},"excerpt":{"rendered":"<p>Foi realizada, na noite de quinta (23\/02), no Teatro Zaccaria Marques, a posse dos diretores e vice-diretores das 43 escolas de Muria\u00e9 e distritos. Uma das diretoras ser\u00e1 respons\u00e1vel pelas 10 escolas de campo e outras 33 s\u00e3o do munic\u00edpio e distritos. Portanto, s\u00e3o 34 diretoras e suas respectivas vices, que assumem um mandato de [&hellip;]<\/p>\n","protected":false},"author":6,"featured_media":33425,"comment_status":"open","ping_status":"closed","sticky":false,"template":"","format":"standard","meta":{"_joinchat":[],"footnotes":""},"categories":[1],"tags":[],"class_list":["post-33424","post","type-post","status-publish","format-standard","has-post-thumbnail","hentry","category-sem-categoria"],"_links":{"self":[{"href":"http:\/\/folhadosudeste.com\/site\/index.php?rest_route=\/wp\/v2\/posts\/33424","targetHints":{"allow":["GET"]}}],"collection":[{"href":"http:\/\/folhadosudeste.com\/site\/index.php?rest_route=\/wp\/v2\/posts"}],"about":[{"href":"http:\/\/folhadosudeste.com\/site\/index.php?rest_route=\/wp\/v2\/types\/post"}],"author":[{"embeddable":true,"href":"http:\/\/folhadosudeste.com\/site\/index.php?rest_route=\/wp\/v2\/users\/6"}],"replies":[{"embeddable":true,"href":"http:\/\/folhadosudeste.com\/site\/index.php?rest_route=%2Fwp%2Fv2%2Fcomments&post=33424"}],"version-history":[{"count":1,"href":"http:\/\/folhadosudeste.com\/site\/index.php?rest_route=\/wp\/v2\/posts\/33424\/revisions"}],"predecessor-version":[{"id":33463,"href":"http:\/\/folhadosudeste.com\/site\/index.php?rest_route=\/wp\/v2\/posts\/33424\/revisions\/33463"}],"wp:featuredmedia":[{"embeddable":true,"href":"http:\/\/folhadosudeste.com\/site\/index.php?rest_route=\/wp\/v2\/media\/33425"}],"wp:attachment":[{"href":"http:\/\/folhadosudeste.com\/site\/index.php?rest_route=%2Fwp%2Fv2%2Fmedia&parent=33424"}],"wp:term":[{"taxonomy":"category","embeddable":true,"href":"http:\/\/folhadosudeste.com\/site\/index.php?rest_route=%2Fwp%2Fv2%2Fcategories&post=33424"},{"taxonomy":"post_tag","embeddable":true,"href":"http:\/\/folhadosudeste.com\/site\/index.php?rest_route=%2Fwp%2Fv2%2Ftags&post=33424"}],"curies":[{"name":"wp","href":"https:\/\/api.w.org\/{rel}","templated":true}]}}