{"id":33464,"date":"2017-03-03T11:31:51","date_gmt":"2017-03-03T11:31:51","guid":{"rendered":"http:\/\/folhadosudeste.com\/site\/?p=33464"},"modified":"2017-03-03T11:31:51","modified_gmt":"2017-03-03T11:31:51","slug":"carnaval-de-laranjal-e-um-verdadeiro-sucesso-na-regiao","status":"publish","type":"post","link":"http:\/\/folhadosudeste.com\/site\/?p=33464","title":{"rendered":"Carnaval de Laranjal \u00e9 um verdadeiro sucesso na regi\u00e3o"},"content":{"rendered":"<p><a href=\"http:\/\/folhadosudeste.com\/site\/wp-content\/uploads\/2017\/03\/MAIOR1.jpg\"><img loading=\"lazy\" decoding=\"async\" class=\"aligncenter wp-image-33465 size-full\" src=\"http:\/\/folhadosudeste.com\/site\/wp-content\/uploads\/2017\/03\/MAIOR1.jpg\" alt=\"MAIOR\" width=\"800\" height=\"530\" srcset=\"http:\/\/folhadosudeste.com\/site\/wp-content\/uploads\/2017\/03\/MAIOR1.jpg 800w, http:\/\/folhadosudeste.com\/site\/wp-content\/uploads\/2017\/03\/MAIOR1-300x198.jpg 300w\" sizes=\"auto, (max-width: 800px) 100vw, 800px\" \/><\/a><\/p>\n<p>O Carnaval de Laranjal agitou a regi\u00e3o neste feriad\u00e3o, entre os dias 24 e 27 de fevereiro e foi um verdadeiro sucesso, atraindo milhares de pessoas de toda a regi\u00e3o. Na sexta (24), aconteceu o aquecimento com todos os blocos e concentra\u00e7\u00e3o no Parque de Exposi\u00e7\u00f5es. No s\u00e1bado (25), a programa\u00e7\u00e3o come\u00e7ou com o Bloco Maromba e Samba Bloco, seguidos do Bloco Laranjalense e os shows de Banda Sintaliga e DJ Leandro Machado. J\u00e1 no domingo (26), o in\u00edcio se deu com a Matin\u00ea no Clube Laranjal, tendo sequ\u00eancia com o Bloco Camisa 10, show da Banda Batuque de 2 e Leandro DJ. Na segunda (27), foi a vez dos blocos Junto e Misturado, Vermelho e Branco, show da banda Marofagy e DJ Marreco. E, para encerrar com chave de ouro, na ter\u00e7a (28), teve a Matin\u00ea no Clube Laranjal, novamente todos os blocos concentrados no Parque de Exposi\u00e7\u00f5es, e os shows de Halvaro &amp; Rodriguez e DJ Wagner. A entrada foi franca todos os dias.<\/p>\n<p>Para o prefeito de Laranjal, Sud\u00e1rio Carneiro, \u00e9 uma grande alegria reinaugurar o carnaval de rua da cidade, um compromisso de campanha. <em>\u201cPrometemos e estamos cumprindo. Todos puderam se divertir e n\u00e3o tivemos nenhuma confus\u00e3o. Agrade\u00e7o a todos da regi\u00e3o que vieram prestigiar nossa festa\u201d,<\/em> destaca.<\/p>\n<p>O secret\u00e1rio municipal de Administra\u00e7\u00e3o, Caio \u00c1ureo, lembrou que n\u00e3o s\u00f3 o Carnaval, mas todas as festas tradicionais da cidade ter\u00e3o o empenho da equipe administrativa para serem uma excelente op\u00e7\u00e3o de entretenimento para o p\u00fablico da regi\u00e3o. Para ele, mesmo com o or\u00e7amento bem enxuto, foi poss\u00edvel realizar um carnaval agrad\u00e1vel, com atra\u00e7\u00f5es prazerosas para o p\u00fablico, resgatando a tradi\u00e7\u00e3o do munic\u00edpio e fazendo o melhor para a popula\u00e7\u00e3o. <em>\u201cTamb\u00e9m buscamos dar oportunidades para os artistas da cidade e para os barraqueiros, dando prefer\u00eancia a eles. Buscamos estar junto ao povo, atendendo \u00e0s expectativas. Agradecemos a todos os funcion\u00e1rios que se empenharam para esse carnaval acontecer, movimentando todo com\u00e9rcio da cidade\u201d,<\/em> acrescenta.<\/p>\n<p>Tiquinho, vocalista da banda Sintaliga, uma das atra\u00e7\u00f5es que animaram o carnaval de Laranjal, mostrou sua satisfa\u00e7\u00e3o de tocar na ocasi\u00e3o para um p\u00fablico t\u00e3o animado. <em>\u201cDepois de muitos anos sem ter festa, essa foi feita de forma muito organizada. Todos est\u00e3o de parab\u00e9ns. Tivemos marchinhas de carnaval, muito ax\u00e9, um pouco de sertanejo e fizemos um repert\u00f3rio bem legal\u201d,<\/em> afirma.<\/p>\n<p>O p\u00fablico aprovou a festa e se divertiu bastante durante os dias de folia. Segundo C\u00edntia, a programa\u00e7\u00e3o foi muito bacana, com repert\u00f3rio ecl\u00e9tico e muita m\u00fasica boa para agradar todas as idades. J\u00e1 Rayane Monteiro de Oliveira, 19 anos, disse que esse \u00e9 o melhor carnaval de Laranjal, com essa gest\u00e3o, e tem que ser assim todos os anos. Por sua vez, Rafael Lopes, 33 anos, do Rio de Janeiro, avaliou o Carnaval como muito bom. <em>\u201c\u00c9 o 3\u00b0 ano que venho direto. Geralmente \u00e9 no Parque de Exposi\u00e7\u00f5es, mas no centro da cidade foi bem melhor. Foi \u00f3timo e o carnaval de rua \u00e9 bem melhor\u201d,<\/em> completa.<\/p>\n<p><img decoding=\"async\" class=\"ngg_displayed_gallery mceItem\" src=\"http:\/\/folhadosudeste.com\/site\/index.php\/nextgen-attach_to_post\/preview\/id--33500\" alt=\"\" \/><\/p>\n","protected":false},"excerpt":{"rendered":"<p>O Carnaval de Laranjal agitou a regi\u00e3o neste feriad\u00e3o, entre os dias 24 e 27 de fevereiro e foi um verdadeiro sucesso, atraindo milhares de pessoas de toda a regi\u00e3o. Na sexta (24), aconteceu o aquecimento com todos os blocos e concentra\u00e7\u00e3o no Parque de Exposi\u00e7\u00f5es. No s\u00e1bado (25), a programa\u00e7\u00e3o come\u00e7ou com o Bloco [&hellip;]<\/p>\n","protected":false},"author":6,"featured_media":33465,"comment_status":"open","ping_status":"closed","sticky":false,"template":"","format":"standard","meta":{"_joinchat":[],"footnotes":""},"categories":[1],"tags":[],"class_list":["post-33464","post","type-post","status-publish","format-standard","has-post-thumbnail","hentry","category-sem-categoria"],"_links":{"self":[{"href":"http:\/\/folhadosudeste.com\/site\/index.php?rest_route=\/wp\/v2\/posts\/33464","targetHints":{"allow":["GET"]}}],"collection":[{"href":"http:\/\/folhadosudeste.com\/site\/index.php?rest_route=\/wp\/v2\/posts"}],"about":[{"href":"http:\/\/folhadosudeste.com\/site\/index.php?rest_route=\/wp\/v2\/types\/post"}],"author":[{"embeddable":true,"href":"http:\/\/folhadosudeste.com\/site\/index.php?rest_route=\/wp\/v2\/users\/6"}],"replies":[{"embeddable":true,"href":"http:\/\/folhadosudeste.com\/site\/index.php?rest_route=%2Fwp%2Fv2%2Fcomments&post=33464"}],"version-history":[{"count":1,"href":"http:\/\/folhadosudeste.com\/site\/index.php?rest_route=\/wp\/v2\/posts\/33464\/revisions"}],"predecessor-version":[{"id":33501,"href":"http:\/\/folhadosudeste.com\/site\/index.php?rest_route=\/wp\/v2\/posts\/33464\/revisions\/33501"}],"wp:featuredmedia":[{"embeddable":true,"href":"http:\/\/folhadosudeste.com\/site\/index.php?rest_route=\/wp\/v2\/media\/33465"}],"wp:attachment":[{"href":"http:\/\/folhadosudeste.com\/site\/index.php?rest_route=%2Fwp%2Fv2%2Fmedia&parent=33464"}],"wp:term":[{"taxonomy":"category","embeddable":true,"href":"http:\/\/folhadosudeste.com\/site\/index.php?rest_route=%2Fwp%2Fv2%2Fcategories&post=33464"},{"taxonomy":"post_tag","embeddable":true,"href":"http:\/\/folhadosudeste.com\/site\/index.php?rest_route=%2Fwp%2Fv2%2Ftags&post=33464"}],"curies":[{"name":"wp","href":"https:\/\/api.w.org\/{rel}","templated":true}]}}