{"id":33502,"date":"2017-03-03T11:35:03","date_gmt":"2017-03-03T11:35:03","guid":{"rendered":"http:\/\/folhadosudeste.com\/site\/?p=33502"},"modified":"2017-03-03T13:35:47","modified_gmt":"2017-03-03T13:35:47","slug":"grandes-atracoes-e-muita-folia-no-carnalimeira-2017","status":"publish","type":"post","link":"http:\/\/folhadosudeste.com\/site\/?p=33502","title":{"rendered":"Grandes atra\u00e7\u00f5es e muita folia no Carnalimeira 2017"},"content":{"rendered":"<p><a href=\"http:\/\/folhadosudeste.com\/site\/wp-content\/uploads\/2017\/03\/MAIOR.jpeg\"><img loading=\"lazy\" decoding=\"async\" class=\"aligncenter wp-image-33503 size-full\" src=\"http:\/\/folhadosudeste.com\/site\/wp-content\/uploads\/2017\/03\/MAIOR.jpeg\" alt=\"MAIOR\" width=\"800\" height=\"533\" srcset=\"http:\/\/folhadosudeste.com\/site\/wp-content\/uploads\/2017\/03\/MAIOR.jpeg 800w, http:\/\/folhadosudeste.com\/site\/wp-content\/uploads\/2017\/03\/MAIOR-300x199.jpeg 300w\" sizes=\"auto, (max-width: 800px) 100vw, 800px\" \/><\/a><\/p>\n<p style=\"text-align: justify;\">Entre os dias 25 e 28 de fevereiro, aconteceu o Carnalimeira 2017, que reuniu um grande p\u00fablico da regi\u00e3o. No s\u00e1bado (25), o show de Carlos Magalh\u00e3es abriu as festividades. No domingo (26), teve apresenta\u00e7\u00e3o dos blocos: Terceira Idade, junto com as crian\u00e7as, Bloco Seca Litro e o show dos Chapas do Brasil. Na segunda (27), foi a vez de L\u00e9o Show El\u00e9trico. E, para finalizar, na ter\u00e7a (28), Ismael Vocal contagiou a galera com muita anima\u00e7\u00e3o. Durante todas as noites, o p\u00fablico dan\u00e7ou muito ao som de DJ Filipi Massa.<\/p>\n<p style=\"text-align: justify;\">Carlos Magalh\u00e3es, da Bahia, j\u00e1 teria vindo \u00e0 Ros\u00e1rio da Limeira, junto a uma outra banda. H\u00e1 13 anos que est\u00e1 em Minas Gerais e \u00e9 a primeira vez que veio com a carreira solo. <em>\u201cVeio da Bahia cantar com a banda Beijo Apimentado, ficando 8 anos com eles e saiu para seguir carreira solo h\u00e1 2 anos. Gosta muito de tocar em cidade pequena, pois as pessoas sempre atendem com mais carinho. Aagradeceu a todos. Tocou um pouco de ax\u00e9, pois \u00e9 um pouco da Bahia e tocou m\u00fasicas misturadas: safad\u00e3o, forr\u00f3, Henrique &amp; Juliano, Jorge &amp; Mateus, e um pouco de funk tamb\u00e9m\u201d.<\/em><\/p>\n<p style=\"text-align: justify;\">O prefeito, Jos\u00e9 Maria, agradeceu a todos os secret\u00e1rios, aos organizadores e equipe da Prefeitura, que se empenharam em promover um bel\u00edssimo Carnaval. Agradece, tamb\u00e9m, a todos que compareceram para prestigiar o evento. Refor\u00e7a seu compromisso com a popula\u00e7\u00e3o e agora concentra seus esfor\u00e7os para promover melhorias para o munic\u00edpio.<\/p>\n<p><img decoding=\"async\" class=\"ngg_displayed_gallery mceItem\" src=\"http:\/\/folhadosudeste.com\/site\/index.php\/nextgen-attach_to_post\/preview\/id--33544\" alt=\"\" \/><\/p>\n","protected":false},"excerpt":{"rendered":"<p>Entre os dias 25 e 28 de fevereiro, aconteceu o Carnalimeira 2017, que reuniu um grande p\u00fablico da regi\u00e3o. No s\u00e1bado (25), o show de Carlos Magalh\u00e3es abriu as festividades. No domingo (26), teve apresenta\u00e7\u00e3o dos blocos: Terceira Idade, junto com as crian\u00e7as, Bloco Seca Litro e o show dos Chapas do Brasil. Na segunda [&hellip;]<\/p>\n","protected":false},"author":6,"featured_media":33503,"comment_status":"open","ping_status":"closed","sticky":false,"template":"","format":"standard","meta":{"_joinchat":[],"footnotes":""},"categories":[1],"tags":[],"class_list":["post-33502","post","type-post","status-publish","format-standard","has-post-thumbnail","hentry","category-sem-categoria"],"_links":{"self":[{"href":"http:\/\/folhadosudeste.com\/site\/index.php?rest_route=\/wp\/v2\/posts\/33502","targetHints":{"allow":["GET"]}}],"collection":[{"href":"http:\/\/folhadosudeste.com\/site\/index.php?rest_route=\/wp\/v2\/posts"}],"about":[{"href":"http:\/\/folhadosudeste.com\/site\/index.php?rest_route=\/wp\/v2\/types\/post"}],"author":[{"embeddable":true,"href":"http:\/\/folhadosudeste.com\/site\/index.php?rest_route=\/wp\/v2\/users\/6"}],"replies":[{"embeddable":true,"href":"http:\/\/folhadosudeste.com\/site\/index.php?rest_route=%2Fwp%2Fv2%2Fcomments&post=33502"}],"version-history":[{"count":2,"href":"http:\/\/folhadosudeste.com\/site\/index.php?rest_route=\/wp\/v2\/posts\/33502\/revisions"}],"predecessor-version":[{"id":33618,"href":"http:\/\/folhadosudeste.com\/site\/index.php?rest_route=\/wp\/v2\/posts\/33502\/revisions\/33618"}],"wp:featuredmedia":[{"embeddable":true,"href":"http:\/\/folhadosudeste.com\/site\/index.php?rest_route=\/wp\/v2\/media\/33503"}],"wp:attachment":[{"href":"http:\/\/folhadosudeste.com\/site\/index.php?rest_route=%2Fwp%2Fv2%2Fmedia&parent=33502"}],"wp:term":[{"taxonomy":"category","embeddable":true,"href":"http:\/\/folhadosudeste.com\/site\/index.php?rest_route=%2Fwp%2Fv2%2Fcategories&post=33502"},{"taxonomy":"post_tag","embeddable":true,"href":"http:\/\/folhadosudeste.com\/site\/index.php?rest_route=%2Fwp%2Fv2%2Ftags&post=33502"}],"curies":[{"name":"wp","href":"https:\/\/api.w.org\/{rel}","templated":true}]}}