{"id":33546,"date":"2017-03-03T11:56:44","date_gmt":"2017-03-03T11:56:44","guid":{"rendered":"http:\/\/folhadosudeste.com\/site\/?p=33546"},"modified":"2017-03-03T11:56:44","modified_gmt":"2017-03-03T11:56:44","slug":"carnavieiras-2017-agita-folioes-da-regiao-com-muita-alegria-e-diversao","status":"publish","type":"post","link":"http:\/\/folhadosudeste.com\/site\/?p=33546","title":{"rendered":"Carnavieiras 2017 agita foli\u00f5es da regi\u00e3o com muita alegria e divers\u00e3o"},"content":{"rendered":"<p><a href=\"http:\/\/folhadosudeste.com\/site\/wp-content\/uploads\/2017\/03\/MAIOR2.jpg\"><img loading=\"lazy\" decoding=\"async\" class=\"aligncenter wp-image-33547 size-full\" src=\"http:\/\/folhadosudeste.com\/site\/wp-content\/uploads\/2017\/03\/MAIOR2.jpg\" alt=\"MAIOR\" width=\"800\" height=\"533\" srcset=\"http:\/\/folhadosudeste.com\/site\/wp-content\/uploads\/2017\/03\/MAIOR2.jpg 800w, http:\/\/folhadosudeste.com\/site\/wp-content\/uploads\/2017\/03\/MAIOR2-300x199.jpg 300w\" sizes=\"auto, (max-width: 800px) 100vw, 800px\" \/><\/a><\/p>\n<p>O Carnavieiras 2017 veio com tudo, proporcionando muita divers\u00e3o, alegria e entretenimento para o p\u00fablico da regi\u00e3o. Realizado entre os dias 24 e 28, n\u00e3o faltaram grandes atra\u00e7\u00f5es.<\/p>\n<p>Durante os cinco dias o agito ficou por conta do Grupo Metais em Brasas e a Fanfarra da Farra no desfile do Bloco Boi Bumb\u00e1, um show \u00e0 parte que animou muitas fam\u00edlias e visitantes. A programa\u00e7\u00e3o contou com shows de D\u00e9bora. No \u00faltimo dia pra fechar com chave de ouro, aconteceu o Concurso \u201cMiss Piranha\u201d, com premia\u00e7\u00e3o em dinheiro para o 1\u00ba, 2\u00ba e 3\u00ba lugar. A locu\u00e7\u00e3o ficou por conta de Claudinho, que j\u00e1 faz esse trabalho h\u00e1 alguns anos para a prefeitura de Vieiras.<\/p>\n<p>Segundo o prefeito Adriano dos Santos, esse ano o carnaval coincidiu com seus primeiros 50 dias de administra\u00e7\u00e3o e, apesar da crise, ele arrumou um jeito de fazer a festa. <em>\u201cEstou muito feliz porque o nosso carnaval ficou de arrebentar. O carnaval\u00a0 \u00e9 uma festa popular e familiar que n\u00e3o podia faltar para o povo Vieirense, procuramos dar continuidade \u00e0 administra\u00e7\u00e3o do Nei, um grande amigo, que est\u00e1 sempre ao meu lado me apoiando. Conseguimos trazer bonecos novos para resgatar o carnaval tradicional de nossa cidade e apresenta\u00e7\u00e3o de shows, para encerrar nosso carnaval realizamos o concurso da \u201cMiss Piranha\u201d que tamb\u00e9m \u00e9 tradi\u00e7\u00e3o e que descontraiu muito o nosso p\u00fablico. Agora o foco \u00e9 concentrar no trabalho e nos projetos que temos \u00e0 frente\u201d,<\/em> explica.<\/p>\n<p>Para Waldinei Chicarelli (Nei), ex-prefeito de Vieiras, tendo administrado o munic\u00edpio durante 8 anos, e passando para seu amigo Adriano a responsabilidade de dar sequ\u00eancia ao maravilhoso trabalho realizado. <em>\u201cO Adriano est\u00e1 dando \u00f3tima continuidade ao Carnaval. Tamb\u00e9m fez o pagamento dos funcion\u00e1rios antes do feriad\u00e3o e quitou toda essa festa. Desejo que ele continue sendo essa pessoa humilde e agrade\u00e7o por tudo. Sempre vou estar apoiando meu amigo, pois ele est\u00e1 cada dia se empenhando mais, sendo melhor do que esper\u00e1vamos\u201d,<\/em> avalia.<\/p>\n<p>A cantora D\u00e9bora Salgado de Manhua\u00e7u MG, esteve pela segunda vez no munic\u00edpio, com um estilo de sertanejo universit\u00e1rio. <em>\u201cPreparei bastante ax\u00e9 tamb\u00e9m e o p\u00fablico respondeu muito bem. Agrade\u00e7o a excelente recep\u00e7\u00e3o que tive da administra\u00e7\u00e3o e do povo, espero voltar mais vezes\u201d,<\/em> acrescenta.<\/p>\n<p>Juliana Faria, secret\u00e1ria municipal de Cultura, agradeceu a todas as pessoas que estiveram presentes no evento, a popula\u00e7\u00e3o vieirense, os vieirenses ausentes e todos os visitantes que vieram prestigiar a festa. <em>\u201cAgrade\u00e7o a administra\u00e7\u00e3o pela confian\u00e7a em mim depositada pois ajudar a organizar o CarnaVieiras foi um prazer. O carnaval \u00e9 uma festa do povo e este ano procuramos renovar. Trouxemos a Nega Teresa, o boi e a mulinha, bonecos tradicionais em nossa cidade e as novidades: o peixe Betta, que \u00e9 a cara de Vieiras, representando a produ\u00e7\u00e3o de peixes ornamentais da cidade e distrito, al\u00e9m do namorado da Nega Teresa, o boneco Greg\u00f3rio. Estou muito feliz com a realiza\u00e7\u00e3o desta festa. Agrade\u00e7o aos grupos da Melhor Idade de Vieiras e regi\u00e3o e a todos os blocos que se apresentaram no CarnaVieiras 2017. Aos educadores e pais que se envolveram muito no projeto de fantasias com as crian\u00e7as. Ao pessoal da fanfarra e os que fizeram a brincadeira do Bloco Boi Bumb\u00e1, sou muito grata a todos. Agrade\u00e7o tamb\u00e9m ao pessoal da Policia Militar e ao Garra Seguran\u00e7a que nos apoiaram neste evento. Agrade\u00e7o cada um pela presen\u00e7a, pelo empenho e participa\u00e7\u00e3o,<\/em> completa.<\/p>\n<p><img decoding=\"async\" class=\"ngg_displayed_gallery mceItem\" src=\"http:\/\/folhadosudeste.com\/site\/index.php\/nextgen-attach_to_post\/preview\/id--33584\" alt=\"\" \/><\/p>\n","protected":false},"excerpt":{"rendered":"<p>O Carnavieiras 2017 veio com tudo, proporcionando muita divers\u00e3o, alegria e entretenimento para o p\u00fablico da regi\u00e3o. Realizado entre os dias 24 e 28, n\u00e3o faltaram grandes atra\u00e7\u00f5es. Durante os cinco dias o agito ficou por conta do Grupo Metais em Brasas e a Fanfarra da Farra no desfile do Bloco Boi Bumb\u00e1, um show [&hellip;]<\/p>\n","protected":false},"author":6,"featured_media":33547,"comment_status":"open","ping_status":"closed","sticky":false,"template":"","format":"standard","meta":{"_joinchat":[],"footnotes":""},"categories":[1],"tags":[],"class_list":["post-33546","post","type-post","status-publish","format-standard","has-post-thumbnail","hentry","category-sem-categoria"],"_links":{"self":[{"href":"http:\/\/folhadosudeste.com\/site\/index.php?rest_route=\/wp\/v2\/posts\/33546","targetHints":{"allow":["GET"]}}],"collection":[{"href":"http:\/\/folhadosudeste.com\/site\/index.php?rest_route=\/wp\/v2\/posts"}],"about":[{"href":"http:\/\/folhadosudeste.com\/site\/index.php?rest_route=\/wp\/v2\/types\/post"}],"author":[{"embeddable":true,"href":"http:\/\/folhadosudeste.com\/site\/index.php?rest_route=\/wp\/v2\/users\/6"}],"replies":[{"embeddable":true,"href":"http:\/\/folhadosudeste.com\/site\/index.php?rest_route=%2Fwp%2Fv2%2Fcomments&post=33546"}],"version-history":[{"count":1,"href":"http:\/\/folhadosudeste.com\/site\/index.php?rest_route=\/wp\/v2\/posts\/33546\/revisions"}],"predecessor-version":[{"id":33586,"href":"http:\/\/folhadosudeste.com\/site\/index.php?rest_route=\/wp\/v2\/posts\/33546\/revisions\/33586"}],"wp:featuredmedia":[{"embeddable":true,"href":"http:\/\/folhadosudeste.com\/site\/index.php?rest_route=\/wp\/v2\/media\/33547"}],"wp:attachment":[{"href":"http:\/\/folhadosudeste.com\/site\/index.php?rest_route=%2Fwp%2Fv2%2Fmedia&parent=33546"}],"wp:term":[{"taxonomy":"category","embeddable":true,"href":"http:\/\/folhadosudeste.com\/site\/index.php?rest_route=%2Fwp%2Fv2%2Fcategories&post=33546"},{"taxonomy":"post_tag","embeddable":true,"href":"http:\/\/folhadosudeste.com\/site\/index.php?rest_route=%2Fwp%2Fv2%2Ftags&post=33546"}],"curies":[{"name":"wp","href":"https:\/\/api.w.org\/{rel}","templated":true}]}}