{"id":33776,"date":"2017-03-10T13:55:23","date_gmt":"2017-03-10T13:55:23","guid":{"rendered":"http:\/\/folhadosudeste.com\/site\/?p=33776"},"modified":"2017-03-10T14:00:27","modified_gmt":"2017-03-10T14:00:27","slug":"primeiro-batismo-do-ano-2017-regiao-415-na-pessoa-do-rev-wilson-reis-leva-96-almas-as-aguas","status":"publish","type":"post","link":"http:\/\/folhadosudeste.com\/site\/?p=33776","title":{"rendered":"Primeiro Batismo do ano 2017 Regi\u00e3o 415, na pessoa do Rev. Wilson Reis, leva 96 almas \u00e0s \u00e1guas"},"content":{"rendered":"<p style=\"text-align: justify;\"><a href=\"http:\/\/folhadosudeste.com\/site\/wp-content\/uploads\/2017\/03\/IEQ-BATISMO.jpg\"><img loading=\"lazy\" decoding=\"async\" class=\"aligncenter size-full wp-image-34279\" src=\"http:\/\/folhadosudeste.com\/site\/wp-content\/uploads\/2017\/03\/IEQ-BATISMO.jpg\" alt=\"IEQ - BATISMO\" width=\"620\" height=\"284\" srcset=\"http:\/\/folhadosudeste.com\/site\/wp-content\/uploads\/2017\/03\/IEQ-BATISMO.jpg 620w, http:\/\/folhadosudeste.com\/site\/wp-content\/uploads\/2017\/03\/IEQ-BATISMO-300x137.jpg 300w, http:\/\/folhadosudeste.com\/site\/wp-content\/uploads\/2017\/03\/IEQ-BATISMO-272x125.jpg 272w\" sizes=\"auto, (max-width: 620px) 100vw, 620px\" \/><\/a><\/p>\n<p style=\"text-align: justify;\">O Minist\u00e9rio Quadrangular (Regi\u00e3o 415) realizou, no \u00faltimo domingo (5), no S\u00edtio Quadrangular, seu primeiro Batismo de 2017 \u2013 s\u00e3o realizados dois por ano, sendo um no m\u00eas de mar\u00e7o e outro em setembro. Desta vez, 96 almas desceram \u00e0s \u00e1guas do Batismo, cumprindo as promessas da Palavra de Deus, que diz: \u201cQuem crer e for batizado ser\u00e1 salvo; mas quem n\u00e3o crer ser\u00e1 condenado\u201d (Marcos 16:16). O l\u00edder do Minist\u00e9rio Quadrangular na regi\u00e3o, Rev. Wilson Reis, mostrou-se realizado com o resultado da prega\u00e7\u00e3o do Evangelho, mas ressalta que temos que permanecer no conhecimento atrav\u00e9s do Esp\u00edrito Santo, que, para crer, \u00e9 necess\u00e1rio ter a idade da maturidade, por isso n\u00e3o se leva uma crian\u00e7a para ser batizada. Ele lembra que Jesus Cristo foi batizado aos 30 anos, porque essa era a idade da raz\u00e3o na \u00e9poca, quando se tornava homem, podendo decidir sua vida, assim como Ele ap\u00f3s deixar a casa de seus pais, Jos\u00e9 e Maria, n\u00e3o voltando mais. \u201cAssim que Jesus foi batizado e saiu da \u00e1gua, naquele momento os c\u00e9us se abriram, e veio sobre Ele o Esp\u00edrito de Deus descendo como pomba e pousando sobre Ele. Ent\u00e3o uma voz dos c\u00e9us disse: \u2018Este \u00e9 o meu Filho amado, em quem me agrado\u2019&#8221; (Mateus 3:16,17). A partir dali, \u201cEnt\u00e3o foi conduzido Jesus pelo Esp\u00edrito ao deserto, para ser tentado pelo diabo\u201d. (Mateus 4:1). Quando volta, vem cheio do Esp\u00edrito Santo e come\u00e7a seu per\u00edodo de ensinamentos e curas.<\/p>\n<p style=\"text-align: justify;\">Rev. Wilson Reis refor\u00e7a que cada vida \u00e9 uma alma, um ser vivente, e o Batismo \u00e9 o selo daqueles que acreditaram nas promessas do Senhor. \u201cSentimo-nos realizados por mais esse Batismo, resultado da prega\u00e7\u00e3o do Evangelho do Senhor Jesus cristo. Vemos que Maria deu \u00e0 luz o filho de Deus, mas ela tamb\u00e9m precisaria ser batizada, porque era tamb\u00e9m um ser vivente. Se Jesus, o filho gerado nela, por obra do Esp\u00edrito Santo, desceu \u00e0s \u00e1guas, Ele que veio do c\u00e9u, quem seria ela pra dizer que n\u00e3o precisava do Esp\u00edrito Santo? E Jesus disse: \u201cE estes sinais seguir\u00e3o aos que crerem: Em meu nome expulsar\u00e3o os dem\u00f4nios; falar\u00e3o novas l\u00ednguas\u201d (Marcos 16:17). Ent\u00e3o tudo isso que aconteceu no S\u00edtio Quadrangular, com esse Batismo, \u00e9 o resultado da prega\u00e7\u00e3o do Evangelho. S\u00e3o pessoas que passam a crer de verdade nas palavras do Senhor, tomam posi\u00e7\u00e3o em suas vidas, porque trata-se do selo da salva\u00e7\u00e3o\u201d, afirma.<\/p>\n<p style=\"text-align: justify;\"><strong>S\u00edtio Quadrangular: um lugar de paz e tranquilidade\u00a0<\/strong><\/p>\n<p style=\"text-align: justify;\">Rev. Wilson Reis lembra tamb\u00e9m que o S\u00edtio n\u00e3o \u00e9 exclusividade da Igreja do Evangelho Quadrangular. Mesmo sendo constru\u00eddo pela IEQ Sede, trata-se de um espa\u00e7o do povo de Muria\u00e9, contando com um caseiro e novas obras de amplia\u00e7\u00e3o que est\u00e3o sendo concretizadas para que as pessoas possam desfrutar delas. O s\u00edtio conta com 300 leitos, 1 refeit\u00f3rio para 800 pessoas, 1 templo para 400 pessoas, 1 campo de futebol, tot\u00f3, sinuca, sauna, quadra coberta de 670m\u00b2, quiosque de 100m\u00b2, piscina de 100 mil litros, piscina para crian\u00e7as, \u00e1rea de lazer, etc. Em breve tamb\u00e9m estar\u00e1 funcionando um trenzinho, constru\u00eddo pelo pr\u00f3prio Rev. Wilson Reis, para alegria da crian\u00e7ada. Ele faz um convite para que todos venham conhecer o espa\u00e7o e as obras que ficar\u00e3o para sempre.<\/p>\n<p style=\"text-align: justify;\"><img decoding=\"async\" class=\"ngg_displayed_gallery mceItem\" src=\"http:\/\/folhadosudeste.com\/site\/index.php\/nextgen-attach_to_post\/preview\/id--34038\" alt=\"\" \/><\/p>\n","protected":false},"excerpt":{"rendered":"<p>O Minist\u00e9rio Quadrangular (Regi\u00e3o 415) realizou, no \u00faltimo domingo (5), no S\u00edtio Quadrangular, seu primeiro Batismo de 2017 \u2013 s\u00e3o realizados dois por ano, sendo um no m\u00eas de mar\u00e7o e outro em setembro. Desta vez, 96 almas desceram \u00e0s \u00e1guas do Batismo, cumprindo as promessas da Palavra de Deus, que diz: \u201cQuem crer e [&hellip;]<\/p>\n","protected":false},"author":2,"featured_media":34279,"comment_status":"open","ping_status":"closed","sticky":false,"template":"","format":"standard","meta":{"_joinchat":[],"footnotes":""},"categories":[1],"tags":[],"class_list":["post-33776","post","type-post","status-publish","format-standard","has-post-thumbnail","hentry","category-sem-categoria"],"_links":{"self":[{"href":"http:\/\/folhadosudeste.com\/site\/index.php?rest_route=\/wp\/v2\/posts\/33776","targetHints":{"allow":["GET"]}}],"collection":[{"href":"http:\/\/folhadosudeste.com\/site\/index.php?rest_route=\/wp\/v2\/posts"}],"about":[{"href":"http:\/\/folhadosudeste.com\/site\/index.php?rest_route=\/wp\/v2\/types\/post"}],"author":[{"embeddable":true,"href":"http:\/\/folhadosudeste.com\/site\/index.php?rest_route=\/wp\/v2\/users\/2"}],"replies":[{"embeddable":true,"href":"http:\/\/folhadosudeste.com\/site\/index.php?rest_route=%2Fwp%2Fv2%2Fcomments&post=33776"}],"version-history":[{"count":2,"href":"http:\/\/folhadosudeste.com\/site\/index.php?rest_route=\/wp\/v2\/posts\/33776\/revisions"}],"predecessor-version":[{"id":34280,"href":"http:\/\/folhadosudeste.com\/site\/index.php?rest_route=\/wp\/v2\/posts\/33776\/revisions\/34280"}],"wp:featuredmedia":[{"embeddable":true,"href":"http:\/\/folhadosudeste.com\/site\/index.php?rest_route=\/wp\/v2\/media\/34279"}],"wp:attachment":[{"href":"http:\/\/folhadosudeste.com\/site\/index.php?rest_route=%2Fwp%2Fv2%2Fmedia&parent=33776"}],"wp:term":[{"taxonomy":"category","embeddable":true,"href":"http:\/\/folhadosudeste.com\/site\/index.php?rest_route=%2Fwp%2Fv2%2Fcategories&post=33776"},{"taxonomy":"post_tag","embeddable":true,"href":"http:\/\/folhadosudeste.com\/site\/index.php?rest_route=%2Fwp%2Fv2%2Ftags&post=33776"}],"curies":[{"name":"wp","href":"https:\/\/api.w.org\/{rel}","templated":true}]}}