{"id":34155,"date":"2017-03-10T13:56:22","date_gmt":"2017-03-10T13:56:22","guid":{"rendered":"http:\/\/folhadosudeste.com\/site\/?p=34155"},"modified":"2017-03-10T13:56:22","modified_gmt":"2017-03-10T13:56:22","slug":"posse-da-nova-diretoria-do-str-rurais-de-muriae-rosario-da-limeira-barao-do-monte-alto-e-sao-sebastiao-da-vargem-alegre","status":"publish","type":"post","link":"http:\/\/folhadosudeste.com\/site\/?p=34155","title":{"rendered":"Posse da nova diretoria do STR Rurais de Muria\u00e9, Ros\u00e1rio da Limeira, Bar\u00e3o do Monte Alto e S\u00e3o Sebasti\u00e3o da Vargem Alegre"},"content":{"rendered":"<p style=\"text-align: justify;\"><a href=\"http:\/\/folhadosudeste.com\/site\/wp-content\/uploads\/2017\/03\/POSSE-DO-STR.jpg\"><img loading=\"lazy\" decoding=\"async\" class=\"aligncenter size-full wp-image-34283\" src=\"http:\/\/folhadosudeste.com\/site\/wp-content\/uploads\/2017\/03\/POSSE-DO-STR.jpg\" alt=\"POSSE DO STR\" width=\"620\" height=\"320\" srcset=\"http:\/\/folhadosudeste.com\/site\/wp-content\/uploads\/2017\/03\/POSSE-DO-STR.jpg 620w, http:\/\/folhadosudeste.com\/site\/wp-content\/uploads\/2017\/03\/POSSE-DO-STR-300x154.jpg 300w\" sizes=\"auto, (max-width: 620px) 100vw, 620px\" \/><\/a><\/p>\n<p style=\"text-align: justify;\">Foi realizada, na manh\u00e3 do \u00faltimo s\u00e1bado (4\/3), em Muria\u00e9, a posse da nova diretoria do \u2018Sindicato dos Trabalhadores Rurais de Muria\u00e9, Ros\u00e1rio da Limeira, Bar\u00e3o do Monte Alto e S\u00e3o Sebasti\u00e3o da Vargem Alegre\u2019, ocasi\u00e3o em que Dalberto Luiz Gomes deixou o cargo de presidente da entidade, passando a responsabilidade para o colega Eduardo Ant\u00f4nio de Alc\u00e2ntara, que dar\u00e1 continuidade aos trabalhos. Assumiu a vice-presid\u00eancia Davi Aparecido de Oliveira. Logo ap\u00f3s os discursos e encerramento da solenidade, foi servido um almo\u00e7o com churrasco. Marcaram presen\u00e7a representantes de v\u00e1rios sindicatos e entidades da regi\u00e3o.<\/p>\n<p style=\"text-align: justify;\">Eduardo Ant\u00f4nio de Alc\u00e2ntara, empossado presidente do STR, explica que foi feito o convite para fazer um momento simb\u00f3lico de posse, com a import\u00e2ncia de reunir a diretoria e confraternizar com os parceiros. Para ele, \u00e9 um desafio administrar e tem a ci\u00eancia de que n\u00e3o ser\u00e1 f\u00e1cil. <em>\u201c\u00c9 mais um trabalho que d\u00e1 continuidade \u00e0 administra\u00e7\u00e3o 2013\/2021, para manter os direitos dos trabalhadores rurais. Em 2012, eles me convidaram para reuni\u00f5es, uma vez por m\u00eas e no final daquele ano j\u00e1 tinha a elei\u00e7\u00e3o da diretoria 2013\/2017. Eu compus a chapa e cada dia tenho aprendido mais com o movimento, defendendo a vida do trabalhador, ent\u00e3o aceitei quando me indicaram e fomos eleitos tamb\u00e9m para esse mandato 2017\/2021. Sempre a chapa \u00e9 \u00fanica. Conhecemos toda a hist\u00f3ria do Sindicato, de como foi a luta l\u00e1 em 1986, as dificuldades que t\u00ednhamos na \u00e9poca, de chegar com uma estrutura pronta e ser indicado a diretor-presidente. \u00c9 um grande desafio, porque temos que dar continuidade a esse trabalho, uma responsabilidade incalcul\u00e1vel para defender nossos direitos. O trabalhador rural \u00e9 sofrido, pois trabalha no sol e na chuva. Sabemos as dificuldades e estamos a\u00ed para acolher no que for necess\u00e1rio\u201d, <\/em>explica.<\/p>\n<p style=\"text-align: justify;\">Para Jo\u00e3o Paulo Dias da Fonseca, suplente do Conselho Fiscal e presidente da Cresol Fervedouro, este \u00e9 um dia importante para a hist\u00f3ria do Sindicato dos Trabalhadores Rurais, iniciado no ano de 1986, passados 30 anos. Ele conta que v\u00e1rias diretorias j\u00e1 se passaram, dando sua contribui\u00e7\u00e3o, e tem 7 anos que ele est\u00e1 \u00e0 frente do Sindicato (uma vez por 4 anos e outra por 3 anos), sendo que, em sua \u00e9poca tudo era diferente do que vivemos hoje, eram outros desafios e n\u00e3o os que a diretoria atual assume hoje em dia. Mas, tem toda a certeza que, na \u00e9poca, deu sua importante contribui\u00e7\u00e3o, assim como o Dalberto e agora o Eduardo, que assume novos desafios, com momentos mais dif\u00edceis se comparados \u00e0 primeira diretoria. <em>\u201cN\u00e3o foi f\u00e1cil, mas atualmente, principalmente com as dificuldades que o Governo atual tem colocado, querendo acabar com o Sindicalismo, com os direitos do trabalhador, com a Reforma da Previd\u00eancia que praticamente exclui os trabalhadores rurais, esse povo que talvez seja a grande conquista do Sindicato esses anos e os direitos que adquirimos com tempo, estamos correndo risco de perder com o Governo Temer. Ent\u00e3o, \u00e9 um grande desafio que a atual diretoria tem, de fortalecer a luta sindical, para continuar com os direitos dos trabalhadores do campo. n\u00e3o sabemos como ser\u00e1 daqui a 15 anos. Temos um conjunto de lideran\u00e7as e de parceiros. Diante desse momento conturbado que estamos vivendo, mais do que nunca, devemos unir for\u00e7as. As organiza\u00e7\u00f5es estiveram muito afastadas uma das outras, at\u00e9 mesmo o pr\u00f3prio Sindicato dos Trabalhadores Rurais\u201d, <\/em>acrescenta.<\/p>\n<p style=\"text-align: justify;\">Dalberto Luiz Gomes, \u00e0 frente da presid\u00eancia por 4 anos, passa agora para o Eduardo. Ele completaria em fevereiro 11 anos de Sindicato e agora est\u00e1 na Diretoria de Forma\u00e7\u00e3o Sindical, Jovens e Mulheres. Sua avalia\u00e7\u00e3o \u00e9 positiva sobre o trabalho concretizado, com grandes conquistas p\u00fablicas, como: o Programa Nacional de Habita\u00e7\u00e3o (mais de 25 casas no valor de mais de R$ 700 mil, beneficiando 25 fam\u00edlias); o \u00eaxito em conseguir acompanhar o Programa Nacional de Cr\u00e9dito Fundi\u00e1rio; uma conquista aprovada no mandato de Jo\u00e3o Paulo, a libera\u00e7\u00e3o do PRONAF e a oportunidade de ver a Cooperativa de Cr\u00e9dito Rural operacionaliz\u00e1-lo; o acompanhamento do PENAI; a fonte de renda atrav\u00e9s da comercializa\u00e7\u00e3o do produto; o atendimento \u00e0 base em S\u00e3o Sebasti\u00e3o da Vargem Alegre, um munic\u00edpio de agricultores fortes; a sede em Ros\u00e1rio da Limeira (sem custos de aluguel h\u00e1 mais de 3 anos); entre outros. <em>\u201cSe olharmos do ponto de vista de luta, os movimentos sociais do mundo inteiro deram uma freada, ent\u00e3o, devido ao nosso preju\u00edzo, j\u00e1 tivemos no campo da sa\u00fade, mas avaliamos que precisamos de um trabalho, de uma retomada, no sentido de voltar para o campo, para garantir o que j\u00e1 temos. Esse \u00e9 um dos grandes desafios que essa nova diretoria vai ter. Passo a diretoria com a sensa\u00e7\u00e3o de dever cumprido, mas sempre falhamos em alguma coisa e estamos juntos na luta, independente do cargo que ocupamos. Desejar boa sorte \u00e0 nova diretoria, muito sucesso, que o trabalho possa ser vitorioso e que consigamos alcan\u00e7ar nossos objetivos. Desejo a todas as mulheres um feliz 8 de Mar\u00e7o, pois a luta das mulheres \u00e9 nossa tamb\u00e9m. Hoje n\u00e3o existe essa quest\u00e3o de submiss\u00e3o da mulher. Se ela n\u00e3o ajuda, o homem de certa forma acaba ficando incompleto. Temos a miss\u00e3o e o dever de lutar sempre a favor delas e estamos todos juntos nesse objetivo\u201d,<\/em> completa.<\/p>\n<p style=\"text-align: justify;\">Segundo Ant\u00f4nio Carlos Bagle, Conselheiro Fiscal, presidente da COOPAF e do Conselho Fiscal do Sindicato, \u00e9 um momento muito importante, porque desses 30 anos, ele teve a honra de ser o 2\u00b0 presidente. <em>\u201cO sindicato veio se transformando, trazendo novas entidades, a pr\u00f3pria CRESOL nasceu no Sindicato. Esse \u00e9 um momento de extrema import\u00e2ncia para nossa sociedade, o munic\u00edpio de Muria\u00e9 e cidades vizinhas. Estamos numa luta contra os direitos que est\u00e3o sendo cortados\u201d,<\/em> destaca.<\/p>\n<p style=\"text-align: justify;\">\u00a0Davi Aparecido de Oliveira ficou muito satisfeito em ser escolhido pelos trabalhadores como vice-presidente. <em>\u201cHoje, com um mandato de vereador em Ros\u00e1rio da Limeira, pautado nos trabalhadores rurais, sei que temos muita luta pela frente. Estou disposto a enfrentar os desafios, que s\u00e3o muitos. Vamos com muita for\u00e7a, f\u00e9 e coragem, prontos para superar os obst\u00e1culos. Desejo ao Eduardo muitas felicidades e muita coragem\u201d,<\/em> completa.<\/p>\n<p style=\"text-align: justify;\">Por sua vez, Adriana Aparecida de Morais Ribeiro, atualmente coordenadora do CEIFAR, por muitos anos vem participando dos movimentos sociais. Ela j\u00e1 fez parte da diretoria do Sindicato e vem acompanhando esse trabalho, que avalia como muito importante, em prol dos agricultores, seja pela luta de direitos, pelo espa\u00e7o de apresenta\u00e7\u00e3o e pela execu\u00e7\u00e3o de pol\u00edticas p\u00fablicas. <em>\u201cEm nome do CEIFAR Zona da Mata, deixo meus cumprimentos para o Eduardo, atual presidente, juntamente com a nova diretoria, assumindo o cargo. Desejo que eles tenham for\u00e7a, coragem e possam, juntos com os agricultores, muito importantes nesses momentos, fazer um trabalho de base. Que seja dada continuidade a um projeto bem feito, o que j\u00e1 aconteceu\u201d,<\/em> finaliza.<\/p>\n<p style=\"text-align: justify;\"><strong>Diretoria<\/strong><\/p>\n<p style=\"text-align: justify;\"><strong>Presidente:<\/strong> Eduardo Ant\u00f4nio de Alc\u00e2ntara<\/p>\n<p style=\"text-align: justify;\"><strong>Vice-Presidente:<\/strong> Davi Aparecido de Oliveira<\/p>\n<p style=\"text-align: justify;\"><strong>Tesoureiro:<\/strong> Adair Rodrigues da Fonseca<\/p>\n<p style=\"text-align: justify;\"><strong>Vice Tesoureiro:<\/strong> Jos\u00e9 Alberto Rosa de Lacerda<\/p>\n<p style=\"text-align: justify;\"><strong>Diretor de Reforma Agr\u00e1ria e Agricultura Familiar:<\/strong> Antonio Maria Fortini<\/p>\n<p style=\"text-align: justify;\"><strong>Vice Diretor de Reforma Agr\u00e1ria e Agricultura Familiar:<\/strong> Efig\u00eania Maria Monteiro<\/p>\n<p style=\"text-align: justify;\"><strong>Diretor de Forma\u00e7\u00e3o Sindical, Jovens e Mulheres:<\/strong> Dalberto Luiz Gomes<\/p>\n<p style=\"text-align: justify;\"><strong>Vice Diretor de Forma\u00e7\u00e3o Sindical, Jovens e Mulheres:<\/strong> Nadir Camargo da Costa<\/p>\n<p style=\"text-align: justify;\"><strong>Diretor de Pol\u00edtica Salarial, Pol\u00edticas Sociais e Prev. Social:<\/strong> Maria Aparecida de Oliveira Silva<\/p>\n<p style=\"text-align: justify;\"><strong>Vice Secret\u00e1rio da Prev. Social:<\/strong> Rosana Aparecida Marini e Silva<\/p>\n<p style=\"text-align: justify;\"><strong>Conselho Fiscal<\/strong><\/p>\n<p style=\"text-align: justify;\"><strong>Conselho Fiscal:<\/strong> Luiz Jose do Prado<\/p>\n<p style=\"text-align: justify;\"><strong>Conselho Fiscal:<\/strong> Ant\u00f4nio Carlos Bagle<\/p>\n<p style=\"text-align: justify;\"><strong>Conselho Fiscal:<\/strong> Roseli Mendes da Silveira Oliveira<\/p>\n<p style=\"text-align: justify;\"><strong>Suplente:<\/strong> Jos\u00e9 Braz de Lima<\/p>\n<p style=\"text-align: justify;\"><strong>Suplente:<\/strong> Carlos Alberto e Oliveira<\/p>\n<p style=\"text-align: justify;\"><strong>Suplente:<\/strong> Jo\u00e3o Paulo Dias da Fonseca<\/p>\n<p style=\"text-align: justify;\"><strong>Delegados Representantes<\/strong><\/p>\n<p style=\"text-align: justify;\"><strong>Delegado Representante:<\/strong> Eduardo Antonio de Alc\u00e2ntara<\/p>\n<p style=\"text-align: justify;\"><strong>Delegado Representante:<\/strong> Dalberto Luiz Gomes<\/p>\n<p style=\"text-align: justify;\"><img decoding=\"async\" class=\"ngg_displayed_gallery mceItem\" src=\"http:\/\/folhadosudeste.com\/site\/index.php\/nextgen-attach_to_post\/preview\/id--34212\" alt=\"\" \/><\/p>\n","protected":false},"excerpt":{"rendered":"<p>Foi realizada, na manh\u00e3 do \u00faltimo s\u00e1bado (4\/3), em Muria\u00e9, a posse da nova diretoria do \u2018Sindicato dos Trabalhadores Rurais de Muria\u00e9, Ros\u00e1rio da Limeira, Bar\u00e3o do Monte Alto e S\u00e3o Sebasti\u00e3o da Vargem Alegre\u2019, ocasi\u00e3o em que Dalberto Luiz Gomes deixou o cargo de presidente da entidade, passando a responsabilidade para o colega Eduardo [&hellip;]<\/p>\n","protected":false},"author":2,"featured_media":34283,"comment_status":"open","ping_status":"closed","sticky":false,"template":"","format":"standard","meta":{"_joinchat":[],"footnotes":""},"categories":[1],"tags":[],"class_list":["post-34155","post","type-post","status-publish","format-standard","has-post-thumbnail","hentry","category-sem-categoria"],"_links":{"self":[{"href":"http:\/\/folhadosudeste.com\/site\/index.php?rest_route=\/wp\/v2\/posts\/34155","targetHints":{"allow":["GET"]}}],"collection":[{"href":"http:\/\/folhadosudeste.com\/site\/index.php?rest_route=\/wp\/v2\/posts"}],"about":[{"href":"http:\/\/folhadosudeste.com\/site\/index.php?rest_route=\/wp\/v2\/types\/post"}],"author":[{"embeddable":true,"href":"http:\/\/folhadosudeste.com\/site\/index.php?rest_route=\/wp\/v2\/users\/2"}],"replies":[{"embeddable":true,"href":"http:\/\/folhadosudeste.com\/site\/index.php?rest_route=%2Fwp%2Fv2%2Fcomments&post=34155"}],"version-history":[{"count":2,"href":"http:\/\/folhadosudeste.com\/site\/index.php?rest_route=\/wp\/v2\/posts\/34155\/revisions"}],"predecessor-version":[{"id":34284,"href":"http:\/\/folhadosudeste.com\/site\/index.php?rest_route=\/wp\/v2\/posts\/34155\/revisions\/34284"}],"wp:featuredmedia":[{"embeddable":true,"href":"http:\/\/folhadosudeste.com\/site\/index.php?rest_route=\/wp\/v2\/media\/34283"}],"wp:attachment":[{"href":"http:\/\/folhadosudeste.com\/site\/index.php?rest_route=%2Fwp%2Fv2%2Fmedia&parent=34155"}],"wp:term":[{"taxonomy":"category","embeddable":true,"href":"http:\/\/folhadosudeste.com\/site\/index.php?rest_route=%2Fwp%2Fv2%2Fcategories&post=34155"},{"taxonomy":"post_tag","embeddable":true,"href":"http:\/\/folhadosudeste.com\/site\/index.php?rest_route=%2Fwp%2Fv2%2Ftags&post=34155"}],"curies":[{"name":"wp","href":"https:\/\/api.w.org\/{rel}","templated":true}]}}