{"id":34337,"date":"2017-03-17T13:57:10","date_gmt":"2017-03-17T13:57:10","guid":{"rendered":"http:\/\/folhadosudeste.com\/site\/?p=34337"},"modified":"2017-03-17T13:57:10","modified_gmt":"2017-03-17T13:57:10","slug":"festival-encerra-atividades-da-semana-da-mulher-em-muriae","status":"publish","type":"post","link":"http:\/\/folhadosudeste.com\/site\/?p=34337","title":{"rendered":"Festival encerra atividades da Semana da Mulher em Muria\u00e9"},"content":{"rendered":"<p style=\"text-align: justify;\"><a href=\"http:\/\/folhadosudeste.com\/site\/wp-content\/uploads\/2017\/03\/FOOD.jpg\"><img loading=\"lazy\" decoding=\"async\" class=\"aligncenter size-full wp-image-34338\" src=\"http:\/\/folhadosudeste.com\/site\/wp-content\/uploads\/2017\/03\/FOOD.jpg\" alt=\"FOOD\" width=\"620\" height=\"304\" srcset=\"http:\/\/folhadosudeste.com\/site\/wp-content\/uploads\/2017\/03\/FOOD.jpg 620w, http:\/\/folhadosudeste.com\/site\/wp-content\/uploads\/2017\/03\/FOOD-300x147.jpg 300w\" sizes=\"auto, (max-width: 620px) 100vw, 620px\" \/><\/a><\/p>\n<p style=\"text-align: justify;\"><strong><em>Durante todo o fim de semana, Pra\u00e7a Coronel Pacheco de Medeiros recebeu evento que reuniu Food Truck e teve atra\u00e7\u00e3o internacional<\/em><\/strong><\/p>\n<p style=\"text-align: justify;\">A Semana da Mulher foi encerrada com estilo em Muria\u00e9. De sexta a domingo, a Pra\u00e7a Coronel Pacheco de Medeiros recebeu dois festivais: o Food Truck Itinerante, com a participa\u00e7\u00e3o de restaurantes m\u00f3veis de diversos locais do pa\u00eds, e o Vi Jazz &amp; Blues. Ambos foram realizados pela parceria firmada entre Prefeitura (por meio da Fundarte), CDL, Sesc, Sebrae e r\u00e1dios Muria\u00e9 AM e 96 FM.<\/p>\n<p style=\"text-align: justify;\">O evento conjunto foi marcado pelo clima familiar. Com mesas e cadeiras distribu\u00eddas pela pra\u00e7a, o p\u00fablico p\u00f4de apreciar os pratos oferecidos pelos food trucks e bikes participantes, incluindo op\u00e7\u00f5es de gastronomia mexicana, massas, sandu\u00edches, tapiocas e doces, al\u00e9m de cervejas artesanais. \u201cTudo estava muito bom. Local acolhedor e acess\u00edvel a todos, pratos e m\u00fasica de qualidade, al\u00e9m de um \u00f3timo ambiente. Espero que se repita mais vezes\u201d, elogiou a assistente administrativa Dina Spirito.<\/p>\n<p style=\"text-align: justify;\">Na primeira noite, o Vi Jazz &amp; Blues Festival, que teve sua segunda edi\u00e7\u00e3o em Muria\u00e9, trouxe ao palco a banda Jazzintape, de Itaperuna, e a cantora americana Whitney Shay, principal atra\u00e7\u00e3o da festa. Esbanjando carisma e talento, a californiana dominou o p\u00fablico, colocando todos para dan\u00e7arem ao som de cl\u00e1ssicos do Blues.<\/p>\n<p style=\"text-align: justify;\">Nas demais, foi vez das bandas de Muria\u00e9 animarem o festival. No s\u00e1bado, a banda Ouro de Minas, formada por Pollyane de Carvalho (voz) e pelos irm\u00e3os Edmilson e Josu\u00e9 Elpes (teclado e bateria, respectivamente), apresentou repert\u00f3rio ecl\u00e9tico de pop, rock e MPB. O tecladista voltou ao palco no domingo, dessa vez com o grupo Boca de Siri, acompanhado pelo baterista Henrique de Paula e pelo flautista Adalton Pereira, para executar sucessos de choro e samba.<\/p>\n<p style=\"text-align: justify;\">O prefeito Grego mostrou-se satisfeito com o resultado do evento. \u201cA pra\u00e7a ficou movimentada, com a participa\u00e7\u00e3o maci\u00e7a da popula\u00e7\u00e3o e a presen\u00e7a das fam\u00edlias durante todo o fim de semana. Foram dias muito agrad\u00e1veis, como h\u00e1 muito tempo n\u00e3o t\u00ednhamos em nossa cidade\u201d, comemorou.<\/p>\n<p style=\"text-align: justify;\">Veja mais na edi\u00e7\u00e3o 749 do Folha do Sudeste<\/p>\n<p style=\"text-align: justify;\"><img decoding=\"async\" class=\"ngg_displayed_gallery mceItem\" src=\"http:\/\/folhadosudeste.com\/site\/index.php\/nextgen-attach_to_post\/preview\/id--34347\" alt=\"\" \/><\/p>\n","protected":false},"excerpt":{"rendered":"<p>Durante todo o fim de semana, Pra\u00e7a Coronel Pacheco de Medeiros recebeu evento que reuniu Food Truck e teve atra\u00e7\u00e3o internacional A Semana da Mulher foi encerrada com estilo em Muria\u00e9. De sexta a domingo, a Pra\u00e7a Coronel Pacheco de Medeiros recebeu dois festivais: o Food Truck Itinerante, com a participa\u00e7\u00e3o de restaurantes m\u00f3veis de [&hellip;]<\/p>\n","protected":false},"author":2,"featured_media":34338,"comment_status":"open","ping_status":"closed","sticky":false,"template":"","format":"standard","meta":{"_joinchat":[],"footnotes":""},"categories":[1],"tags":[],"class_list":["post-34337","post","type-post","status-publish","format-standard","has-post-thumbnail","hentry","category-sem-categoria"],"_links":{"self":[{"href":"http:\/\/folhadosudeste.com\/site\/index.php?rest_route=\/wp\/v2\/posts\/34337","targetHints":{"allow":["GET"]}}],"collection":[{"href":"http:\/\/folhadosudeste.com\/site\/index.php?rest_route=\/wp\/v2\/posts"}],"about":[{"href":"http:\/\/folhadosudeste.com\/site\/index.php?rest_route=\/wp\/v2\/types\/post"}],"author":[{"embeddable":true,"href":"http:\/\/folhadosudeste.com\/site\/index.php?rest_route=\/wp\/v2\/users\/2"}],"replies":[{"embeddable":true,"href":"http:\/\/folhadosudeste.com\/site\/index.php?rest_route=%2Fwp%2Fv2%2Fcomments&post=34337"}],"version-history":[{"count":1,"href":"http:\/\/folhadosudeste.com\/site\/index.php?rest_route=\/wp\/v2\/posts\/34337\/revisions"}],"predecessor-version":[{"id":34348,"href":"http:\/\/folhadosudeste.com\/site\/index.php?rest_route=\/wp\/v2\/posts\/34337\/revisions\/34348"}],"wp:featuredmedia":[{"embeddable":true,"href":"http:\/\/folhadosudeste.com\/site\/index.php?rest_route=\/wp\/v2\/media\/34338"}],"wp:attachment":[{"href":"http:\/\/folhadosudeste.com\/site\/index.php?rest_route=%2Fwp%2Fv2%2Fmedia&parent=34337"}],"wp:term":[{"taxonomy":"category","embeddable":true,"href":"http:\/\/folhadosudeste.com\/site\/index.php?rest_route=%2Fwp%2Fv2%2Fcategories&post=34337"},{"taxonomy":"post_tag","embeddable":true,"href":"http:\/\/folhadosudeste.com\/site\/index.php?rest_route=%2Fwp%2Fv2%2Ftags&post=34337"}],"curies":[{"name":"wp","href":"https:\/\/api.w.org\/{rel}","templated":true}]}}