{"id":34349,"date":"2017-03-17T13:58:42","date_gmt":"2017-03-17T13:58:42","guid":{"rendered":"http:\/\/folhadosudeste.com\/site\/?p=34349"},"modified":"2017-03-17T13:58:42","modified_gmt":"2017-03-17T13:58:42","slug":"dia-mundial-da-agua-a-importancia-de-se-preservar-este-liquido-precioso","status":"publish","type":"post","link":"http:\/\/folhadosudeste.com\/site\/?p=34349","title":{"rendered":"Dia Mundial da \u00c1gua: a import\u00e2ncia de se preservar este l\u00edquido precioso"},"content":{"rendered":"<p style=\"text-align: justify;\"><a href=\"http:\/\/folhadosudeste.com\/site\/wp-content\/uploads\/2017\/03\/JOEL.jpg\"><img loading=\"lazy\" decoding=\"async\" class=\"aligncenter size-full wp-image-34350\" src=\"http:\/\/folhadosudeste.com\/site\/wp-content\/uploads\/2017\/03\/JOEL.jpg\" alt=\"JOEL\" width=\"620\" height=\"327\" srcset=\"http:\/\/folhadosudeste.com\/site\/wp-content\/uploads\/2017\/03\/JOEL.jpg 620w, http:\/\/folhadosudeste.com\/site\/wp-content\/uploads\/2017\/03\/JOEL-300x158.jpg 300w\" sizes=\"auto, (max-width: 620px) 100vw, 620px\" \/><\/a><\/p>\n<p style=\"text-align: justify;\">Em 22 de mar\u00e7o, comemoramos o dia mundial da \u00e1gua, mas ainda enfrentamos no mundo s\u00e9rios problemas de abastecimento, polui\u00e7\u00e3o e empresas que agridem o meio ambiente, o jornal a folha do sudeste entrevistou Joel Abreu, administrador de uma propriedade onde existe uma fonte de \u00e1gua h\u00e1 muitos anos e recebe diariamente muitas pessoas que fazem uso dessa \u00e1gua.<\/p>\n<p style=\"text-align: justify;\">Joel deixa bem claro que ele s\u00f3 administra, mas lembra que o ser humano precisa ser mais solid\u00e1rio e pensar nas gera\u00e7\u00f5es futuras.<\/p>\n<p style=\"text-align: justify;\">H\u00e1 mais de sessenta anos que moro neste local e \u00e9 muito dif\u00edcil preservar a \u00e1gua, pois existe muita persegui\u00e7\u00e3o, cobramos um valor simb\u00f3lico para ajudar na manuten\u00e7\u00e3o e taxas de an\u00e1lise e n\u00e3o tenho inten\u00e7\u00e3o nenhuma de industrializ\u00e1-la.<\/p>\n<p style=\"text-align: justify;\">Temos que fazer o m\u00e1ximo para preservar a vida, ent\u00e3o n\u00e3o basta apenas estar informado, Tem que dar sua parcela de contribui\u00e7\u00e3o ajudando na defesa da \u00e1gua, porque \u00e1gua \u00e9 vida, fico triste em ver muitas pessoas destruindo o meio ambiente por ambi\u00e7\u00e3o.<\/p>\n<p style=\"text-align: justify;\">Se n\u00e3o tivermos a compet\u00eancia de gerenciar nossos recursos h\u00eddricos, estaremos cavando a sepultura dos nossos descendentes.<\/p>\n<p style=\"text-align: justify;\">Veja mais na edi\u00e7\u00e3o 749 do Folha do Sudeste<\/p>\n<p style=\"text-align: justify;\"><img decoding=\"async\" class=\"ngg_displayed_gallery mceItem\" src=\"http:\/\/folhadosudeste.com\/site\/index.php\/nextgen-attach_to_post\/preview\/id--34357\" alt=\"\" \/><\/p>\n","protected":false},"excerpt":{"rendered":"<p>Em 22 de mar\u00e7o, comemoramos o dia mundial da \u00e1gua, mas ainda enfrentamos no mundo s\u00e9rios problemas de abastecimento, polui\u00e7\u00e3o e empresas que agridem o meio ambiente, o jornal a folha do sudeste entrevistou Joel Abreu, administrador de uma propriedade onde existe uma fonte de \u00e1gua h\u00e1 muitos anos e recebe diariamente muitas pessoas que [&hellip;]<\/p>\n","protected":false},"author":2,"featured_media":34350,"comment_status":"open","ping_status":"closed","sticky":false,"template":"","format":"standard","meta":{"_joinchat":[],"footnotes":""},"categories":[1],"tags":[],"class_list":["post-34349","post","type-post","status-publish","format-standard","has-post-thumbnail","hentry","category-sem-categoria"],"_links":{"self":[{"href":"http:\/\/folhadosudeste.com\/site\/index.php?rest_route=\/wp\/v2\/posts\/34349","targetHints":{"allow":["GET"]}}],"collection":[{"href":"http:\/\/folhadosudeste.com\/site\/index.php?rest_route=\/wp\/v2\/posts"}],"about":[{"href":"http:\/\/folhadosudeste.com\/site\/index.php?rest_route=\/wp\/v2\/types\/post"}],"author":[{"embeddable":true,"href":"http:\/\/folhadosudeste.com\/site\/index.php?rest_route=\/wp\/v2\/users\/2"}],"replies":[{"embeddable":true,"href":"http:\/\/folhadosudeste.com\/site\/index.php?rest_route=%2Fwp%2Fv2%2Fcomments&post=34349"}],"version-history":[{"count":2,"href":"http:\/\/folhadosudeste.com\/site\/index.php?rest_route=\/wp\/v2\/posts\/34349\/revisions"}],"predecessor-version":[{"id":69821,"href":"http:\/\/folhadosudeste.com\/site\/index.php?rest_route=\/wp\/v2\/posts\/34349\/revisions\/69821"}],"wp:featuredmedia":[{"embeddable":true,"href":"http:\/\/folhadosudeste.com\/site\/index.php?rest_route=\/wp\/v2\/media\/34350"}],"wp:attachment":[{"href":"http:\/\/folhadosudeste.com\/site\/index.php?rest_route=%2Fwp%2Fv2%2Fmedia&parent=34349"}],"wp:term":[{"taxonomy":"category","embeddable":true,"href":"http:\/\/folhadosudeste.com\/site\/index.php?rest_route=%2Fwp%2Fv2%2Fcategories&post=34349"},{"taxonomy":"post_tag","embeddable":true,"href":"http:\/\/folhadosudeste.com\/site\/index.php?rest_route=%2Fwp%2Fv2%2Ftags&post=34349"}],"curies":[{"name":"wp","href":"https:\/\/api.w.org\/{rel}","templated":true}]}}