{"id":34359,"date":"2017-03-17T14:06:03","date_gmt":"2017-03-17T14:06:03","guid":{"rendered":"http:\/\/folhadosudeste.com\/site\/?p=34359"},"modified":"2017-03-17T14:06:03","modified_gmt":"2017-03-17T14:06:03","slug":"entrega-de-identidade-profissional-a-duas-novas-contadoras","status":"publish","type":"post","link":"http:\/\/folhadosudeste.com\/site\/?p=34359","title":{"rendered":"Entrega de Identidade Profissional a duas novas Contadoras"},"content":{"rendered":"<p style=\"text-align: justify;\"><a href=\"http:\/\/folhadosudeste.com\/site\/wp-content\/uploads\/2017\/03\/LUIZ-DAGNONI.jpg\"><img loading=\"lazy\" decoding=\"async\" class=\"aligncenter size-full wp-image-34360\" src=\"http:\/\/folhadosudeste.com\/site\/wp-content\/uploads\/2017\/03\/LUIZ-DAGNONI.jpg\" alt=\"LUIZ DAGNONI\" width=\"620\" height=\"340\" srcset=\"http:\/\/folhadosudeste.com\/site\/wp-content\/uploads\/2017\/03\/LUIZ-DAGNONI.jpg 620w, http:\/\/folhadosudeste.com\/site\/wp-content\/uploads\/2017\/03\/LUIZ-DAGNONI-300x164.jpg 300w\" sizes=\"auto, (max-width: 620px) 100vw, 620px\" \/><\/a><\/p>\n<p style=\"text-align: justify;\">A Delegacia Seccional do CRCMG Muria\u00e9 entregou, no dia 09 de mar\u00e7o, atrav\u00e9s de seu Delegado, Luis Dagnoni Filho, mais duas carteiras profissionais as novas contadoras, que passam a ser autorizadas a trabalhar na \u00e1rea.<\/p>\n<p style=\"text-align: justify;\">Raquel de Oliveira Souza formou-se em Ci\u00eancias Cont\u00e1beis em 2014. \u201cNo final de 2017 completam-se 3 anos e nessa oportunidade, recebendo a carteira profissional, que chamamos de identidade, com n\u00famero de registro,(CRCMG- 118298\/O) fico muito feliz. \u00c9 uma conquista mediante a forma\u00e7\u00e3o do curso, para habilitar a exercer a fun\u00e7\u00e3o. Trabalhei no setor financeiro e agora estou na \u00e1rea pedag\u00f3gica dentro da Escola Estadual Professor Orlando de Lima Faria. Mas pretendo, sim, exercer \u00e0 atividade de contadora\u201d, explica.<\/p>\n<p style=\"text-align: justify;\">Poliana Andrade do Nascimento Silveira, formou em 2014, tamb\u00e9m pela UNIFAMINAS, com o n\u00famero de registro, (CRCMG-118214\/O). Segundo ela, receber a Identidade Profissional \u00e9 um orgulho, uma conquista, pelo tempo dedicado \u00e0 faculdade. \u201cN\u00e3o estou exercendo a profiss\u00e3o no momento, mas com certeza pretendo exercer. Estou disposta a entrar em empresas, porque n\u00e3o envolve ser somente contador, tem v\u00e1rias consultorias, tem muitas atribui\u00e7\u00f5es. Antes n\u00e3o tinha essa entrega, agora \u00e9 oficial\u201d, destaca.<\/p>\n<p style=\"text-align: justify;\">Para Luis Dagnoni Filho, Delegado Seccional do CRCMG Muria\u00e9, \u00e9 motivo de muita alegria e prazer fazer essas entregas, porque \u00e9 uma profiss\u00e3o econ\u00f4mica; \u00e0s vezes as pessoas chegam acanhadas mas v\u00eaem que fizeram a escolha certa. \u201c\u00c9 uma das profiss\u00f5es que mais oportunidades oferecem e os empres\u00e1rios est\u00e3o precisando valorizar. Com as informa\u00e7\u00f5es digitais, com o sistema p\u00fablico, est\u00e1 havendo uma necessidade muito grande de contratar profissionais preparados . N\u00e3o existe nada mais importante que um contador que conhece a classifica\u00e7\u00e3o de tudo, para oferecer tranquilidade ao empresariado. Os profissionais, para exercer essa profiss\u00e3o, precisam de uma educa\u00e7\u00e3o, estarem atualizados com os detalhes, e o conselho tem exigido a certifica\u00e7\u00e3o com horas, determinadas por ano, de cada profissional, atrav\u00e9s de seu aperfei\u00e7oamento, a custo reduzido. Deste modo, podem continuar sendo respons\u00e1veis pela assinatura de seu balan\u00e7o. As vezes a maior dificuldade do profissional \u00e9 juntar os documentos, para fazer os registros bem feitos e oferecer uma melhor qualidade de trabalho\u201d, completa.<\/p>\n<p style=\"text-align: justify;\">Veja mais na edi\u00e7\u00e3o 749 do Folha do Sudeste<\/p>\n<p style=\"text-align: justify;\"><img decoding=\"async\" class=\"ngg_displayed_gallery mceItem\" src=\"http:\/\/folhadosudeste.com\/site\/index.php\/nextgen-attach_to_post\/preview\/id--34367\" alt=\"\" \/><\/p>\n","protected":false},"excerpt":{"rendered":"<p>A Delegacia Seccional do CRCMG Muria\u00e9 entregou, no dia 09 de mar\u00e7o, atrav\u00e9s de seu Delegado, Luis Dagnoni Filho, mais duas carteiras profissionais as novas contadoras, que passam a ser autorizadas a trabalhar na \u00e1rea. Raquel de Oliveira Souza formou-se em Ci\u00eancias Cont\u00e1beis em 2014. \u201cNo final de 2017 completam-se 3 anos e nessa oportunidade, [&hellip;]<\/p>\n","protected":false},"author":2,"featured_media":34360,"comment_status":"open","ping_status":"closed","sticky":false,"template":"","format":"standard","meta":{"_joinchat":[],"footnotes":""},"categories":[1],"tags":[],"class_list":["post-34359","post","type-post","status-publish","format-standard","has-post-thumbnail","hentry","category-sem-categoria"],"_links":{"self":[{"href":"http:\/\/folhadosudeste.com\/site\/index.php?rest_route=\/wp\/v2\/posts\/34359","targetHints":{"allow":["GET"]}}],"collection":[{"href":"http:\/\/folhadosudeste.com\/site\/index.php?rest_route=\/wp\/v2\/posts"}],"about":[{"href":"http:\/\/folhadosudeste.com\/site\/index.php?rest_route=\/wp\/v2\/types\/post"}],"author":[{"embeddable":true,"href":"http:\/\/folhadosudeste.com\/site\/index.php?rest_route=\/wp\/v2\/users\/2"}],"replies":[{"embeddable":true,"href":"http:\/\/folhadosudeste.com\/site\/index.php?rest_route=%2Fwp%2Fv2%2Fcomments&post=34359"}],"version-history":[{"count":1,"href":"http:\/\/folhadosudeste.com\/site\/index.php?rest_route=\/wp\/v2\/posts\/34359\/revisions"}],"predecessor-version":[{"id":34368,"href":"http:\/\/folhadosudeste.com\/site\/index.php?rest_route=\/wp\/v2\/posts\/34359\/revisions\/34368"}],"wp:featuredmedia":[{"embeddable":true,"href":"http:\/\/folhadosudeste.com\/site\/index.php?rest_route=\/wp\/v2\/media\/34360"}],"wp:attachment":[{"href":"http:\/\/folhadosudeste.com\/site\/index.php?rest_route=%2Fwp%2Fv2%2Fmedia&parent=34359"}],"wp:term":[{"taxonomy":"category","embeddable":true,"href":"http:\/\/folhadosudeste.com\/site\/index.php?rest_route=%2Fwp%2Fv2%2Fcategories&post=34359"},{"taxonomy":"post_tag","embeddable":true,"href":"http:\/\/folhadosudeste.com\/site\/index.php?rest_route=%2Fwp%2Fv2%2Ftags&post=34359"}],"curies":[{"name":"wp","href":"https:\/\/api.w.org\/{rel}","templated":true}]}}