{"id":34369,"date":"2017-03-17T14:07:36","date_gmt":"2017-03-17T14:07:36","guid":{"rendered":"http:\/\/folhadosudeste.com\/site\/?p=34369"},"modified":"2017-03-17T14:07:36","modified_gmt":"2017-03-17T14:07:36","slug":"solenidade-de-lancamento-do-proerd-muriae-2017","status":"publish","type":"post","link":"http:\/\/folhadosudeste.com\/site\/?p=34369","title":{"rendered":"Solenidade de Lan\u00e7amento do PROERD Muria\u00e9 2017"},"content":{"rendered":"<p style=\"text-align: justify;\"><a href=\"http:\/\/folhadosudeste.com\/site\/wp-content\/uploads\/2017\/03\/PROERD.jpg\"><img loading=\"lazy\" decoding=\"async\" class=\"aligncenter size-full wp-image-34370\" src=\"http:\/\/folhadosudeste.com\/site\/wp-content\/uploads\/2017\/03\/PROERD.jpg\" alt=\"PROERD\" width=\"620\" height=\"303\" srcset=\"http:\/\/folhadosudeste.com\/site\/wp-content\/uploads\/2017\/03\/PROERD.jpg 620w, http:\/\/folhadosudeste.com\/site\/wp-content\/uploads\/2017\/03\/PROERD-300x146.jpg 300w\" sizes=\"auto, (max-width: 620px) 100vw, 620px\" \/><\/a><\/p>\n<p style=\"text-align: justify;\">Foi realizada, na \u00faltima ter\u00e7a (13), a Solenidade de Lan\u00e7amento do PROERD Muria\u00e9 2017, que teve a participa\u00e7\u00e3o de educadores e lideran\u00e7as pol\u00edticas. Foi levado ao conhecimento dos colaboradores presentes a grande necessidade de potencializar e otimizar os trabalhos dos educadores do programa, que tem como Instrutores CB Coutinho e o CB Bernardes.<\/p>\n<p style=\"text-align: justify;\">Segundo a pedagoga Pollyana Almeida de Matos, todos acompanharam o trabalho do Cabo Coutinho, que foi instrutor ano passado do Proerd, observando a alegria e o entusiasmo das crian\u00e7as ao participar das aulas, o envolvimento no aprendizado e na parte pr\u00e1tica, al\u00e9m do carinho rec\u00edproco. \u201cAs crian\u00e7as participavam da aula porque queriam, de fato. \u00c9 uma evolu\u00e7\u00e3o muito grande para a educa\u00e7\u00e3o e para a sociedade. A atua\u00e7\u00e3o do instrutor \u00e9 muito pr\u00f3xima ao que a crian\u00e7a vive e tem que fazer estreitos la\u00e7os com a pol\u00edcia. O Proerd \u00e9 um programa que tr\u00e1s muitos benef\u00edcios para n\u00f3s educadores e para a sociedade em geral\u201d, afirma.<\/p>\n<p style=\"text-align: justify;\">De acordo com o Comandante Joedson, a previs\u00e3o \u00e9 de 874 crian\u00e7as e o que se espera \u00e9 a efici\u00eancia na aplica\u00e7\u00e3o deste programa em Muria\u00e9, para que esses alunos no futuro possam ter tido a oportunidade de ir pelo caminho certo, evitando as drogas e a viol\u00eancia. \u201cEsse \u00e9 o principal objetivo. Essa reuni\u00e3o foi marcada com essa resposta e chamado. Percebemos que est\u00e3o todos engajados e que essas crian\u00e7as ter\u00e3o um futuro melhor. Precisamos contar com a comunidade, ter o primeiro contato. Uma crian\u00e7a educada torna-se amiga do Policial Militar e, para n\u00f3s, isso representa um \u00edndice de viol\u00eancia muito menor\u201d, acrescenta.<\/p>\n<p style=\"text-align: justify;\">Veja mais na edi\u00e7\u00e3o 749 do Folha do Sudeste<\/p>\n<p style=\"text-align: justify;\"><img decoding=\"async\" class=\"ngg_displayed_gallery mceItem\" src=\"http:\/\/folhadosudeste.com\/site\/index.php\/nextgen-attach_to_post\/preview\/id--34383\" alt=\"\" \/><\/p>\n","protected":false},"excerpt":{"rendered":"<p>Foi realizada, na \u00faltima ter\u00e7a (13), a Solenidade de Lan\u00e7amento do PROERD Muria\u00e9 2017, que teve a participa\u00e7\u00e3o de educadores e lideran\u00e7as pol\u00edticas. Foi levado ao conhecimento dos colaboradores presentes a grande necessidade de potencializar e otimizar os trabalhos dos educadores do programa, que tem como Instrutores CB Coutinho e o CB Bernardes. Segundo a [&hellip;]<\/p>\n","protected":false},"author":2,"featured_media":34370,"comment_status":"open","ping_status":"closed","sticky":false,"template":"","format":"standard","meta":{"_joinchat":[],"footnotes":""},"categories":[1],"tags":[],"class_list":["post-34369","post","type-post","status-publish","format-standard","has-post-thumbnail","hentry","category-sem-categoria"],"_links":{"self":[{"href":"http:\/\/folhadosudeste.com\/site\/index.php?rest_route=\/wp\/v2\/posts\/34369","targetHints":{"allow":["GET"]}}],"collection":[{"href":"http:\/\/folhadosudeste.com\/site\/index.php?rest_route=\/wp\/v2\/posts"}],"about":[{"href":"http:\/\/folhadosudeste.com\/site\/index.php?rest_route=\/wp\/v2\/types\/post"}],"author":[{"embeddable":true,"href":"http:\/\/folhadosudeste.com\/site\/index.php?rest_route=\/wp\/v2\/users\/2"}],"replies":[{"embeddable":true,"href":"http:\/\/folhadosudeste.com\/site\/index.php?rest_route=%2Fwp%2Fv2%2Fcomments&post=34369"}],"version-history":[{"count":1,"href":"http:\/\/folhadosudeste.com\/site\/index.php?rest_route=\/wp\/v2\/posts\/34369\/revisions"}],"predecessor-version":[{"id":34384,"href":"http:\/\/folhadosudeste.com\/site\/index.php?rest_route=\/wp\/v2\/posts\/34369\/revisions\/34384"}],"wp:featuredmedia":[{"embeddable":true,"href":"http:\/\/folhadosudeste.com\/site\/index.php?rest_route=\/wp\/v2\/media\/34370"}],"wp:attachment":[{"href":"http:\/\/folhadosudeste.com\/site\/index.php?rest_route=%2Fwp%2Fv2%2Fmedia&parent=34369"}],"wp:term":[{"taxonomy":"category","embeddable":true,"href":"http:\/\/folhadosudeste.com\/site\/index.php?rest_route=%2Fwp%2Fv2%2Fcategories&post=34369"},{"taxonomy":"post_tag","embeddable":true,"href":"http:\/\/folhadosudeste.com\/site\/index.php?rest_route=%2Fwp%2Fv2%2Ftags&post=34369"}],"curies":[{"name":"wp","href":"https:\/\/api.w.org\/{rel}","templated":true}]}}