{"id":34464,"date":"2017-03-22T19:23:36","date_gmt":"2017-03-22T19:23:36","guid":{"rendered":"http:\/\/folhadosudeste.com\/site\/?p=34464"},"modified":"2017-03-22T19:23:36","modified_gmt":"2017-03-22T19:23:36","slug":"prefeitura-e-penitenciaria-fecham-parcerias","status":"publish","type":"post","link":"http:\/\/folhadosudeste.com\/site\/?p=34464","title":{"rendered":"Prefeitura e Penitenci\u00e1ria fecham parcerias"},"content":{"rendered":"<div><a href=\"http:\/\/folhadosudeste.com\/site\/wp-content\/uploads\/2017\/03\/IMG_1719.jpg\"><img loading=\"lazy\" decoding=\"async\" class=\"aligncenter wp-image-34465 size-full\" src=\"http:\/\/folhadosudeste.com\/site\/wp-content\/uploads\/2017\/03\/IMG_1719.jpg\" alt=\"\" width=\"1500\" height=\"1000\" srcset=\"http:\/\/folhadosudeste.com\/site\/wp-content\/uploads\/2017\/03\/IMG_1719.jpg 1500w, http:\/\/folhadosudeste.com\/site\/wp-content\/uploads\/2017\/03\/IMG_1719-300x200.jpg 300w, http:\/\/folhadosudeste.com\/site\/wp-content\/uploads\/2017\/03\/IMG_1719-768x512.jpg 768w, http:\/\/folhadosudeste.com\/site\/wp-content\/uploads\/2017\/03\/IMG_1719-1024x683.jpg 1024w\" sizes=\"auto, (max-width: 1500px) 100vw, 1500px\" \/><\/a><\/div>\n<div>&nbsp;<\/div>\n<div>Maior intera\u00e7\u00e3o e a ressocializa\u00e7\u00e3o, trazendo os detentos para reintrodu\u00e7\u00e3o na sociedade, criando postos de trabalho para eles nas Secretarias da Prefeitura Municipal e os transformando em geradores de produ\u00e7\u00e3o. Estes foram os itens tratados pelo prefeito Grego e a dire\u00e7\u00e3o da Penitenci\u00e1ria Doutor Manoel Martins Lisboa J\u00fanior na reuni\u00e3o de hoje, 21 de mar\u00e7o, \u00e0s 9:30 horas, no Centro Administrativo.<\/div>\n<div>&nbsp;<\/div>\n<div>Os parceiros acertaram o retorno da f\u00e1brica de p\u00e3es, para fornecer servi\u00e7o de panifica\u00e7\u00e3o \u00e0s creches e escolas da rede municipal, e a volta da horta comunit\u00e1ria. Estudaram tamb\u00e9m a possibilidade de reativa\u00e7\u00e3o de outras oficinas. E ajustaram algumas quest\u00f5es na presta\u00e7\u00e3o de servi\u00e7o \u00e0s secretarias de Administra\u00e7\u00e3o, Obras e Demsur.<\/div>\n<div>&nbsp;<\/div>\n<div>Esteve presente \u00e0 reuni\u00e3o, al\u00e9m do prefeito, o juiz de Direito da Vara de Execu\u00e7\u00f5es Criminais, Adriano de P\u00e1dua Nakashima; a diretora Geral da Penitenci\u00e1ria, Maria da Consola\u00e7\u00e3o Freitas, com os diretores de Seguran\u00e7a, F\u00e1bio J\u00falio de Freitas e de Atendimento, Eduardo de Oliveira; a secret\u00e1ria de Desenvolvimento Social, Gisele Braga; o secret\u00e1rio de Obras P\u00fablicas e Urbanismo, Aderbal Fernandes e o diretor do Demsur, Geraldo Verg\u00edlio de Freitas J\u00fanior.<\/div>\n<div>&nbsp;<\/div>\n<div>As secretarias da Prefeitura de Muria\u00e9 recebem hoje mais de 45 detentos para prestarem servi\u00e7o nas mais diversas \u00e1reas. O prop\u00f3sito, al\u00e9m da ressocializa\u00e7\u00e3o, \u00e9 reduzir a pena deles e bonific\u00e1-los pela atividade executada. Segundo o prefeito, \u00e9 preciso investir em pol\u00edticas p\u00fablicas que colaborem com a reinser\u00e7\u00e3o destes encarcerados \u00e0 sociedade: \u201cVejo o conv\u00eanio como indispens\u00e1vel, pois precisamos de m\u00e3o de obra para trabalhos internos e externos e, eles precisam ter uma vida social com pessoas de bem, para que aprendam a viver com qualidade e educa\u00e7\u00e3o\u201d, ressaltou.<\/div>\n<div>&nbsp;<\/div>\n<div>O juiz Criminal, Adriano Nakashima, exaltou a parceria na panifica\u00e7\u00e3o. Segundo ele, \u00e9 algo muito produtivo para a ressocializa\u00e7\u00e3o, pois j\u00e1 existem os maquin\u00e1rios adequados para a produ\u00e7\u00e3o dos p\u00e3es: \u201cOs detentos devem ser reintroduzidos \u00e0 sociedade como cidad\u00e3os reestruturados para que n\u00e3o sejam reincidentes\u201d, justificou, citando que aqueles que n\u00e3o cumprirem corretamente as atividades ser\u00e3o substitu\u00eddos.<\/div>\n<div>&nbsp;<\/div>\n<div>O Sistema Penitenci\u00e1rio no Brasil est\u00e1 preocupante. Para os diretores, as pol\u00edticas p\u00fablicas se tornam necess\u00e1rias para que o detento cumpra a pena, mas seja reinserido no conv\u00edvio social, tendo por ferramenta b\u00e1sica a Lei de Execu\u00e7\u00e3o Penal e seus dois eixos: punir e ressocializar.<\/div>\n","protected":false},"excerpt":{"rendered":"<p>&nbsp; Maior intera\u00e7\u00e3o e a ressocializa\u00e7\u00e3o, trazendo os detentos para reintrodu\u00e7\u00e3o na sociedade, criando postos de trabalho para eles nas Secretarias da Prefeitura Municipal e os transformando em geradores de produ\u00e7\u00e3o. Estes foram os itens tratados pelo prefeito Grego e a dire\u00e7\u00e3o da Penitenci\u00e1ria Doutor Manoel Martins Lisboa J\u00fanior na reuni\u00e3o de hoje, 21 de [&hellip;]<\/p>\n","protected":false},"author":6,"featured_media":34465,"comment_status":"open","ping_status":"closed","sticky":false,"template":"","format":"standard","meta":{"_joinchat":[],"footnotes":""},"categories":[1],"tags":[],"class_list":["post-34464","post","type-post","status-publish","format-standard","has-post-thumbnail","hentry","category-sem-categoria"],"_links":{"self":[{"href":"http:\/\/folhadosudeste.com\/site\/index.php?rest_route=\/wp\/v2\/posts\/34464","targetHints":{"allow":["GET"]}}],"collection":[{"href":"http:\/\/folhadosudeste.com\/site\/index.php?rest_route=\/wp\/v2\/posts"}],"about":[{"href":"http:\/\/folhadosudeste.com\/site\/index.php?rest_route=\/wp\/v2\/types\/post"}],"author":[{"embeddable":true,"href":"http:\/\/folhadosudeste.com\/site\/index.php?rest_route=\/wp\/v2\/users\/6"}],"replies":[{"embeddable":true,"href":"http:\/\/folhadosudeste.com\/site\/index.php?rest_route=%2Fwp%2Fv2%2Fcomments&post=34464"}],"version-history":[{"count":1,"href":"http:\/\/folhadosudeste.com\/site\/index.php?rest_route=\/wp\/v2\/posts\/34464\/revisions"}],"predecessor-version":[{"id":34466,"href":"http:\/\/folhadosudeste.com\/site\/index.php?rest_route=\/wp\/v2\/posts\/34464\/revisions\/34466"}],"wp:featuredmedia":[{"embeddable":true,"href":"http:\/\/folhadosudeste.com\/site\/index.php?rest_route=\/wp\/v2\/media\/34465"}],"wp:attachment":[{"href":"http:\/\/folhadosudeste.com\/site\/index.php?rest_route=%2Fwp%2Fv2%2Fmedia&parent=34464"}],"wp:term":[{"taxonomy":"category","embeddable":true,"href":"http:\/\/folhadosudeste.com\/site\/index.php?rest_route=%2Fwp%2Fv2%2Fcategories&post=34464"},{"taxonomy":"post_tag","embeddable":true,"href":"http:\/\/folhadosudeste.com\/site\/index.php?rest_route=%2Fwp%2Fv2%2Ftags&post=34464"}],"curies":[{"name":"wp","href":"https:\/\/api.w.org\/{rel}","templated":true}]}}