{"id":34477,"date":"2017-03-24T14:40:03","date_gmt":"2017-03-24T14:40:03","guid":{"rendered":"http:\/\/folhadosudeste.com\/site\/?p=34477"},"modified":"2017-03-24T14:40:03","modified_gmt":"2017-03-24T14:40:03","slug":"caso-frei-gilberto-ganha-repercussao-em-jornal-o-globo","status":"publish","type":"post","link":"http:\/\/folhadosudeste.com\/site\/?p=34477","title":{"rendered":"Caso Frei Gilberto ganha repercuss\u00e3o em jornal O Globo"},"content":{"rendered":"<p><a href=\"http:\/\/folhadosudeste.com\/site\/wp-content\/uploads\/2017\/03\/FREI-GILBERTO.jpg\"><img loading=\"lazy\" decoding=\"async\" class=\"aligncenter size-full wp-image-34478\" src=\"http:\/\/folhadosudeste.com\/site\/wp-content\/uploads\/2017\/03\/FREI-GILBERTO.jpg\" alt=\"\" width=\"620\" height=\"293\" srcset=\"http:\/\/folhadosudeste.com\/site\/wp-content\/uploads\/2017\/03\/FREI-GILBERTO.jpg 620w, http:\/\/folhadosudeste.com\/site\/wp-content\/uploads\/2017\/03\/FREI-GILBERTO-300x142.jpg 300w\" sizes=\"auto, (max-width: 620px) 100vw, 620px\" \/><\/a><\/p>\n<p>A repercuss\u00e3o em torno do caso Frei Gilberto tem se tornado cada vez maior. Na \u00faltima semana ela chegou ao jornal O Globo, sendo tema central da mat\u00e9ria intitulada \u2018Explora\u00e7\u00e3o de min\u00e9rio enfrenta resist\u00eancia de moradores em distrito de Minas: Frade franciscano diz que foi amea\u00e7ado de morte\u2019, assinada por Fernanda Krakovics. A reportagem traz alguns pormenores do fato, desde seus primeiros desdobramentos no ano passado. Segue, na \u00edntegra, abaixo:<\/p>\n<p><strong>BELIS\u00c1RIO &#8211;<\/strong> Uma controv\u00e9rsia sobre a explora\u00e7\u00e3o de minas de bauxita, mat\u00e9ria-prima para a produ\u00e7\u00e3o de alum\u00ednio, se agravou no \u00faltimo m\u00eas em Belis\u00e1rio, distrito de Muria\u00e9 (MG), na Zona da Mata mineira. O frade franciscano Gilberto Teixeira, administrador da par\u00f3quia local, procurou a pol\u00edcia afirmando que foi amea\u00e7ado de morte por tentar impedir o in\u00edcio da minera\u00e7\u00e3o. A extra\u00e7\u00e3o do min\u00e9rio enfrenta resist\u00eancia de moradores, que temem o impacto ambiental na produ\u00e7\u00e3o agr\u00edcola.<\/p>\n<p>A Companhia Brasileira de Alum\u00ednio (CBA), empresa do grupo Votorantim, j\u00e1 extrai bauxita em cidades vizinhas e tem os direitos miner\u00e1rios, concedidos pelo Departamento Nacional de Produ\u00e7\u00e3o Mineral (DNPM), para fazer o mesmo em Belis\u00e1rio. A CBA afirmou, no entanto, que n\u00e3o tem planos de minerar nesse distrito de Muria\u00e9 nos pr\u00f3ximos cinco anos, e que ainda n\u00e3o deu in\u00edcio ao processo de licenciamento.<\/p>\n<p>Uma manifesta\u00e7\u00e3o contra a minera\u00e7\u00e3o em Belis\u00e1rio foi realizada no final de outubro e, em novembro, os \u00e2nimos se acirraram com a elei\u00e7\u00e3o da CBA para compor o conselho consultivo do Parque Estadual da Serra do Brigadeiro, unidade de conserva\u00e7\u00e3o que fica na regi\u00e3o.<\/p>\n<p>Uma das lideran\u00e7as do movimento de resist\u00eancia \u00e0 minera\u00e7\u00e3o, frei Gilberto disse que foi empurrado para dentro da casa paroquial por um homem armado na manh\u00e3 do dia 19 de fevereiro, ap\u00f3s celebrar a missa dominical na igreja matriz de Belis\u00e1rio. O caso foi registrado em boletim de ocorr\u00eancia na 32\u00aa delegacia de pol\u00edcia civil de Muria\u00e9, que abriu um inqu\u00e9rito.<\/p>\n<p>\u2014 Ele estava com uma arma na cintura (um rev\u00f3lver) e falou assim: \u201cHoje \u00e9 s\u00f3 um aviso que eu vim te dar, pode ficar tranquilo\u201d. Ele come\u00e7ou dizendo que eu estava falando muito sobre minera\u00e7\u00e3o e que eu devia falar menos sobre esse assunto \u2014 disse frei Gilberto.<\/p>\n<p>O frade afirmou que n\u00e3o conhece o homem que o amea\u00e7ou e que n\u00e3o tem elementos para acusar algu\u00e9m de t\u00ea-lo contratado:<\/p>\n<p>\u2014 N\u00e3o posso dizer que foi a CBA que mandou algu\u00e9m aqui. N\u00e3o tenho provas. O que posso afirmar \u00e9 que a amea\u00e7a est\u00e1 ligada \u00e0 atividade miner\u00e1ria. Pode ser algu\u00e9m da pr\u00f3pria regi\u00e3o interessado em que a mineradora chegue.<br \/>\nA CBA paga aos donos dos terrenos para extrair a bauxita, e o contrato prev\u00ea a recupera\u00e7\u00e3o da terra no fim do processo. A empresa ainda n\u00e3o come\u00e7ou a negociar o arrendamento das propriedades em Belis\u00e1rio.<\/p>\n<p>Quatro dias ap\u00f3s a suposta amea\u00e7a, a diocese de Leopoldina, que abrange Belis\u00e1rio, divulgou nota de apoio a frei Gilberto. O documento cita o assassinato, em 2005, em Anapu (PA), da mission\u00e1ria norte-americana Dorothy Stang, que defendia os direitos de pequenos produtores rurais.<\/p>\n<p>\u201cFrei Gilberto, em sua fun\u00e7\u00e3o mission\u00e1ria, como deve ser, vem prestando assist\u00eancia e apoio aos pequenos agricultores de sua comunidade, na luta contra a espolia\u00e7\u00e3o de suas terras e a degrada\u00e7\u00e3o das \u00e1reas de lavouras familiares. Em nosso pa\u00eds, como temos assistido com muita dor, os ditos \u2018grandes empreendimentos\u2019 n\u00e3o suportam argumenta\u00e7\u00e3o que contrarie seus planos, sabedores de que sempre sair\u00e3o vitoriosos. Pelo que, ignoram qualquer bem-estar ou direito dos fracos. Se entender necess\u00e1rio, desprezam at\u00e9 mesmo a vida humana dos contraditores. Irm\u00e3 Dorothy \u00e9 uma das nossas mais recentes e dolorosas mem\u00f3rias\u201d, diz trecho da nota, assinada pelo bispo de Leopoldina, dom Jos\u00e9 Eudes Campos do Nascimento, e pelo chanceler do bispado, Pedro Lopes Lima.<\/p>\n<p>Frei Gilberto solicitou sua inclus\u00e3o no Programa de Prote\u00e7\u00e3o aos Defensores de Direitos Humanos do governo de Minas.<\/p>\n<p>Gerente das unidades da CBA na Zona da Mata, Christian de Andrade lamentou o envolvimento do nome da empresa no epis\u00f3dio da suposta amea\u00e7a:<\/p>\n<p>\u2014 Como membro da comunidade que somos, estamos operando aqui (na regi\u00e3o) j\u00e1 h\u00e1 algum tempo, e nos solidarizamos com o frei Gilberto, mas ao mesmo tempo ficamos incomodados com o envolvimento do nosso nome neste caso.<br \/>\nA principal atividade econ\u00f4mica de Belis\u00e1rio \u00e9 a agricultura familiar, sobretudo planta\u00e7\u00e3o de caf\u00e9. O distrito, que tem cerca de 2.500 habitantes, fica no entorno do Parque Estadual da Serra do Brigadeiro.<\/p>\n<p>\u2014 N\u00e3o d\u00e1 para conciliar atividade miner\u00e1ria e agricultura familiar. Por mais que eles falem que depois eles recuperam, a gente tem visto nas \u00e1reas que j\u00e1 foram mineradas que a terra fica muito empobrecida. E agride de maneira especial a produ\u00e7\u00e3o de \u00e1gua. Boa parte da \u00e1gua que \u00e9 consumida em Muria\u00e9 e nas cidades a\u00ed para baixo vem daqui. Temos um grande n\u00famero de nascentes \u2014 diz frei Gilberto.<br \/>\nA CBA contesta e diz que n\u00e3o h\u00e1 riscos:<\/p>\n<p>\u2014 A minera\u00e7\u00e3o de bauxita, aqui na Zona da Mata, \u00e9 extremamente simples e altamente sustent\u00e1vel, pelas caracter\u00edsticas do min\u00e9rio na regi\u00e3o e pelo n\u00edvel de desenvolvimento que a gente teve das nossas t\u00e9cnicas. S\u00e3o minas extremamente pequenas, corpos pontuais. A lavra \u00e9 muito r\u00e1pida, e o processo de reabilita\u00e7\u00e3o inicia assim que o processo de lavra \u00e9 conclu\u00eddo. Rapidamente o propriet\u00e1rio rural est\u00e1 produzindo novamente na \u00e1rea que foi minerada \u2014 afirma o gerente das unidades da mineradora na Zona da Mata.<\/p>\n<p>Segundo ele, a CBA devolve as terras em melhores condi\u00e7\u00f5es do que antes:<\/p>\n<p>\u2014 N\u00f3s temos uma terra que j\u00e1 passou por v\u00e1rios processos de produ\u00e7\u00e3o rural aqui na regi\u00e3o. Como a gente entra com tecnologia, corre\u00e7\u00e3o do solo, estruturas de drenagem, t\u00e9cnicas que \u00e0s vezes o produtor rural n\u00e3o tem conhecimento ou n\u00e3o tem recurso financeiro para investir, a gente entrega a \u00e1rea melhor, de maior produtividade.<\/p>\n<p><strong>Hist\u00f3rico ruim<\/strong><\/p>\n<p>Apesar de ter dito que n\u00e3o ia se posicionar sobre a explora\u00e7\u00e3o de bauxita em Belis\u00e1rio, o prefeito de Muria\u00e9, Ioannis Grammatikopoulos (DEM), conhecido como Grego, afirmou que a cidade n\u00e3o tem boas lembran\u00e7as da minera\u00e7\u00e3o:<br \/>\n\u2014 Muria\u00e9 tem um hist\u00f3rico ruim, o estouro da barragem do Cons\u00f3rcio Mira\u00ed, em 2007, que assolou nossa cidade. Eu tenho certeza que isso pesa muito na opini\u00e3o p\u00fablica de todos os muriaeenses.<\/p>\n<p>O rompimento de um dique da mineradora Rio Pomba Cataguases Ltda, em Mira\u00ed (MG), cidade vizinha de Muria\u00e9, provocou o vazamento de pelo menos dois milh\u00f5es de metros c\u00fabicos (dois bilh\u00f5es de litros) de lama misturada com bauxita e sulfato de alum\u00ednio no Rio Muria\u00e9, um dos afluentes do Para\u00edba do Sul, em janeiro de 2007.<\/p>\n<p>O prefeito tamb\u00e9m ressaltou que h\u00e1 restri\u00e7\u00f5es para a minera\u00e7\u00e3o em Belis\u00e1rio, porque h\u00e1 \u00e1reas de prote\u00e7\u00e3o ambiental, e defendeu que o distrito se torne um \u201csantu\u00e1rio\u201d.<\/p>\n<p>Inicialmente, Grego disse que n\u00e3o daria opini\u00e3o sobre a controv\u00e9rsia porque n\u00e3o cabe \u00e0 prefeitura, e sim aos governos estadual e federal, o processo de autoriza\u00e7\u00e3o para a minera\u00e7\u00e3o. Ele disse ainda que n\u00e3o h\u00e1 perspectiva de a extra\u00e7\u00e3o de bauxita em Belis\u00e1rio come\u00e7ar no seu mandato e, por isso, n\u00e3o teria por que se meter no assunto.<\/p>\n<p><strong>Potencial tur\u00edstico<\/strong><\/p>\n<p>Meeiro em uma propriedade que produz caf\u00e9 em Belis\u00e1rio, Norival Oliveira disse ser contr\u00e1rio \u00e0 minera\u00e7\u00e3o:<\/p>\n<p>\u2014 A maioria \u00e9 contra (a minera\u00e7\u00e3o). Mas eles (CBA) acham que, se comprar o terreno de uma pessoa, os que est\u00e3o em volta v\u00e3o acabar querendo tamb\u00e9m. Acredito mais em ganhar dinheiro futuramente com a parte tur\u00edstica.<\/p>\n<p>O Pico do Itajuru, um dos pontos tur\u00edsticos de Muria\u00e9, fica em Belis\u00e1rio. O distrito tamb\u00e9m tem diversas cachoeiras.<\/p>\n<p>J\u00e1 Carlos Alberto de Freitas, criador de gado de corte tamb\u00e9m em Belis\u00e1rio, defende a extra\u00e7\u00e3o de bauxita no local:<\/p>\n<p>\u2014 Isso \u00e9 o progresso, n\u00e3o tem como barrar. E depois eles recuperam tudo. Eles pesquisaram aqui h\u00e1 25 anos. Na \u00e9poca, as pessoas foram a favor, ganharam dinheiro para fazer a cova (deixar pesquisar no terreno). Agora est\u00e3o influenciadas, mas na hora ficam a favor por causa do dinheiro.<\/p>\n<p>Veja mais no jornal Folha do Sudeste, edi\u00e7\u00e3o 750<\/p>\n","protected":false},"excerpt":{"rendered":"<p>A repercuss\u00e3o em torno do caso Frei Gilberto tem se tornado cada vez maior. Na \u00faltima semana ela chegou ao jornal O Globo, sendo tema central da mat\u00e9ria intitulada \u2018Explora\u00e7\u00e3o de min\u00e9rio enfrenta resist\u00eancia de moradores em distrito de Minas: Frade franciscano diz que foi amea\u00e7ado de morte\u2019, assinada por Fernanda Krakovics. A reportagem traz [&hellip;]<\/p>\n","protected":false},"author":2,"featured_media":34478,"comment_status":"open","ping_status":"closed","sticky":false,"template":"","format":"standard","meta":{"_joinchat":[],"footnotes":""},"categories":[1],"tags":[],"class_list":["post-34477","post","type-post","status-publish","format-standard","has-post-thumbnail","hentry","category-sem-categoria"],"_links":{"self":[{"href":"http:\/\/folhadosudeste.com\/site\/index.php?rest_route=\/wp\/v2\/posts\/34477","targetHints":{"allow":["GET"]}}],"collection":[{"href":"http:\/\/folhadosudeste.com\/site\/index.php?rest_route=\/wp\/v2\/posts"}],"about":[{"href":"http:\/\/folhadosudeste.com\/site\/index.php?rest_route=\/wp\/v2\/types\/post"}],"author":[{"embeddable":true,"href":"http:\/\/folhadosudeste.com\/site\/index.php?rest_route=\/wp\/v2\/users\/2"}],"replies":[{"embeddable":true,"href":"http:\/\/folhadosudeste.com\/site\/index.php?rest_route=%2Fwp%2Fv2%2Fcomments&post=34477"}],"version-history":[{"count":1,"href":"http:\/\/folhadosudeste.com\/site\/index.php?rest_route=\/wp\/v2\/posts\/34477\/revisions"}],"predecessor-version":[{"id":34479,"href":"http:\/\/folhadosudeste.com\/site\/index.php?rest_route=\/wp\/v2\/posts\/34477\/revisions\/34479"}],"wp:featuredmedia":[{"embeddable":true,"href":"http:\/\/folhadosudeste.com\/site\/index.php?rest_route=\/wp\/v2\/media\/34478"}],"wp:attachment":[{"href":"http:\/\/folhadosudeste.com\/site\/index.php?rest_route=%2Fwp%2Fv2%2Fmedia&parent=34477"}],"wp:term":[{"taxonomy":"category","embeddable":true,"href":"http:\/\/folhadosudeste.com\/site\/index.php?rest_route=%2Fwp%2Fv2%2Fcategories&post=34477"},{"taxonomy":"post_tag","embeddable":true,"href":"http:\/\/folhadosudeste.com\/site\/index.php?rest_route=%2Fwp%2Fv2%2Ftags&post=34477"}],"curies":[{"name":"wp","href":"https:\/\/api.w.org\/{rel}","templated":true}]}}