{"id":34480,"date":"2017-03-24T14:41:03","date_gmt":"2017-03-24T14:41:03","guid":{"rendered":"http:\/\/folhadosudeste.com\/site\/?p=34480"},"modified":"2017-03-24T14:41:03","modified_gmt":"2017-03-24T14:41:03","slug":"toninho-andrada-visita-municipio-de-rosario-da-limeira","status":"publish","type":"post","link":"http:\/\/folhadosudeste.com\/site\/?p=34480","title":{"rendered":"Toninho Andrada visita munic\u00edpio de Ros\u00e1rio da Limeira"},"content":{"rendered":"<p><a href=\"http:\/\/folhadosudeste.com\/site\/wp-content\/uploads\/2017\/03\/TONINHO-ANDRADA.jpg\"><img loading=\"lazy\" decoding=\"async\" class=\"aligncenter size-full wp-image-34481\" src=\"http:\/\/folhadosudeste.com\/site\/wp-content\/uploads\/2017\/03\/TONINHO-ANDRADA.jpg\" alt=\"\" width=\"620\" height=\"288\" srcset=\"http:\/\/folhadosudeste.com\/site\/wp-content\/uploads\/2017\/03\/TONINHO-ANDRADA.jpg 620w, http:\/\/folhadosudeste.com\/site\/wp-content\/uploads\/2017\/03\/TONINHO-ANDRADA-300x139.jpg 300w, http:\/\/folhadosudeste.com\/site\/wp-content\/uploads\/2017\/03\/TONINHO-ANDRADA-272x125.jpg 272w\" sizes=\"auto, (max-width: 620px) 100vw, 620px\" \/><\/a><\/p>\n<p>O presidente da Associa\u00e7\u00e3o Mineira de Munic\u00edpios (AMM) e professor universit\u00e1rio de Direito Constitucional e Ci\u00eancia Pol\u00edtica, Toninho Andrada, esteve presente em Ros\u00e1rio da Limeira na manh\u00e3 do \u00faltimo s\u00e1bado (18), a convite do prefeito do munic\u00edpio, Z\u00e9 Maria, sendo recebido na C\u00e2mara Municipal por ele, o vice-prefeito Davi Maciel, os vereadores, secret\u00e1rios e um grande n\u00famero de pessoas da comunidade. Z\u00e9 Maria lhe presenteou com um bel\u00edssimo artesanato local e mostrou toda a sua satisfa\u00e7\u00e3o em receb\u00ea-lo. Al\u00e9m de destacar seu carinho pela cidade e falar sobre sua situa\u00e7\u00e3o atual, tomando como base o panorama do Brasil, em meio \u00e0s dificuldades dos \u00faltimos anos, Toninho se colocou \u00e0 disposi\u00e7\u00e3o para contribuir com o crescimento local. Ele tem especializa\u00e7\u00e3o lato sensu em Controle da Administra\u00e7\u00e3o P\u00fablica, foi prefeito de Barbacena, deputado estadual por duas legislaturas, conselheiro do Tribunal de Contas do Estado e como Presidente da AMM, pode representar Ros\u00e1rio da Limeira, pois \u00e9 o elo entre o munic\u00edpio e os governos Estadual e Federal.<\/p>\n<p>Veja mais no jornal Folha do Sudeste, edi\u00e7\u00e3o 750<\/p>\n","protected":false},"excerpt":{"rendered":"<p>O presidente da Associa\u00e7\u00e3o Mineira de Munic\u00edpios (AMM) e professor universit\u00e1rio de Direito Constitucional e Ci\u00eancia Pol\u00edtica, Toninho Andrada, esteve presente em Ros\u00e1rio da Limeira na manh\u00e3 do \u00faltimo s\u00e1bado (18), a convite do prefeito do munic\u00edpio, Z\u00e9 Maria, sendo recebido na C\u00e2mara Municipal por ele, o vice-prefeito Davi Maciel, os vereadores, secret\u00e1rios e um [&hellip;]<\/p>\n","protected":false},"author":2,"featured_media":34481,"comment_status":"open","ping_status":"closed","sticky":false,"template":"","format":"standard","meta":{"_joinchat":[],"footnotes":""},"categories":[1],"tags":[],"class_list":["post-34480","post","type-post","status-publish","format-standard","has-post-thumbnail","hentry","category-sem-categoria"],"_links":{"self":[{"href":"http:\/\/folhadosudeste.com\/site\/index.php?rest_route=\/wp\/v2\/posts\/34480","targetHints":{"allow":["GET"]}}],"collection":[{"href":"http:\/\/folhadosudeste.com\/site\/index.php?rest_route=\/wp\/v2\/posts"}],"about":[{"href":"http:\/\/folhadosudeste.com\/site\/index.php?rest_route=\/wp\/v2\/types\/post"}],"author":[{"embeddable":true,"href":"http:\/\/folhadosudeste.com\/site\/index.php?rest_route=\/wp\/v2\/users\/2"}],"replies":[{"embeddable":true,"href":"http:\/\/folhadosudeste.com\/site\/index.php?rest_route=%2Fwp%2Fv2%2Fcomments&post=34480"}],"version-history":[{"count":1,"href":"http:\/\/folhadosudeste.com\/site\/index.php?rest_route=\/wp\/v2\/posts\/34480\/revisions"}],"predecessor-version":[{"id":34482,"href":"http:\/\/folhadosudeste.com\/site\/index.php?rest_route=\/wp\/v2\/posts\/34480\/revisions\/34482"}],"wp:featuredmedia":[{"embeddable":true,"href":"http:\/\/folhadosudeste.com\/site\/index.php?rest_route=\/wp\/v2\/media\/34481"}],"wp:attachment":[{"href":"http:\/\/folhadosudeste.com\/site\/index.php?rest_route=%2Fwp%2Fv2%2Fmedia&parent=34480"}],"wp:term":[{"taxonomy":"category","embeddable":true,"href":"http:\/\/folhadosudeste.com\/site\/index.php?rest_route=%2Fwp%2Fv2%2Fcategories&post=34480"},{"taxonomy":"post_tag","embeddable":true,"href":"http:\/\/folhadosudeste.com\/site\/index.php?rest_route=%2Fwp%2Fv2%2Ftags&post=34480"}],"curies":[{"name":"wp","href":"https:\/\/api.w.org\/{rel}","templated":true}]}}