{"id":34483,"date":"2017-03-24T14:41:38","date_gmt":"2017-03-24T14:41:38","guid":{"rendered":"http:\/\/folhadosudeste.com\/site\/?p=34483"},"modified":"2017-03-24T14:41:38","modified_gmt":"2017-03-24T14:41:38","slug":"imprensa-promove-cafe-da-manha-com-comando-da-pm","status":"publish","type":"post","link":"http:\/\/folhadosudeste.com\/site\/?p=34483","title":{"rendered":"Imprensa promove Caf\u00e9 da Manh\u00e3 com Comando da PM"},"content":{"rendered":"<p><a href=\"http:\/\/folhadosudeste.com\/site\/wp-content\/uploads\/2017\/03\/CAF\u00c9-COM-A-IMPRENSA.jpg\"><img loading=\"lazy\" decoding=\"async\" class=\"aligncenter size-full wp-image-34484\" src=\"http:\/\/folhadosudeste.com\/site\/wp-content\/uploads\/2017\/03\/CAF\u00c9-COM-A-IMPRENSA.jpg\" alt=\"\" width=\"620\" height=\"246\" srcset=\"http:\/\/folhadosudeste.com\/site\/wp-content\/uploads\/2017\/03\/CAF\u00c9-COM-A-IMPRENSA.jpg 620w, http:\/\/folhadosudeste.com\/site\/wp-content\/uploads\/2017\/03\/CAF\u00c9-COM-A-IMPRENSA-300x119.jpg 300w\" sizes=\"auto, (max-width: 620px) 100vw, 620px\" \/><\/a><\/p>\n<p>A imprensa muriaeense promoveu nesta ter\u00e7a-feira um Caf\u00e9 da Manh\u00e3 com o Comando do 47\u00ba Batlh\u00e3o da Pol\u00edcia Militar de Muria\u00e9 (comandante: Ten. Cel. Joedson; subcomandante: Major Vitor; comandante da 76\u00aa Cia. PM, Capit\u00e3o Sandro). O objetivo da organiza\u00e7\u00e3o do encontro, encabe\u00e7ado pelo radialista, Gilson J\u00fanior, foi a apresenta\u00e7\u00e3o dos profissionais da imprensa ao novo comando, uma forma tamb\u00e9m de estreitar o relacionamento.<\/p>\n<p>Entre os presentes, estavam: Silvan Alves (Site de Not\u00edcias Silvan Alves), Gilson J\u00fanior (R\u00e1dio Muria\u00e9), Cl\u00e1udio Cordeiro (Interligado On Line), Gabriela Marquito (Jornal A Not\u00edcia) Paulo Roberto da R\u00e1dio (Site Miradouro), Helenice (Jornal Folha do Sudeste), Mariele Mageste (Jornal Gazeta de Muria\u00e9), Sandro Janunzi (Guia Muria\u00e9) e T\u00e2nia Gusman (Colunista Social).<\/p>\n<p>O comandante Joedson elogiou a atitude que partiu da imprensa muriaeense. &#8220;\u00c9 primeira vez que sou convidado para um caf\u00e9 em minha pr\u00f3pria casa&#8221; brincou se colocando a disposi\u00e7\u00e3o de todos. Ele tem o perfil operacional por ter trabalhado por muitos anos na capital mineira.<\/p>\n<p>Veja mais no jornal Folha do Sudeste, edi\u00e7\u00e3o 750<\/p>\n","protected":false},"excerpt":{"rendered":"<p>A imprensa muriaeense promoveu nesta ter\u00e7a-feira um Caf\u00e9 da Manh\u00e3 com o Comando do 47\u00ba Batlh\u00e3o da Pol\u00edcia Militar de Muria\u00e9 (comandante: Ten. Cel. Joedson; subcomandante: Major Vitor; comandante da 76\u00aa Cia. PM, Capit\u00e3o Sandro). O objetivo da organiza\u00e7\u00e3o do encontro, encabe\u00e7ado pelo radialista, Gilson J\u00fanior, foi a apresenta\u00e7\u00e3o dos profissionais da imprensa ao novo [&hellip;]<\/p>\n","protected":false},"author":2,"featured_media":34484,"comment_status":"open","ping_status":"closed","sticky":false,"template":"","format":"standard","meta":{"_joinchat":[],"footnotes":""},"categories":[1],"tags":[],"class_list":["post-34483","post","type-post","status-publish","format-standard","has-post-thumbnail","hentry","category-sem-categoria"],"_links":{"self":[{"href":"http:\/\/folhadosudeste.com\/site\/index.php?rest_route=\/wp\/v2\/posts\/34483","targetHints":{"allow":["GET"]}}],"collection":[{"href":"http:\/\/folhadosudeste.com\/site\/index.php?rest_route=\/wp\/v2\/posts"}],"about":[{"href":"http:\/\/folhadosudeste.com\/site\/index.php?rest_route=\/wp\/v2\/types\/post"}],"author":[{"embeddable":true,"href":"http:\/\/folhadosudeste.com\/site\/index.php?rest_route=\/wp\/v2\/users\/2"}],"replies":[{"embeddable":true,"href":"http:\/\/folhadosudeste.com\/site\/index.php?rest_route=%2Fwp%2Fv2%2Fcomments&post=34483"}],"version-history":[{"count":1,"href":"http:\/\/folhadosudeste.com\/site\/index.php?rest_route=\/wp\/v2\/posts\/34483\/revisions"}],"predecessor-version":[{"id":34485,"href":"http:\/\/folhadosudeste.com\/site\/index.php?rest_route=\/wp\/v2\/posts\/34483\/revisions\/34485"}],"wp:featuredmedia":[{"embeddable":true,"href":"http:\/\/folhadosudeste.com\/site\/index.php?rest_route=\/wp\/v2\/media\/34484"}],"wp:attachment":[{"href":"http:\/\/folhadosudeste.com\/site\/index.php?rest_route=%2Fwp%2Fv2%2Fmedia&parent=34483"}],"wp:term":[{"taxonomy":"category","embeddable":true,"href":"http:\/\/folhadosudeste.com\/site\/index.php?rest_route=%2Fwp%2Fv2%2Fcategories&post=34483"},{"taxonomy":"post_tag","embeddable":true,"href":"http:\/\/folhadosudeste.com\/site\/index.php?rest_route=%2Fwp%2Fv2%2Ftags&post=34483"}],"curies":[{"name":"wp","href":"https:\/\/api.w.org\/{rel}","templated":true}]}}