{"id":34489,"date":"2017-03-24T14:43:01","date_gmt":"2017-03-24T14:43:01","guid":{"rendered":"http:\/\/folhadosudeste.com\/site\/?p=34489"},"modified":"2017-03-24T14:43:01","modified_gmt":"2017-03-24T14:43:01","slug":"prefeitura-de-muriae-e-fnp-organizaram-evento-para-dezenas-de-prefeitos-da-regiao","status":"publish","type":"post","link":"http:\/\/folhadosudeste.com\/site\/?p=34489","title":{"rendered":"Prefeitura de Muria\u00e9 e FNP organizaram evento para dezenas de prefeitos da regi\u00e3o"},"content":{"rendered":"<p><a href=\"http:\/\/folhadosudeste.com\/site\/wp-content\/uploads\/2017\/03\/ENCONTRO-DOS-PREFEITOS.jpg\"><img loading=\"lazy\" decoding=\"async\" class=\"aligncenter size-full wp-image-34490\" src=\"http:\/\/folhadosudeste.com\/site\/wp-content\/uploads\/2017\/03\/ENCONTRO-DOS-PREFEITOS.jpg\" alt=\"\" width=\"620\" height=\"237\" srcset=\"http:\/\/folhadosudeste.com\/site\/wp-content\/uploads\/2017\/03\/ENCONTRO-DOS-PREFEITOS.jpg 620w, http:\/\/folhadosudeste.com\/site\/wp-content\/uploads\/2017\/03\/ENCONTRO-DOS-PREFEITOS-300x115.jpg 300w\" sizes=\"auto, (max-width: 620px) 100vw, 620px\" \/><\/a><\/p>\n<p>Muria\u00e9 sediou o Lan\u00e7amento Regional Preparat\u00f3rio para IV Encontro dos Munic\u00edpios com o Desenvolvimento Sustent\u00e1vel (EMDS), realizado pela Frente Nacional de Prefeitos \u2013 FNP, em parceria com a Prefeitura de Muria\u00e9 e Sebrae, neste s\u00e1bado, 18 de mar\u00e7o, no audit\u00f3rio da UNIFAMINAS. O evento reuniu prefeitos de toda a regi\u00e3o com o objetivo de estabelecer a uni\u00e3o entre as partes e fortalecer os munic\u00edpios, favorecendo, desta forma, a amplia\u00e7\u00e3o das pol\u00edticas p\u00fablicas e a organiza\u00e7\u00e3o de projetos que atraiam recursos.<\/p>\n<p>O prefeito Grego abriu o evento que contou com a presen\u00e7a do presidente da FNP, M\u00e1rcio Lacerda; com o deputado federal, Misael Varella; o suplente de Senador, Lael Varella; o presidente da AMERP, Almiro Marques (Mirim); o presidente da Cisleste, Claudiomir Vieira; o consultor t\u00e9cnico do Sebrae \u2013 Muria\u00e9, Galv\u00e3o e o consultor p\u00fablico, Vitor Valverde.<\/p>\n<p>Para Ioannis Konstantinos Gramatikopoulos (Grego), a oportunidade foi uma demonstra\u00e7\u00e3o concreta do interesse de Muria\u00e9 em se desenvolver e lutar junto com as demais cidades pelo desenvolvimento da regi\u00e3o: \u201c\u00c9 na uni\u00e3o que seremos fortes para enfrentarmos os problemas que s\u00e3o inerentes a todos os munic\u00edpios\u201d, afirmou, citando a necessidade de se prepararem para a\u00e7\u00f5es conjuntas junto ao Estado e Uni\u00e3o.<\/p>\n<p>O IV Encontro dos Munic\u00edpios com o Desenvolvimento Sustent\u00e1vel acontecer\u00e1 em Bras\u00edlia \u2013 Distrito Federal, nos dias 24 a 28 de abril, no Est\u00e1dio Manel Garrincha e discutir\u00e1 temas voltados para o desenvolvimento e sustentabilidade dos munic\u00edpios. A FNP \u00e9 uma entidade pluripartid\u00e1ria que agrega cidades de todos os portes sob o foco de alavancar o crescimento.<\/p>\n<p>William Lobo de Almeida, prefeito de Cataguases, ficou muito satisfeito com a reuni\u00e3o, a pauta e as discuss\u00f5es. \u201cParab\u00e9ns a todos os envolvidos pela participa\u00e7\u00e3o no &#8216;Lan\u00e7amento Regional Preparat\u00f3rio para IV Encontro dos Munic\u00edpios com o Desenvolvimento Sustent\u00e1vel&#8217;. \u00c9 sempre um prazer e honra estar envolvido em projetos para uma pol\u00edtica diferenciada. Minha preocupa\u00e7\u00e3o, enquanto administrador, \u00e9 levar uma gest\u00e3o s\u00e9ria, respons\u00e1vel e transparente. Junto com os amigos gestores, teremos a oportunidade de proporcionar as melhorias necess\u00e1rias em nossa regi\u00e3o\u201d, explica.<\/p>\n<p>Veja mais no jornal Folha do Sudeste, edi\u00e7\u00e3o 750<\/p>\n","protected":false},"excerpt":{"rendered":"<p>Muria\u00e9 sediou o Lan\u00e7amento Regional Preparat\u00f3rio para IV Encontro dos Munic\u00edpios com o Desenvolvimento Sustent\u00e1vel (EMDS), realizado pela Frente Nacional de Prefeitos \u2013 FNP, em parceria com a Prefeitura de Muria\u00e9 e Sebrae, neste s\u00e1bado, 18 de mar\u00e7o, no audit\u00f3rio da UNIFAMINAS. O evento reuniu prefeitos de toda a regi\u00e3o com o objetivo de estabelecer [&hellip;]<\/p>\n","protected":false},"author":2,"featured_media":34490,"comment_status":"open","ping_status":"closed","sticky":false,"template":"","format":"standard","meta":{"_joinchat":[],"footnotes":""},"categories":[1],"tags":[],"class_list":["post-34489","post","type-post","status-publish","format-standard","has-post-thumbnail","hentry","category-sem-categoria"],"_links":{"self":[{"href":"http:\/\/folhadosudeste.com\/site\/index.php?rest_route=\/wp\/v2\/posts\/34489","targetHints":{"allow":["GET"]}}],"collection":[{"href":"http:\/\/folhadosudeste.com\/site\/index.php?rest_route=\/wp\/v2\/posts"}],"about":[{"href":"http:\/\/folhadosudeste.com\/site\/index.php?rest_route=\/wp\/v2\/types\/post"}],"author":[{"embeddable":true,"href":"http:\/\/folhadosudeste.com\/site\/index.php?rest_route=\/wp\/v2\/users\/2"}],"replies":[{"embeddable":true,"href":"http:\/\/folhadosudeste.com\/site\/index.php?rest_route=%2Fwp%2Fv2%2Fcomments&post=34489"}],"version-history":[{"count":1,"href":"http:\/\/folhadosudeste.com\/site\/index.php?rest_route=\/wp\/v2\/posts\/34489\/revisions"}],"predecessor-version":[{"id":34491,"href":"http:\/\/folhadosudeste.com\/site\/index.php?rest_route=\/wp\/v2\/posts\/34489\/revisions\/34491"}],"wp:featuredmedia":[{"embeddable":true,"href":"http:\/\/folhadosudeste.com\/site\/index.php?rest_route=\/wp\/v2\/media\/34490"}],"wp:attachment":[{"href":"http:\/\/folhadosudeste.com\/site\/index.php?rest_route=%2Fwp%2Fv2%2Fmedia&parent=34489"}],"wp:term":[{"taxonomy":"category","embeddable":true,"href":"http:\/\/folhadosudeste.com\/site\/index.php?rest_route=%2Fwp%2Fv2%2Fcategories&post=34489"},{"taxonomy":"post_tag","embeddable":true,"href":"http:\/\/folhadosudeste.com\/site\/index.php?rest_route=%2Fwp%2Fv2%2Ftags&post=34489"}],"curies":[{"name":"wp","href":"https:\/\/api.w.org\/{rel}","templated":true}]}}