{"id":34492,"date":"2017-03-24T14:44:10","date_gmt":"2017-03-24T14:44:10","guid":{"rendered":"http:\/\/folhadosudeste.com\/site\/?p=34492"},"modified":"2017-03-24T14:44:10","modified_gmt":"2017-03-24T14:44:10","slug":"4o-encontro-de-parceiros-das-medidas-socioeducativas","status":"publish","type":"post","link":"http:\/\/folhadosudeste.com\/site\/?p=34492","title":{"rendered":"4\u00ba Encontro de Parceiros das Medidas Socioeducativas"},"content":{"rendered":"<p><a href=\"http:\/\/folhadosudeste.com\/site\/wp-content\/uploads\/2017\/03\/MEDIDAS-SOCIO-EDUCATIVAS.jpg\"><img loading=\"lazy\" decoding=\"async\" class=\"aligncenter size-full wp-image-34493\" src=\"http:\/\/folhadosudeste.com\/site\/wp-content\/uploads\/2017\/03\/MEDIDAS-SOCIO-EDUCATIVAS.jpg\" alt=\"\" width=\"620\" height=\"264\" srcset=\"http:\/\/folhadosudeste.com\/site\/wp-content\/uploads\/2017\/03\/MEDIDAS-SOCIO-EDUCATIVAS.jpg 620w, http:\/\/folhadosudeste.com\/site\/wp-content\/uploads\/2017\/03\/MEDIDAS-SOCIO-EDUCATIVAS-300x128.jpg 300w\" sizes=\"auto, (max-width: 620px) 100vw, 620px\" \/><\/a><\/p>\n<p>Foi realizado, no Teatro Zaccaria Marques, na manh\u00e3 da \u00faltima quinta (23), o \u20184\u00ba Encontro de Parceiros das Medidas Socioeducativas\u2019, com o tema \u2018A Import\u00e2ncia e os Desafios do Trabalho em Rede na Pol\u00edtica de Atendimento das Medidas Socioeducativas em Muria\u00e9\u2019. O palestrante foi J\u00falio C\u00e9sar Simbra Soares, Mestre em Direito P\u00fablico, professor universit\u00e1rio e vereador de Muria\u00e9.<\/p>\n<p>O vereador e servidor p\u00fablico J\u00falio Simbra ressaltou a import\u00e2ncia de iniciar um desafio importante, referente \u00e0s medidas socioeducativas de adolescentes em conflito com a lei, ou seja, quanto \u00e0 pr\u00e1tica do ato infracional \u00e9 necess\u00e1rio o trabalho da justi\u00e7a restaurativa, mas tamb\u00e9m da justi\u00e7a retributiva. \u201cEm Muria\u00e9 temos que estar cientes de como se realizam as medidas socioeducativas, quem tem que fazer, quais s\u00e3o os \u00f3rg\u00e3os e institutos que devem trabalhar nessa rede em conjunto para chegar ao objetivo, entre outras perguntas que tentamos esclarecer. \u00c9 poss\u00edvel reeducar um adolescente. Temos as infra\u00e7\u00f5es de tr\u00e2nsito, que sempre causam transtornos, e existe um perigo de quando a pessoa n\u00e3o \u00e9 habilitada, portanto a justi\u00e7a precisa tomar uma atitude. A redu\u00e7\u00e3o da maioridade n\u00e3o um tema que entramos neste encontro, mas, na minha opini\u00e3o, o problema \u00e9 realizar pol\u00edticas p\u00fablicas que possam garantir o estatuto do adolescente e da crian\u00e7a. E o afastamento da escola \u00e9 a causa da infra\u00e7\u00e3o de adolescentes\u201d, explica.<\/p>\n<p>A secret\u00e1ria municipal de Desenvolvimento Social, Gisele Braga de Aquino, disse que ainda n\u00e3o havia sido discutida uma tem\u00e1tica como esta, da maneira como foi abordada. \u201cPudemos colocar como um marco importante, para a abertura dessa discuss\u00e3o, o ECA. Trata-se de um estatuto importante, que veio possibilitar um novo olhar, para adolescentes em conflito, articular a pol\u00edtica nacional de assistente social, e outras frentes que deram possibilidade de olhar esse sujeito como algu\u00e9m de direitos, dentro do cen\u00e1rio da pol\u00edtica. Precisamos olhar para eles com a devida import\u00e2ncia, mas as penas devem ser cumpridas com dignidade humana. Que nesses quatro anos possamos chegar com um munic\u00edpio muito avan\u00e7ado e, para isso, precisaremos de nossas institui\u00e7\u00f5es de ensino conosco\u201d, destaca.<\/p>\n<p>O prefeito Grego declarou ser uma alegria e satisfa\u00e7\u00e3o ver a casa cheia, diante de uma tem\u00e1tica t\u00e3o importante, com desafios que parecem enormes, mas n\u00e3o s\u00e3o. \u201c\u00c9 com essa certeza que temos que continuar progredindo. Quando falamos de equipe, ela deve ser multidisciplinar e todos n\u00f3s somos respons\u00e1veis, com as institui\u00e7\u00f5es parceiras. Sinto-me muito encantado com a equipe que me auxilia e todos os colaboradores que me assessoram. Estamos juntos nessa tarefa, com uma consci\u00eancia que me d\u00e1 muita serenidade. A medida socioeducativa deve ser feita, tanto no vizinho, quanto dentro de nossa casa. Esse \u00e9 o grande desafio que n\u00f3s, cidad\u00e3os, devemos enfrentar\u201d, completa.<\/p>\n<p>Veja mais no jornal Folha do Sudeste, edi\u00e7\u00e3o 750<\/p>\n","protected":false},"excerpt":{"rendered":"<p>Foi realizado, no Teatro Zaccaria Marques, na manh\u00e3 da \u00faltima quinta (23), o \u20184\u00ba Encontro de Parceiros das Medidas Socioeducativas\u2019, com o tema \u2018A Import\u00e2ncia e os Desafios do Trabalho em Rede na Pol\u00edtica de Atendimento das Medidas Socioeducativas em Muria\u00e9\u2019. O palestrante foi J\u00falio C\u00e9sar Simbra Soares, Mestre em Direito P\u00fablico, professor universit\u00e1rio e [&hellip;]<\/p>\n","protected":false},"author":2,"featured_media":34493,"comment_status":"open","ping_status":"closed","sticky":false,"template":"","format":"standard","meta":{"_joinchat":[],"footnotes":""},"categories":[1],"tags":[],"class_list":["post-34492","post","type-post","status-publish","format-standard","has-post-thumbnail","hentry","category-sem-categoria"],"_links":{"self":[{"href":"http:\/\/folhadosudeste.com\/site\/index.php?rest_route=\/wp\/v2\/posts\/34492","targetHints":{"allow":["GET"]}}],"collection":[{"href":"http:\/\/folhadosudeste.com\/site\/index.php?rest_route=\/wp\/v2\/posts"}],"about":[{"href":"http:\/\/folhadosudeste.com\/site\/index.php?rest_route=\/wp\/v2\/types\/post"}],"author":[{"embeddable":true,"href":"http:\/\/folhadosudeste.com\/site\/index.php?rest_route=\/wp\/v2\/users\/2"}],"replies":[{"embeddable":true,"href":"http:\/\/folhadosudeste.com\/site\/index.php?rest_route=%2Fwp%2Fv2%2Fcomments&post=34492"}],"version-history":[{"count":1,"href":"http:\/\/folhadosudeste.com\/site\/index.php?rest_route=\/wp\/v2\/posts\/34492\/revisions"}],"predecessor-version":[{"id":34494,"href":"http:\/\/folhadosudeste.com\/site\/index.php?rest_route=\/wp\/v2\/posts\/34492\/revisions\/34494"}],"wp:featuredmedia":[{"embeddable":true,"href":"http:\/\/folhadosudeste.com\/site\/index.php?rest_route=\/wp\/v2\/media\/34493"}],"wp:attachment":[{"href":"http:\/\/folhadosudeste.com\/site\/index.php?rest_route=%2Fwp%2Fv2%2Fmedia&parent=34492"}],"wp:term":[{"taxonomy":"category","embeddable":true,"href":"http:\/\/folhadosudeste.com\/site\/index.php?rest_route=%2Fwp%2Fv2%2Fcategories&post=34492"},{"taxonomy":"post_tag","embeddable":true,"href":"http:\/\/folhadosudeste.com\/site\/index.php?rest_route=%2Fwp%2Fv2%2Ftags&post=34492"}],"curies":[{"name":"wp","href":"https:\/\/api.w.org\/{rel}","templated":true}]}}