{"id":34495,"date":"2017-03-24T14:58:03","date_gmt":"2017-03-24T14:58:03","guid":{"rendered":"http:\/\/folhadosudeste.com\/site\/?p=34495"},"modified":"2017-03-24T14:58:03","modified_gmt":"2017-03-24T14:58:03","slug":"niver-de-miguel","status":"publish","type":"post","link":"http:\/\/folhadosudeste.com\/site\/?p=34495","title":{"rendered":"Niver de Miguel"},"content":{"rendered":"<p><a href=\"http:\/\/folhadosudeste.com\/site\/wp-content\/uploads\/2017\/03\/1-ANINHO-MIGUEL.jpg\"><img loading=\"lazy\" decoding=\"async\" class=\"aligncenter size-full wp-image-34496\" src=\"http:\/\/folhadosudeste.com\/site\/wp-content\/uploads\/2017\/03\/1-ANINHO-MIGUEL.jpg\" alt=\"\" width=\"620\" height=\"321\" srcset=\"http:\/\/folhadosudeste.com\/site\/wp-content\/uploads\/2017\/03\/1-ANINHO-MIGUEL.jpg 620w, http:\/\/folhadosudeste.com\/site\/wp-content\/uploads\/2017\/03\/1-ANINHO-MIGUEL-300x155.jpg 300w\" sizes=\"auto, (max-width: 620px) 100vw, 620px\" \/><\/a><\/p>\n<p>No dia 19 de mar\u00e7o comemorou-se o primeiro anivers\u00e1rio de Miguel Rog\u00e9rio Braga Baptista, filho dos nossos colunistas Niara Braga e Rog\u00e9rio J\u00fanior e neto de nossa colunista Nilma Braga. A festa aconteceu no espa\u00e7o Castelinho Festas, com decora\u00e7\u00e3o de Nice, buffet de Maria Helena Nei e os convidados ficaram animados com a m\u00fasica ao vivo de Mois\u00e9s Bastos e Ricardo. Padre Carlos aben\u00e7oou o aniversariante e fez uma emocionante ora\u00e7\u00e3o com todos os presentes. Parab\u00e9ns Miguel! Deus te abencoe!<\/p>\n<p>Veja mais no jornal Folha do Sudeste, edi\u00e7\u00e3o 750<\/p>\n<p>[ngg_images source=&#8221;galleries&#8221; container_ids=&#8221;912&#8243; display_type=&#8221;photocrati-nextgen_basic_thumbnails&#8221; override_thumbnail_settings=&#8221;0&#8243; thumbnail_width=&#8221;100&#8243; thumbnail_height=&#8221;75&#8243; thumbnail_crop=&#8221;1&#8243; images_per_page=&#8221;0&#8243; number_of_columns=&#8221;0&#8243; ajax_pagination=&#8221;0&#8243; show_all_in_lightbox=&#8221;0&#8243; use_imagebrowser_effect=&#8221;0&#8243; show_slideshow_link=&#8221;1&#8243; slideshow_link_text=&#8221;[Show as slideshow]&#8221; order_by=&#8221;sortorder&#8221; order_direction=&#8221;ASC&#8221; returns=&#8221;included&#8221; maximum_entity_count=&#8221;500&#8243;]<\/p>\n","protected":false},"excerpt":{"rendered":"<p>No dia 19 de mar\u00e7o comemorou-se o primeiro anivers\u00e1rio de Miguel Rog\u00e9rio Braga Baptista, filho dos nossos colunistas Niara Braga e Rog\u00e9rio J\u00fanior e neto de nossa colunista Nilma Braga. A festa aconteceu no espa\u00e7o Castelinho Festas, com decora\u00e7\u00e3o de Nice, buffet de Maria Helena Nei e os convidados ficaram animados com a m\u00fasica ao [&hellip;]<\/p>\n","protected":false},"author":2,"featured_media":34496,"comment_status":"open","ping_status":"closed","sticky":false,"template":"","format":"standard","meta":{"_joinchat":[],"footnotes":""},"categories":[1],"tags":[],"class_list":["post-34495","post","type-post","status-publish","format-standard","has-post-thumbnail","hentry","category-sem-categoria"],"_links":{"self":[{"href":"http:\/\/folhadosudeste.com\/site\/index.php?rest_route=\/wp\/v2\/posts\/34495","targetHints":{"allow":["GET"]}}],"collection":[{"href":"http:\/\/folhadosudeste.com\/site\/index.php?rest_route=\/wp\/v2\/posts"}],"about":[{"href":"http:\/\/folhadosudeste.com\/site\/index.php?rest_route=\/wp\/v2\/types\/post"}],"author":[{"embeddable":true,"href":"http:\/\/folhadosudeste.com\/site\/index.php?rest_route=\/wp\/v2\/users\/2"}],"replies":[{"embeddable":true,"href":"http:\/\/folhadosudeste.com\/site\/index.php?rest_route=%2Fwp%2Fv2%2Fcomments&post=34495"}],"version-history":[{"count":1,"href":"http:\/\/folhadosudeste.com\/site\/index.php?rest_route=\/wp\/v2\/posts\/34495\/revisions"}],"predecessor-version":[{"id":34507,"href":"http:\/\/folhadosudeste.com\/site\/index.php?rest_route=\/wp\/v2\/posts\/34495\/revisions\/34507"}],"wp:featuredmedia":[{"embeddable":true,"href":"http:\/\/folhadosudeste.com\/site\/index.php?rest_route=\/wp\/v2\/media\/34496"}],"wp:attachment":[{"href":"http:\/\/folhadosudeste.com\/site\/index.php?rest_route=%2Fwp%2Fv2%2Fmedia&parent=34495"}],"wp:term":[{"taxonomy":"category","embeddable":true,"href":"http:\/\/folhadosudeste.com\/site\/index.php?rest_route=%2Fwp%2Fv2%2Fcategories&post=34495"},{"taxonomy":"post_tag","embeddable":true,"href":"http:\/\/folhadosudeste.com\/site\/index.php?rest_route=%2Fwp%2Fv2%2Ftags&post=34495"}],"curies":[{"name":"wp","href":"https:\/\/api.w.org\/{rel}","templated":true}]}}