{"id":34508,"date":"2017-03-24T14:59:43","date_gmt":"2017-03-24T14:59:43","guid":{"rendered":"http:\/\/folhadosudeste.com\/site\/?p=34508"},"modified":"2017-03-24T14:59:43","modified_gmt":"2017-03-24T14:59:43","slug":"cristian-gomes-lima-e-eleito-presidente-da-amle","status":"publish","type":"post","link":"http:\/\/folhadosudeste.com\/site\/?p=34508","title":{"rendered":"Cristian Gomes Lima \u00e9 eleito presidente da AMLE"},"content":{"rendered":"<p><a href=\"http:\/\/folhadosudeste.com\/site\/wp-content\/uploads\/2017\/03\/ACADEMIA-DE-LETRAS.jpg\"><img loading=\"lazy\" decoding=\"async\" class=\"aligncenter size-full wp-image-34509\" src=\"http:\/\/folhadosudeste.com\/site\/wp-content\/uploads\/2017\/03\/ACADEMIA-DE-LETRAS.jpg\" alt=\"\" width=\"620\" height=\"254\" srcset=\"http:\/\/folhadosudeste.com\/site\/wp-content\/uploads\/2017\/03\/ACADEMIA-DE-LETRAS.jpg 620w, http:\/\/folhadosudeste.com\/site\/wp-content\/uploads\/2017\/03\/ACADEMIA-DE-LETRAS-300x123.jpg 300w\" sizes=\"auto, (max-width: 620px) 100vw, 620px\" \/><\/a><\/p>\n<p>A Academia Muriaeense de Letras (AMLE), institui\u00e7\u00e3o com registro de funda\u00e7\u00e3o de 6 de dezembro de 2012, composta por 30 cadeiras, contando atualmente com 29 preenchidas (uma vaga devido a falecimento), empossou na noite do dia 18\/03, sua terceira diretoria. O evento aconteceu no Teatro Zaccaria Marques e contou al\u00e9m dos acad\u00eamicos, com a presen\u00e7a de familiares, amigos, autoridades e foi abrilhantada pelo m\u00fasico Gilvan Paiva. A diretoria para o bi\u00eanio 2017\/2018 foi eleita por aclama\u00e7\u00e3o e ficou com a seguinte composi\u00e7\u00e3o: Presidente (Cristian Gomes Lima), Vice-presidente (Mar\u00edlia Neves), 1\u00aa Secret\u00e1ria (Teresa Oliva), 2\u00aa secret\u00e1ria (Andr\u00e9a do Valle), 1\u00ba Tesoureiro (Coracy Bandeira), 2\u00ba Tesoureiro (Geraldo Moreira), Diretor de Rela\u00e7\u00f5es P\u00fablicas (Elias Muratori) e Bibliotec\u00e1ria (Maria Rita). Uma vez empossada a nova diretoria cuidar\u00e1 de, em breve espa\u00e7o temporal apresentar \u00e0 sociedade, uma ampla agenda de eventos \u2013 internos e externos, o que ser\u00e1 feito por meio de uma coletiva de imprensa, a ser comunicada oportunamente.<\/p>\n<p>O presidente eleito da AMLE, Cristian Gomes Lima, afirmou que \u00e9 uma grande responsabilidade ocupar este cargo, pois, desde sua funda\u00e7\u00e3o, a Academia nunca andou pra tr\u00e1s. Para ele, trata-se de uma institui\u00e7\u00e3o nova e que, de maneira lenta e gradual, vem se consolidando no cen\u00e1rio cultural de Muria\u00e9 e regi\u00e3o, tendo at\u00e9 o final de 2016, realizado dois grandes eventos: o Simp\u00f3sio de Literatura e a Mostra de M\u00fasica Contempor\u00e2nea, al\u00e9m de uma s\u00e9rie de solenidades internas e externas, que serviram para mostrar a seriedade institucional e a alta qualidade de produ\u00e7\u00e3o cultural que Muria\u00e9 ganha por possuir uma Academia de Letras e Artes. \u201cConduzirei a Academia nos pr\u00f3ximos dois anos com pulso firme, di\u00e1logo, humildade e servi\u00e7o. Trabalharemos com dois objetivos b\u00e1sicos: a cria\u00e7\u00e3o de uma agenda cultural anual, com palestras, mesas redondas, saraus, caf\u00e9s filos\u00f3ficos, mostras art\u00edsticas, simp\u00f3sios, concursos e cursos, e a publica\u00e7\u00e3o da Revista da AMLE. Na condu\u00e7\u00e3o desses objetivos, nossa gest\u00e3o ter\u00e1 por princ\u00edpios a valoriza\u00e7\u00e3o dos acad\u00eamicos e o fomento \u00e0 arte de vanguarda, esta que atualmente representa um nicho cultural em nossa cidade. Contarei com a ajuda especial de cada acad\u00eamico intelectual muriaeense. Pois assim, juntos, tornaremos a nossa cidade um lugar melhor para se viver\u201d, destaca.<\/p>\n<p>Val\u00e9ria Cristina Monteiro de Barros Fernandes foi vice-presidente da primeira diretoria e exerceu a presid\u00eancia no mandato relativo a 2015\/2016. Segundo ela, a elei\u00e7\u00e3o \u00e9 uma escolha dos acad\u00eamicos, que eles chamam de Murmuration. \u201cConseguimos dar visibilidade \u00e0 Academia na sociedade muriaeense. \u00c9 uma academia muito novinha, mas Mira\u00ed e Miradouro se espelharam no que estamos fazendo aqui. Estou saindo por necessidade pessoal, porque se eu continuasse morando em Muria\u00e9 eu at\u00e9 continuaria, porque conseguimos fazer um trabalho bem legal, com ades\u00e3o maci\u00e7a do pessoal da academia e muita respeitabilidade da sociedade, que \u00e9 o mais importante. Esse ano teremos um processo de inscri\u00e7\u00f5es de pessoas da sociedade muriaeense, que tem produ\u00e7\u00e3o liter\u00e1ria. A academia re\u00fane e resolve quem vai suprir essa vaga. Jos\u00e9 Alcino Bicalho foi uma pessoa muito importante para n\u00f3s. Moro em Juiz de Fora, mas venho nas reuni\u00f5es. Fazemos muitas confer\u00eancias. E hoje tem internet, n\u00e3o precisa ser fisicamente\u201d, completa.<\/p>\n<p>Veja mais no jornal Folha do Sudeste, edi\u00e7\u00e3o 750<\/p>\n<p>[ngg_images source=&#8221;galleries&#8221; container_ids=&#8221;913&#8243; display_type=&#8221;photocrati-nextgen_basic_thumbnails&#8221; override_thumbnail_settings=&#8221;0&#8243; thumbnail_width=&#8221;100&#8243; thumbnail_height=&#8221;75&#8243; thumbnail_crop=&#8221;1&#8243; images_per_page=&#8221;0&#8243; number_of_columns=&#8221;0&#8243; ajax_pagination=&#8221;0&#8243; show_all_in_lightbox=&#8221;0&#8243; use_imagebrowser_effect=&#8221;0&#8243; show_slideshow_link=&#8221;1&#8243; slideshow_link_text=&#8221;[Show as slideshow]&#8221; order_by=&#8221;sortorder&#8221; order_direction=&#8221;ASC&#8221; returns=&#8221;included&#8221; maximum_entity_count=&#8221;500&#8243;]<\/p>\n","protected":false},"excerpt":{"rendered":"<p>A Academia Muriaeense de Letras (AMLE), institui\u00e7\u00e3o com registro de funda\u00e7\u00e3o de 6 de dezembro de 2012, composta por 30 cadeiras, contando atualmente com 29 preenchidas (uma vaga devido a falecimento), empossou na noite do dia 18\/03, sua terceira diretoria. O evento aconteceu no Teatro Zaccaria Marques e contou al\u00e9m dos acad\u00eamicos, com a presen\u00e7a [&hellip;]<\/p>\n","protected":false},"author":2,"featured_media":34509,"comment_status":"open","ping_status":"closed","sticky":false,"template":"","format":"standard","meta":{"_joinchat":[],"footnotes":""},"categories":[1],"tags":[],"class_list":["post-34508","post","type-post","status-publish","format-standard","has-post-thumbnail","hentry","category-sem-categoria"],"_links":{"self":[{"href":"http:\/\/folhadosudeste.com\/site\/index.php?rest_route=\/wp\/v2\/posts\/34508","targetHints":{"allow":["GET"]}}],"collection":[{"href":"http:\/\/folhadosudeste.com\/site\/index.php?rest_route=\/wp\/v2\/posts"}],"about":[{"href":"http:\/\/folhadosudeste.com\/site\/index.php?rest_route=\/wp\/v2\/types\/post"}],"author":[{"embeddable":true,"href":"http:\/\/folhadosudeste.com\/site\/index.php?rest_route=\/wp\/v2\/users\/2"}],"replies":[{"embeddable":true,"href":"http:\/\/folhadosudeste.com\/site\/index.php?rest_route=%2Fwp%2Fv2%2Fcomments&post=34508"}],"version-history":[{"count":1,"href":"http:\/\/folhadosudeste.com\/site\/index.php?rest_route=\/wp\/v2\/posts\/34508\/revisions"}],"predecessor-version":[{"id":34524,"href":"http:\/\/folhadosudeste.com\/site\/index.php?rest_route=\/wp\/v2\/posts\/34508\/revisions\/34524"}],"wp:featuredmedia":[{"embeddable":true,"href":"http:\/\/folhadosudeste.com\/site\/index.php?rest_route=\/wp\/v2\/media\/34509"}],"wp:attachment":[{"href":"http:\/\/folhadosudeste.com\/site\/index.php?rest_route=%2Fwp%2Fv2%2Fmedia&parent=34508"}],"wp:term":[{"taxonomy":"category","embeddable":true,"href":"http:\/\/folhadosudeste.com\/site\/index.php?rest_route=%2Fwp%2Fv2%2Fcategories&post=34508"},{"taxonomy":"post_tag","embeddable":true,"href":"http:\/\/folhadosudeste.com\/site\/index.php?rest_route=%2Fwp%2Fv2%2Ftags&post=34508"}],"curies":[{"name":"wp","href":"https:\/\/api.w.org\/{rel}","templated":true}]}}