{"id":34586,"date":"2017-03-24T15:07:37","date_gmt":"2017-03-24T15:07:37","guid":{"rendered":"http:\/\/folhadosudeste.com\/site\/?p=34586"},"modified":"2017-03-24T15:07:37","modified_gmt":"2017-03-24T15:07:37","slug":"apae-muriae-comemora-dia-internacional-da-sindrome-de-down","status":"publish","type":"post","link":"http:\/\/folhadosudeste.com\/site\/?p=34586","title":{"rendered":"APAE Muria\u00e9 comemora Dia Internacional da S\u00edndrome de Down"},"content":{"rendered":"<p><a href=\"http:\/\/folhadosudeste.com\/site\/wp-content\/uploads\/2017\/03\/APAE.jpg\"><img loading=\"lazy\" decoding=\"async\" class=\"aligncenter size-full wp-image-34587\" src=\"http:\/\/folhadosudeste.com\/site\/wp-content\/uploads\/2017\/03\/APAE.jpg\" alt=\"\" width=\"620\" height=\"303\" srcset=\"http:\/\/folhadosudeste.com\/site\/wp-content\/uploads\/2017\/03\/APAE.jpg 620w, http:\/\/folhadosudeste.com\/site\/wp-content\/uploads\/2017\/03\/APAE-300x147.jpg 300w\" sizes=\"auto, (max-width: 620px) 100vw, 620px\" \/><\/a><\/p>\n<p>Anualmente, a Associa\u00e7\u00e3o dos Pais e Amigos dos Excepcionais (APAE Muria\u00e9) realiza diversas atividades em datas oportunas, como as da comemora\u00e7\u00e3o do Dia Internacional da S\u00edndrome de Down, 21 de mar\u00e7o. Esse ano n\u00e3o foi diferente. Portanto, na \u00faltima ter\u00e7a (21), aconteceu, em frente a sede do DEMSUR, a participa\u00e7\u00e3o das escolas municipais e estaduais convidadas, dando um grande show, com a presen\u00e7a de membros de outros \u00f3rg\u00e3os relacionados \u00e0 Educa\u00e7\u00e3o prestigiando o evento. Angela Paradelas \u00e9 professora de Educa\u00e7\u00e3o F\u00edsica e Artes na APAE e trabalha na Escola Walter Vasconcelos (escola de Ensino Especial). \u201cEm torno de 7 anos que passaram a comemorar essa data. As crian\u00e7as com S\u00edndrome de Down t\u00eam uma habilidade muito grande em m\u00fasica e artes, ent\u00e3o a id\u00e9ia surge para virmos para a rua. O tema esse ano foi \u2018Minha voz, minha comunidade\u2019, ent\u00e3o pensamos num lugar que fosse coberto e movimentado. Mandamos o convite para as escolas e secretarias para estarem prestigiando. Tivemos a ideia de colocar em dois hor\u00e1rios, de manh\u00e3 e de tarde, para todos participarem. Essa socializa\u00e7\u00e3o que acontece na APAE \u00e9 a parte mais importante. Al\u00e9m de estarem na \u00e1rea pedag\u00f3gica, um paralelo sem a m\u00fasica e sem a arte \u00e9 muito dif\u00edcil. Todas as escolas deveriam investir na Educa\u00e7\u00e3o F\u00edsica. Temos 300-400 alunos no Ensino Fundamental e na EJA e hoje estamos com o Centro-Dia, que est\u00e1 sendo inaugurado esse ano, e s\u00e3o os usu\u00e1rios mais velhos, que j\u00e1 passaram pela escolaridade, para essas crian\u00e7as frequentarem esse projeto com oficinas, artes, etc.\u201d, explica.<\/p>\n<p>Veja mais no jornal Folha do Sudeste, edi\u00e7\u00e3o 750<\/p>\n<p>[ngg_images source=&#8221;galleries&#8221; container_ids=&#8221;917&#8243; display_type=&#8221;photocrati-nextgen_basic_thumbnails&#8221; override_thumbnail_settings=&#8221;0&#8243; thumbnail_width=&#8221;100&#8243; thumbnail_height=&#8221;75&#8243; thumbnail_crop=&#8221;1&#8243; images_per_page=&#8221;0&#8243; number_of_columns=&#8221;0&#8243; ajax_pagination=&#8221;0&#8243; show_all_in_lightbox=&#8221;0&#8243; use_imagebrowser_effect=&#8221;0&#8243; show_slideshow_link=&#8221;1&#8243; slideshow_link_text=&#8221;[Show as slideshow]&#8221; order_by=&#8221;sortorder&#8221; order_direction=&#8221;ASC&#8221; returns=&#8221;included&#8221; maximum_entity_count=&#8221;500&#8243;]<\/p>\n","protected":false},"excerpt":{"rendered":"<p>Anualmente, a Associa\u00e7\u00e3o dos Pais e Amigos dos Excepcionais (APAE Muria\u00e9) realiza diversas atividades em datas oportunas, como as da comemora\u00e7\u00e3o do Dia Internacional da S\u00edndrome de Down, 21 de mar\u00e7o. Esse ano n\u00e3o foi diferente. Portanto, na \u00faltima ter\u00e7a (21), aconteceu, em frente a sede do DEMSUR, a participa\u00e7\u00e3o das escolas municipais e estaduais [&hellip;]<\/p>\n","protected":false},"author":2,"featured_media":34587,"comment_status":"open","ping_status":"closed","sticky":false,"template":"","format":"standard","meta":{"_joinchat":[],"footnotes":""},"categories":[1],"tags":[],"class_list":["post-34586","post","type-post","status-publish","format-standard","has-post-thumbnail","hentry","category-sem-categoria"],"_links":{"self":[{"href":"http:\/\/folhadosudeste.com\/site\/index.php?rest_route=\/wp\/v2\/posts\/34586","targetHints":{"allow":["GET"]}}],"collection":[{"href":"http:\/\/folhadosudeste.com\/site\/index.php?rest_route=\/wp\/v2\/posts"}],"about":[{"href":"http:\/\/folhadosudeste.com\/site\/index.php?rest_route=\/wp\/v2\/types\/post"}],"author":[{"embeddable":true,"href":"http:\/\/folhadosudeste.com\/site\/index.php?rest_route=\/wp\/v2\/users\/2"}],"replies":[{"embeddable":true,"href":"http:\/\/folhadosudeste.com\/site\/index.php?rest_route=%2Fwp%2Fv2%2Fcomments&post=34586"}],"version-history":[{"count":1,"href":"http:\/\/folhadosudeste.com\/site\/index.php?rest_route=\/wp\/v2\/posts\/34586\/revisions"}],"predecessor-version":[{"id":34604,"href":"http:\/\/folhadosudeste.com\/site\/index.php?rest_route=\/wp\/v2\/posts\/34586\/revisions\/34604"}],"wp:featuredmedia":[{"embeddable":true,"href":"http:\/\/folhadosudeste.com\/site\/index.php?rest_route=\/wp\/v2\/media\/34587"}],"wp:attachment":[{"href":"http:\/\/folhadosudeste.com\/site\/index.php?rest_route=%2Fwp%2Fv2%2Fmedia&parent=34586"}],"wp:term":[{"taxonomy":"category","embeddable":true,"href":"http:\/\/folhadosudeste.com\/site\/index.php?rest_route=%2Fwp%2Fv2%2Fcategories&post=34586"},{"taxonomy":"post_tag","embeddable":true,"href":"http:\/\/folhadosudeste.com\/site\/index.php?rest_route=%2Fwp%2Fv2%2Ftags&post=34586"}],"curies":[{"name":"wp","href":"https:\/\/api.w.org\/{rel}","templated":true}]}}