{"id":3644,"date":"2014-05-28T10:40:13","date_gmt":"2014-05-28T10:40:13","guid":{"rendered":"http:\/\/folhadosudeste.com\/site\/?p=3644"},"modified":"2014-06-25T11:52:03","modified_gmt":"2014-06-25T11:52:03","slug":"feira-livre-do-proximo-domingo-sera-no-centro","status":"publish","type":"post","link":"http:\/\/folhadosudeste.com\/site\/?p=3644","title":{"rendered":"Feira livre do pr\u00f3ximo domingo ser\u00e1 no Centro"},"content":{"rendered":"<p style=\"text-align: justify;\"><a href=\"http:\/\/folhadosudeste.com\/site\/wp-content\/uploads\/2014\/05\/feira.jpg\"><img loading=\"lazy\" decoding=\"async\" class=\"aligncenter size-full wp-image-3645\" alt=\"feira\" src=\"http:\/\/folhadosudeste.com\/site\/wp-content\/uploads\/2014\/05\/feira.jpg\" width=\"2292\" height=\"1500\" srcset=\"http:\/\/folhadosudeste.com\/site\/wp-content\/uploads\/2014\/05\/feira.jpg 2292w, http:\/\/folhadosudeste.com\/site\/wp-content\/uploads\/2014\/05\/feira-300x196.jpg 300w, http:\/\/folhadosudeste.com\/site\/wp-content\/uploads\/2014\/05\/feira-1024x670.jpg 1024w\" sizes=\"auto, (max-width: 2292px) 100vw, 2292px\" \/><\/a><\/p>\n<p style=\"text-align: justify;\">Em virtude das obras de reconstru\u00e7\u00e3o do muro do prolongamento da Avenida Juscelino Kubitschek, que devem come\u00e7ar nesta quinta-feira, a feira livre do pr\u00f3ximo domingo (1) ser\u00e1 realizada no Mercado do Produtor Rural, no Centro. A decis\u00e3o foi tomada em acordo firmado durante reuni\u00e3o entre o prefeito Aloysio Aquino, o diretor do Demutran, M\u00e1rio Brambila, e representantes da Associa\u00e7\u00e3o dos Feirantes de Muria\u00e9, na tarde desta ter\u00e7a-feira, no Centro Administrativo.<\/p>\n<p style=\"text-align: justify;\">&#8220;Conversamos com o prefeito e concordamos com a sugest\u00e3o de que a feira aconte\u00e7a inicialmente no Centro, onde j\u00e1 h\u00e1 toda uma estrutura montada. Na semana que vem, faremos outra reuni\u00e3o para que possa ser encontrado um local definitivo enquanto as obras estiverem em andamento&#8221;, afirma o presidente da associa\u00e7\u00e3o, M\u00e1rio Vaz Lorete.<\/p>\n<p style=\"text-align: justify;\">Fonte:\u00a0Prefeitura de Muria\u00e9<\/p>\n","protected":false},"excerpt":{"rendered":"<p>Em virtude das obras de reconstru\u00e7\u00e3o do muro do prolongamento da Avenida Juscelino Kubitschek, que devem come\u00e7ar nesta quinta-feira, a feira livre do pr\u00f3ximo domingo (1) ser\u00e1 realizada no Mercado do Produtor Rural, no Centro. A decis\u00e3o foi tomada em acordo firmado durante reuni\u00e3o entre o prefeito Aloysio Aquino, o diretor do Demutran, M\u00e1rio Brambila, [&hellip;]<\/p>\n","protected":false},"author":4,"featured_media":3645,"comment_status":"open","ping_status":"closed","sticky":false,"template":"","format":"standard","meta":{"_joinchat":[],"footnotes":""},"categories":[1],"tags":[],"class_list":["post-3644","post","type-post","status-publish","format-standard","has-post-thumbnail","hentry","category-sem-categoria"],"_links":{"self":[{"href":"http:\/\/folhadosudeste.com\/site\/index.php?rest_route=\/wp\/v2\/posts\/3644","targetHints":{"allow":["GET"]}}],"collection":[{"href":"http:\/\/folhadosudeste.com\/site\/index.php?rest_route=\/wp\/v2\/posts"}],"about":[{"href":"http:\/\/folhadosudeste.com\/site\/index.php?rest_route=\/wp\/v2\/types\/post"}],"author":[{"embeddable":true,"href":"http:\/\/folhadosudeste.com\/site\/index.php?rest_route=\/wp\/v2\/users\/4"}],"replies":[{"embeddable":true,"href":"http:\/\/folhadosudeste.com\/site\/index.php?rest_route=%2Fwp%2Fv2%2Fcomments&post=3644"}],"version-history":[{"count":1,"href":"http:\/\/folhadosudeste.com\/site\/index.php?rest_route=\/wp\/v2\/posts\/3644\/revisions"}],"predecessor-version":[{"id":3646,"href":"http:\/\/folhadosudeste.com\/site\/index.php?rest_route=\/wp\/v2\/posts\/3644\/revisions\/3646"}],"wp:featuredmedia":[{"embeddable":true,"href":"http:\/\/folhadosudeste.com\/site\/index.php?rest_route=\/wp\/v2\/media\/3645"}],"wp:attachment":[{"href":"http:\/\/folhadosudeste.com\/site\/index.php?rest_route=%2Fwp%2Fv2%2Fmedia&parent=3644"}],"wp:term":[{"taxonomy":"category","embeddable":true,"href":"http:\/\/folhadosudeste.com\/site\/index.php?rest_route=%2Fwp%2Fv2%2Fcategories&post=3644"},{"taxonomy":"post_tag","embeddable":true,"href":"http:\/\/folhadosudeste.com\/site\/index.php?rest_route=%2Fwp%2Fv2%2Ftags&post=3644"}],"curies":[{"name":"wp","href":"https:\/\/api.w.org\/{rel}","templated":true}]}}