{"id":3668,"date":"2014-05-29T13:48:10","date_gmt":"2014-05-29T13:48:10","guid":{"rendered":"http:\/\/folhadosudeste.com\/site\/?p=3668"},"modified":"2014-06-25T11:52:02","modified_gmt":"2014-06-25T11:52:02","slug":"gastronomia-na-serra-e-tema-de-mais-uma-reuniao-em-pirapanema","status":"publish","type":"post","link":"http:\/\/folhadosudeste.com\/site\/?p=3668","title":{"rendered":"\u201cGastronomia na Serra\u201d \u00e9 tema de mais uma reuni\u00e3o em Pirapanema"},"content":{"rendered":"<p><a href=\"http:\/\/folhadosudeste.com\/site\/wp-content\/uploads\/2014\/05\/IMG_0190.jpg\"><img loading=\"lazy\" decoding=\"async\" class=\"aligncenter size-full wp-image-3669\" alt=\"IMG_0190\" src=\"http:\/\/folhadosudeste.com\/site\/wp-content\/uploads\/2014\/05\/IMG_0190.jpg\" width=\"1200\" height=\"688\" srcset=\"http:\/\/folhadosudeste.com\/site\/wp-content\/uploads\/2014\/05\/IMG_0190.jpg 1200w, http:\/\/folhadosudeste.com\/site\/wp-content\/uploads\/2014\/05\/IMG_0190-300x172.jpg 300w, http:\/\/folhadosudeste.com\/site\/wp-content\/uploads\/2014\/05\/IMG_0190-1024x587.jpg 1024w\" sizes=\"auto, (max-width: 1200px) 100vw, 1200px\" \/><\/a> <a href=\"http:\/\/folhadosudeste.com\/site\/wp-content\/uploads\/2014\/05\/IMG_0174.jpg\"><img loading=\"lazy\" decoding=\"async\" class=\"aligncenter size-full wp-image-3670\" alt=\"IMG_0174\" src=\"http:\/\/folhadosudeste.com\/site\/wp-content\/uploads\/2014\/05\/IMG_0174.jpg\" width=\"1200\" height=\"788\" srcset=\"http:\/\/folhadosudeste.com\/site\/wp-content\/uploads\/2014\/05\/IMG_0174.jpg 1200w, http:\/\/folhadosudeste.com\/site\/wp-content\/uploads\/2014\/05\/IMG_0174-300x197.jpg 300w, http:\/\/folhadosudeste.com\/site\/wp-content\/uploads\/2014\/05\/IMG_0174-1024x672.jpg 1024w\" sizes=\"auto, (max-width: 1200px) 100vw, 1200px\" \/><\/a> <a href=\"http:\/\/folhadosudeste.com\/site\/wp-content\/uploads\/2014\/05\/IMG_0177.jpg\"><img loading=\"lazy\" decoding=\"async\" class=\"aligncenter size-full wp-image-3671\" alt=\"IMG_0177\" src=\"http:\/\/folhadosudeste.com\/site\/wp-content\/uploads\/2014\/05\/IMG_0177.jpg\" width=\"1200\" height=\"724\" srcset=\"http:\/\/folhadosudeste.com\/site\/wp-content\/uploads\/2014\/05\/IMG_0177.jpg 1200w, http:\/\/folhadosudeste.com\/site\/wp-content\/uploads\/2014\/05\/IMG_0177-300x181.jpg 300w, http:\/\/folhadosudeste.com\/site\/wp-content\/uploads\/2014\/05\/IMG_0177-1024x617.jpg 1024w\" sizes=\"auto, (max-width: 1200px) 100vw, 1200px\" \/><\/a><\/p>\n<p><b>\u201cGastronomia na Serra\u201d \u00e9 tema de mais uma reuni\u00e3o em Pirapanema<\/b><\/p>\n<p>&nbsp;<\/p>\n<p>Foi realizado, na noite de quarta-feira (28), em Pirapanema, o pen\u00faltimo encontro para discutir a prepara\u00e7\u00e3o do festival \u201cGastronomia na Serra\u201d, que ir\u00e1 acontecer no distrito entre os dias 05 e 08 de junho.<\/p>\n<p>Participaram da reuni\u00e3o, promovida no Restaurante Segredos da Serra, a diretora geral da Fundarte, Gilca Napier, a equipe organizadora do evento, representantes da Secretaria de Turismo de Muria\u00e9, membros do Conselho Comunit\u00e1rio de Pirapanema, al\u00e9m de propriet\u00e1rios de restaurantes, pousadas e receptivos (quartos ou casas que ser\u00e3o alugados durante o festival).<\/p>\n<p>A pauta abrangeu assuntos diversos, como seguran\u00e7a, tr\u00e2nsito, treinamento de gar\u00e7ons, atendimento ao p\u00fablico, oficinas, decora\u00e7\u00e3o, entre outros. \u201cO objetivo foi analisar todos os \u00e2ngulos da festa para que possamos oferecer o melhor suporte poss\u00edvel \u00e0 popula\u00e7\u00e3o, aos participantes e aos convidados\u201d, ressaltou Gilca Napier.<\/p>\n<p>Ainda segundo ela, o prefeito Aloysio Aquino j\u00e1 fez o decreto de lei que d\u00e1 suporte \u00e0 seguran\u00e7a, ao tr\u00e2nsito e ao evento em geral.<\/p>\n<p>Na oportunidade, tamb\u00e9m foi entregue o convite com a programa\u00e7\u00e3o oficial do \u201cGastronomia na Serra\u201d para ser distribu\u00eddo no distrito.<\/p>\n<p>A \u00faltima reuni\u00e3o ser\u00e1 realizada na segunda-feira, 02 de junho.<\/p>\n<p>O Festival \u201cGastronomia da Serra de Pirapanema\u201d \u00e9 uma realiza\u00e7\u00e3o da Fundarte e da Prefeitura de Muria\u00e9, em parceria com o Governo de Minas e com apoio da Energisa.<\/p>\n<p>Fonte:Circuito Cultural GHM<\/p>\n","protected":false},"excerpt":{"rendered":"<p>\u201cGastronomia na Serra\u201d \u00e9 tema de mais uma reuni\u00e3o em Pirapanema &nbsp; Foi realizado, na noite de quarta-feira (28), em Pirapanema, o pen\u00faltimo encontro para discutir a prepara\u00e7\u00e3o do festival \u201cGastronomia na Serra\u201d, que ir\u00e1 acontecer no distrito entre os dias 05 e 08 de junho. Participaram da reuni\u00e3o, promovida no Restaurante Segredos da Serra, [&hellip;]<\/p>\n","protected":false},"author":4,"featured_media":3669,"comment_status":"open","ping_status":"closed","sticky":false,"template":"","format":"standard","meta":{"_joinchat":[],"footnotes":""},"categories":[1],"tags":[],"class_list":["post-3668","post","type-post","status-publish","format-standard","has-post-thumbnail","hentry","category-sem-categoria"],"_links":{"self":[{"href":"http:\/\/folhadosudeste.com\/site\/index.php?rest_route=\/wp\/v2\/posts\/3668","targetHints":{"allow":["GET"]}}],"collection":[{"href":"http:\/\/folhadosudeste.com\/site\/index.php?rest_route=\/wp\/v2\/posts"}],"about":[{"href":"http:\/\/folhadosudeste.com\/site\/index.php?rest_route=\/wp\/v2\/types\/post"}],"author":[{"embeddable":true,"href":"http:\/\/folhadosudeste.com\/site\/index.php?rest_route=\/wp\/v2\/users\/4"}],"replies":[{"embeddable":true,"href":"http:\/\/folhadosudeste.com\/site\/index.php?rest_route=%2Fwp%2Fv2%2Fcomments&post=3668"}],"version-history":[{"count":1,"href":"http:\/\/folhadosudeste.com\/site\/index.php?rest_route=\/wp\/v2\/posts\/3668\/revisions"}],"predecessor-version":[{"id":3672,"href":"http:\/\/folhadosudeste.com\/site\/index.php?rest_route=\/wp\/v2\/posts\/3668\/revisions\/3672"}],"wp:featuredmedia":[{"embeddable":true,"href":"http:\/\/folhadosudeste.com\/site\/index.php?rest_route=\/wp\/v2\/media\/3669"}],"wp:attachment":[{"href":"http:\/\/folhadosudeste.com\/site\/index.php?rest_route=%2Fwp%2Fv2%2Fmedia&parent=3668"}],"wp:term":[{"taxonomy":"category","embeddable":true,"href":"http:\/\/folhadosudeste.com\/site\/index.php?rest_route=%2Fwp%2Fv2%2Fcategories&post=3668"},{"taxonomy":"post_tag","embeddable":true,"href":"http:\/\/folhadosudeste.com\/site\/index.php?rest_route=%2Fwp%2Fv2%2Ftags&post=3668"}],"curies":[{"name":"wp","href":"https:\/\/api.w.org\/{rel}","templated":true}]}}