{"id":3691,"date":"2014-05-30T01:37:44","date_gmt":"2014-05-30T01:37:44","guid":{"rendered":"http:\/\/folhadosudeste.com\/site\/?p=3691"},"modified":"2014-06-25T11:52:02","modified_gmt":"2014-06-25T11:52:02","slug":"praca-edina-de-oliveira-carvalho-e-inaugurada-no-bairro-encoberta","status":"publish","type":"post","link":"http:\/\/folhadosudeste.com\/site\/?p=3691","title":{"rendered":"Pra\u00e7a Edina de Oliveira Carvalho \u00e9 inaugurada no bairro Encoberta"},"content":{"rendered":"<p><a href=\"http:\/\/folhadosudeste.com\/site\/wp-content\/uploads\/2014\/05\/DSC_0027.jpg\"><img loading=\"lazy\" decoding=\"async\" class=\"aligncenter size-full wp-image-3693\" alt=\"DSC_0027\" src=\"http:\/\/folhadosudeste.com\/site\/wp-content\/uploads\/2014\/05\/DSC_0027.jpg\" width=\"800\" height=\"533\" srcset=\"http:\/\/folhadosudeste.com\/site\/wp-content\/uploads\/2014\/05\/DSC_0027.jpg 800w, http:\/\/folhadosudeste.com\/site\/wp-content\/uploads\/2014\/05\/DSC_0027-300x199.jpg 300w\" sizes=\"auto, (max-width: 800px) 100vw, 800px\" \/><\/a> <a href=\"http:\/\/folhadosudeste.com\/site\/wp-content\/uploads\/2014\/05\/DSC_00571.jpg\"><img loading=\"lazy\" decoding=\"async\" class=\"aligncenter size-full wp-image-3694\" alt=\"DSC_0057\" src=\"http:\/\/folhadosudeste.com\/site\/wp-content\/uploads\/2014\/05\/DSC_00571.jpg\" width=\"800\" height=\"533\" srcset=\"http:\/\/folhadosudeste.com\/site\/wp-content\/uploads\/2014\/05\/DSC_00571.jpg 800w, http:\/\/folhadosudeste.com\/site\/wp-content\/uploads\/2014\/05\/DSC_00571-300x199.jpg 300w\" sizes=\"auto, (max-width: 800px) 100vw, 800px\" \/><\/a><\/p>\n<p><b>Pra\u00e7a Edina de Oliveira Carvalho \u00e9 inaugurada no bairro Encoberta<\/b><\/p>\n<p>&nbsp;<\/p>\n<p>Os moradores do Encoberta comemoram uma grande aquisi\u00e7\u00e3o para o bairro: a Pra\u00e7a Edina de Oliveira Carvalho, que come\u00e7ou a ser constru\u00edda pela Prefeitura em 2013 em uma \u00e1rea at\u00e9 ent\u00e3o ociosa e baldia e foi entregue na \u00faltima sexta (23) pelo prefeito Aloysio Aquino&#8230;Saiba mais na edi\u00e7\u00e3o n\u00ba 612 do Jornal Folha do Sudeste.[dopwgg id=&#8221;319&#8243;]<\/p>\n","protected":false},"excerpt":{"rendered":"<p>Pra\u00e7a Edina de Oliveira Carvalho \u00e9 inaugurada no bairro Encoberta &nbsp; Os moradores do Encoberta comemoram uma grande aquisi\u00e7\u00e3o para o bairro: a Pra\u00e7a Edina de Oliveira Carvalho, que come\u00e7ou a ser constru\u00edda pela Prefeitura em 2013 em uma \u00e1rea at\u00e9 ent\u00e3o ociosa e baldia e foi entregue na \u00faltima sexta (23) pelo prefeito Aloysio [&hellip;]<\/p>\n","protected":false},"author":4,"featured_media":3694,"comment_status":"open","ping_status":"closed","sticky":false,"template":"","format":"standard","meta":{"_joinchat":[],"footnotes":""},"categories":[1],"tags":[],"class_list":["post-3691","post","type-post","status-publish","format-standard","has-post-thumbnail","hentry","category-sem-categoria"],"_links":{"self":[{"href":"http:\/\/folhadosudeste.com\/site\/index.php?rest_route=\/wp\/v2\/posts\/3691","targetHints":{"allow":["GET"]}}],"collection":[{"href":"http:\/\/folhadosudeste.com\/site\/index.php?rest_route=\/wp\/v2\/posts"}],"about":[{"href":"http:\/\/folhadosudeste.com\/site\/index.php?rest_route=\/wp\/v2\/types\/post"}],"author":[{"embeddable":true,"href":"http:\/\/folhadosudeste.com\/site\/index.php?rest_route=\/wp\/v2\/users\/4"}],"replies":[{"embeddable":true,"href":"http:\/\/folhadosudeste.com\/site\/index.php?rest_route=%2Fwp%2Fv2%2Fcomments&post=3691"}],"version-history":[{"count":2,"href":"http:\/\/folhadosudeste.com\/site\/index.php?rest_route=\/wp\/v2\/posts\/3691\/revisions"}],"predecessor-version":[{"id":3695,"href":"http:\/\/folhadosudeste.com\/site\/index.php?rest_route=\/wp\/v2\/posts\/3691\/revisions\/3695"}],"wp:featuredmedia":[{"embeddable":true,"href":"http:\/\/folhadosudeste.com\/site\/index.php?rest_route=\/wp\/v2\/media\/3694"}],"wp:attachment":[{"href":"http:\/\/folhadosudeste.com\/site\/index.php?rest_route=%2Fwp%2Fv2%2Fmedia&parent=3691"}],"wp:term":[{"taxonomy":"category","embeddable":true,"href":"http:\/\/folhadosudeste.com\/site\/index.php?rest_route=%2Fwp%2Fv2%2Fcategories&post=3691"},{"taxonomy":"post_tag","embeddable":true,"href":"http:\/\/folhadosudeste.com\/site\/index.php?rest_route=%2Fwp%2Fv2%2Ftags&post=3691"}],"curies":[{"name":"wp","href":"https:\/\/api.w.org\/{rel}","templated":true}]}}