{"id":3737,"date":"2014-06-02T16:54:48","date_gmt":"2014-06-02T16:54:48","guid":{"rendered":"http:\/\/folhadosudeste.com\/site\/?p=3737"},"modified":"2014-06-25T11:52:02","modified_gmt":"2014-06-25T11:52:02","slug":"copa-do-mundo-sera-oportunidade-para-conhecer-a-cultura-de-paises-islamicos","status":"publish","type":"post","link":"http:\/\/folhadosudeste.com\/site\/?p=3737","title":{"rendered":"Copa do Mundo ser\u00e1 oportunidade para conhecer a cultura de pa\u00edses isl\u00e2micos"},"content":{"rendered":"<p style=\"text-align: justify;\" align=\"center\"><b><a href=\"http:\/\/www.agenciaminas.mg.gov.br\/noticias\/copa-do-mundo-sera-oportunidade-para-conhecer-a-cultura-de-paises-islamicos\/\" target=\"_blank\">Copa do Mundo ser\u00e1 oportunidade para conhecer a cultura de pa\u00edses isl\u00e2micos<\/a><\/b><\/p>\n<p style=\"text-align: justify;\" align=\"center\"><i>Arg\u00e9lia e Ir\u00e3 jogam no Mineir\u00e3o no Mundial e embaixadas preparam eventos. Mu\u00e7ulmanos que moram em BH revelam h\u00e1bitos de alimenta\u00e7\u00e3o e vestu\u00e1rio<\/i><\/p>\n<p style=\"text-align: justify;\" align=\"center\"><i>\u00a0<\/i><\/p>\n<p style=\"text-align: justify;\">Ir\u00e3 e Arg\u00e9lia, que jogam no Mineir\u00e3o na fase de grupos da Copa do Mundo, aproveitar\u00e3o o momento para estreitar la\u00e7os com Minas Gerais e divulgar um pouco suas respectivas culturas. As raposas do deserto, como a equipe argelina \u00e9 conhecida, entrar\u00e3o em campo no Gigante da Pampulha no dia 17 de junho contra B\u00e9lgica. J\u00e1 a equipe persa enfrenta ningu\u00e9m menos que Messi e companhia, no mesmo gramado, no dia 21.<\/p>\n<p style=\"text-align: justify;\">\u00c9 nesse per\u00edodo que as embaixadas dos dois pa\u00edses isl\u00e2micos, em parceria com o Governo de Minas e Prefeitura de Belo Horizonte, realizar\u00e3o na capital mineira atividades promocionais. Ser\u00e1 uma boa oportunidade para conhecer a riqueza desses povos e do universo do Isl\u00e3, religi\u00e3o predominante nessas na\u00e7\u00f5es.<\/p>\n<p style=\"text-align: justify;\">Segundo a Embaixada da Rep\u00fablica Isl\u00e2mica do Ir\u00e3, o pa\u00eds realizar\u00e1 uma Exposi\u00e7\u00e3o de Arte e Cultura composta por objetos artesanais, apresenta\u00e7\u00e3o de pontos tur\u00edsticos e locais hist\u00f3ricos no per\u00edodo de 19 a 26 de junho, das 10h \u00e0s 18h.\u00a0 A visita\u00e7\u00e3o ser\u00e1 gratuita, no espa\u00e7o BDMG Cultural, na rua Bernardo Guimar\u00e3es, 1600, bairro Lourdes. Outra atra\u00e7\u00e3o ser\u00e1 uma amostra de cinema com a exibi\u00e7\u00e3o de seis filmes produzidos por l\u00e1. O local e os hor\u00e1rios das sess\u00f5es ainda ser\u00e3o definidos.<\/p>\n<p style=\"text-align: justify;\">Quem aprovou a iniciativa foi o casal iraniano Hedieh Zalaki e Hosseim Bonyan Khamseh, que poder\u00e1 matar a saudade da terra natal e da fam\u00edlia, que deixaram h\u00e1 um ano e sete meses para estudar. \u201cPai, m\u00e3e e todos os parentes est\u00e3o l\u00e1, e eventos como este nos trazem aconchego. Adoro os filmes iranianos e vou me organizar para ir com os amigos\u201d, relata Khamseh, que \u00e9 de Teer\u00e3.\u00a0 Ele faz doutorado em engenharia el\u00e9trica na Universidade Federal de Minas Gerais (UFMG), e ela, formada em literatura, participa das aulas de portugu\u00eas para estrangeiros na mesma institui\u00e7\u00e3o. \u201cA cidade \u00e9 arborizada, tem parques bonitos, como o das Mangabeiras. As pessoas tamb\u00e9m s\u00e3o simp\u00e1ticas e, em tr\u00eas dias em Belo Horizonte, j\u00e1 fizemos amizades\u201d, destaca Zalaki.<\/p>\n<p style=\"text-align: justify;\">O casal j\u00e1 tem ingressos para tr\u00eas partidas da fase de grupos no Mineir\u00e3o: B\u00e9lgica e Arg\u00e9lia, no dia 17 de junho, Costa Rica e Inglaterra em 24 de junho, e, claro, Ir\u00e3 e Argentina, no dia 21. \u201cSer\u00e1 nossa primeira vez no Mineir\u00e3o e estamos ansiosos para conhecer essa obra moderna e grandiosa. Ser\u00e1 muita emo\u00e7\u00e3o ver nossa sele\u00e7\u00e3o em campo\u201d, espera o iraniano.<\/p>\n<p style=\"text-align: justify;\"><b>Oportunidade para neg\u00f3cios<\/b><\/p>\n<p style=\"text-align: justify;\">No caso dos argelinos, o primeiro-secret\u00e1rio da Embaixada do pa\u00eds, Chafik Kellala, conta que ser\u00e1 organizado um semin\u00e1rio econ\u00f4mico sobre as oportunidades de neg\u00f3cios entre Minais Gerais e Arg\u00e9lia. A proposta, segundo Kellala, \u00e9 definir possibilidades de investimentos e fortalecer as rela\u00e7\u00f5es econ\u00f4micas entre os dois pa\u00edses. Para isso, uma delega\u00e7\u00e3o econ\u00f4mica, composta por diretores do Minist\u00e9rio da Ind\u00fastria, vir\u00e1 \u00e0 capital para participar do encontro, previsto para a segunda quinzena de junho.<\/p>\n<p style=\"text-align: justify;\">\u201cO governo argelino est\u00e1 comprometido a diversifica\u00e7\u00e3o da economia nacional, atrav\u00e9s da nova estrat\u00e9gia industrial baseada na promo\u00e7\u00e3o de setores com potencial de crescimento. A ind\u00fastria no Brasil \u00e9 um modelo de desenvolvimento e estamos interessados no lan\u00e7amento de projetos, em parceria com operadores argelinos p\u00fablicos e privados\u201d, explica Kellala.<\/p>\n<p style=\"text-align: justify;\">\u00a0No campo musical, ele conta que a atra\u00e7\u00e3o ficar\u00e1 por conta do grupo argelino El Dey, que se apresentar\u00e1 no dia 26 de junho, \u00e0s 15h, na Fan Fest, no Expominas. Nesse dia, \u00e0s 13h, Arg\u00e9lia estreia na Copa no jogo contra a B\u00e9lgica no Mineir\u00e3o. \u201cArg\u00e9lia \u00e9 o \u00fanico pa\u00eds de origem \u00e1rabe que ir\u00e1 participar da Copa e essa ser\u00e1 uma boa ocasi\u00e3o para conhecer nossa m\u00fasica e cultura. A banda \u00e9 jovem e bem conhecida por l\u00e1. O repert\u00f3rio \u00e9 uma mistura do Gnaoui (sudoeste da Arg\u00e9lia), do chaabi (popular) e de influ\u00eancia flamenca\u201d, recomenda.<\/p>\n<p style=\"text-align: justify;\">Para os compatriotas que chegarem \u00e0 capital, o argelino Allaoua Saadi, de 62 anos, que h\u00e1 29 vive em Minas Gerais, tamb\u00e9m sugere uma programa\u00e7\u00e3o: \u201cMercado Central, Pampulha, Circuito Cultural Pra\u00e7a da Liberdade, tarde na Savassi e noite em Santa Teresa\u201d. Da culin\u00e1ria mineira, ele aprecia tropeiro com costelinha, mas como a maioria desses visitantes \u00e9 mu\u00e7ulmana e n\u00e3o come a carne de porco, ele indica como card\u00e1pio o churrasco bovino.<\/p>\n<p style=\"text-align: justify;\">Saadi \u00e9 professor titular da UFMG na \u00e1rea de geoci\u00eancias, com \u00eanfase em geomorfologia, atuando em temas relacionados a Minas, como turismo, desenvolvimento sustent\u00e1vel, neotect\u00f4nica e morfoneotect\u00f4nica. No Mundial, ele n\u00e3o arrisca dizer sobre os resultados do time argelino. \u201cMinhas expectativas s\u00e3o para que apenas mostrem um bom futebol\u201d, afirma.<\/p>\n<p style=\"text-align: justify;\"><b>Recep\u00e7\u00e3o a argelinos e iranianos<\/b><\/p>\n<p style=\"text-align: justify;\"><b>\u00a0<\/b><\/p>\n<p style=\"text-align: justify;\">A expectativa das embaixadas \u00e9 que cheguem ao Brasil, durante a Copa do Mundo, 3,1 mil argelinos e de 4 mil a 5 mil iranianos. Como a hospitalidade \u00e9 uma das principais caracter\u00edsticas do povo mineiro, \u00e9 aconselh\u00e1vel que nossa popula\u00e7\u00e3o tenha no\u00e7\u00f5es sobre a cultura e costumes dos mu\u00e7ulmanos, maioria que chega a mais de 90% tanto na Arg\u00e9lia quanto no Ir\u00e3.<\/p>\n<p style=\"text-align: justify;\">O islamismo, religi\u00e3o oficial destes dois pa\u00edses, \u00e9 a cren\u00e7a que mais cresce no mundo e representa 20% da popula\u00e7\u00e3o do planeta, aproximadamente 1,3 bilh\u00e3o de pessoas. H\u00e1 22 anos na capital mineira, o sheik marroquino Mokhtar Elkhal coordena as atividades de uma mesquita em Belo Horizonte, onde recebe cerca de 150 mu\u00e7ulmanos de diferentes partes do mundo. Na Copa, Elkhal explica que promover\u00e1 confraterniza\u00e7\u00f5es entre brasileiros e os estrangeiros. \u201cA proposta \u00e9 fortalecer os la\u00e7os entre os povos e difundir nossa cultura e cren\u00e7a\u201d, ressalta.<\/p>\n<p style=\"text-align: justify;\">O Cor\u00e3o \u00e9 o livro sagrado revelado por Al\u00e1 (Deus) ao profeta Maom\u00e9 e doutrina a conduta dos seguidores dessa pr\u00e1tica. O livro pro\u00edbe a ingest\u00e3o de alimentos como a carne de porco e de bebidas alco\u00f3licas. Tamb\u00e9m s\u00e3o vedados o consumo de salsicha e tudo que contenha sangue, como chouri\u00e7o e frango ao molho pardo. A refei\u00e7\u00e3o deve ser \u201chalal\u201d, que significa \u201cpermitido\u201d, como leite, mel, peixes, legumes e carnes de outros animais, desde que sejam abatidos com a drenagem do sangue.<\/p>\n<p style=\"text-align: justify;\">Zalaki e Khamseh s\u00e3o mu\u00e7ulmanos xiitas e geralmente comem peixes. \u201cAdoramos tamb\u00e9m p\u00e3o de queijo\u201d, conta Hedieh.\u00a0 Morando no Brasil, o casal fez algumas adapta\u00e7\u00f5es aos h\u00e1bitos religiosos. \u201cEm Teer\u00e3, n\u00e3o usava cal\u00e7a jeans e andava sempre o hijab (v\u00e9u), al\u00e9m de blusas com mangas. L\u00e1 a cultura \u00e9 essa, todos andam assim, mas com nossa vinda para c\u00e1, n\u00e3o vi essa necessidade\u201d, conta a iraniana. O marido tamb\u00e9m mudou alguns h\u00e1bitos. Aqui, ele cumprimenta mulheres com aperto de m\u00e3os, h\u00e1bito n\u00e3o usual nos pa\u00edses isl\u00e2micos.<\/p>\n<p style=\"text-align: justify;\"><b>Ramad\u00e3 \u00e9 o per\u00edodo de jejum ritual<\/b><\/p>\n<p style=\"text-align: justify;\"><b>\u00a0<\/b><\/p>\n<p style=\"text-align: justify;\">Outro ponto de aten\u00e7\u00e3o ao receber o p\u00fablico mu\u00e7ulmano \u00e9 o per\u00edodo do Ramad\u00e3, que este ano ser\u00e1 entre 28 de junho e 27 de julho. Trata-se do nono m\u00eas do calend\u00e1rio isl\u00e2mico, no qual os religiosos praticam o jejum ritual e n\u00e3o comem ou bebem nada do nascer ao p\u00f4r do sol.<\/p>\n<p style=\"text-align: justify;\">A jovem Sofia Chekuer Navarro, de 15 anos, de Belo Horizonte, converteu-se ao Islamismo h\u00e1 um ano e conta como est\u00e1 sendo sua adapta\u00e7\u00e3o. \u201cTemos que acostumar o corpo para n\u00e3o passar mal. Ent\u00e3o, vamos fazendo jejum aos poucos e, para isso, troco receitas com outras garotas da mesquita\u201d. Outra mudan\u00e7a de h\u00e1bitos foi em rela\u00e7\u00e3o ao vestu\u00e1rio e aos ambientes de lazer. Ela \u00e9 adepta do hijab, n\u00e3o frequenta ambientes com muitas pessoas e nem festas que contenham bebidas alco\u00f3licas.<\/p>\n<p style=\"text-align: justify;\">Vinda de fam\u00edlia cat\u00f3lica, a garota se interessou pela religi\u00e3o na pr\u00e9-adolesc\u00eancia e come\u00e7ou a estudar sobre o tema. Em uma viagem \u00e0 Turquia, conheceu diferentes mesquitas e conviveu de perto com o universo dos turbantes. \u201cApaixonei-me pela comunh\u00e3o entre as pessoas e pela beleza dos templos, constru\u00eddos durante anos para adorar a Deus. Isso me trouxe muita paz\u201d, justifica.<\/p>\n<p style=\"text-align: justify;\">Fonte:\u00a0SEGOV &#8211; Sup. Central de Imprensa &#8211; Gov.<\/p>\n","protected":false},"excerpt":{"rendered":"<p>Copa do Mundo ser\u00e1 oportunidade para conhecer a cultura de pa\u00edses isl\u00e2micos Arg\u00e9lia e Ir\u00e3 jogam no Mineir\u00e3o no Mundial e embaixadas preparam eventos. Mu\u00e7ulmanos que moram em BH revelam h\u00e1bitos de alimenta\u00e7\u00e3o e vestu\u00e1rio \u00a0 Ir\u00e3 e Arg\u00e9lia, que jogam no Mineir\u00e3o na fase de grupos da Copa do Mundo, aproveitar\u00e3o o momento para [&hellip;]<\/p>\n","protected":false},"author":4,"featured_media":0,"comment_status":"open","ping_status":"closed","sticky":false,"template":"","format":"standard","meta":{"_joinchat":[],"footnotes":""},"categories":[1],"tags":[],"class_list":["post-3737","post","type-post","status-publish","format-standard","hentry","category-sem-categoria"],"_links":{"self":[{"href":"http:\/\/folhadosudeste.com\/site\/index.php?rest_route=\/wp\/v2\/posts\/3737","targetHints":{"allow":["GET"]}}],"collection":[{"href":"http:\/\/folhadosudeste.com\/site\/index.php?rest_route=\/wp\/v2\/posts"}],"about":[{"href":"http:\/\/folhadosudeste.com\/site\/index.php?rest_route=\/wp\/v2\/types\/post"}],"author":[{"embeddable":true,"href":"http:\/\/folhadosudeste.com\/site\/index.php?rest_route=\/wp\/v2\/users\/4"}],"replies":[{"embeddable":true,"href":"http:\/\/folhadosudeste.com\/site\/index.php?rest_route=%2Fwp%2Fv2%2Fcomments&post=3737"}],"version-history":[{"count":2,"href":"http:\/\/folhadosudeste.com\/site\/index.php?rest_route=\/wp\/v2\/posts\/3737\/revisions"}],"predecessor-version":[{"id":3739,"href":"http:\/\/folhadosudeste.com\/site\/index.php?rest_route=\/wp\/v2\/posts\/3737\/revisions\/3739"}],"wp:attachment":[{"href":"http:\/\/folhadosudeste.com\/site\/index.php?rest_route=%2Fwp%2Fv2%2Fmedia&parent=3737"}],"wp:term":[{"taxonomy":"category","embeddable":true,"href":"http:\/\/folhadosudeste.com\/site\/index.php?rest_route=%2Fwp%2Fv2%2Fcategories&post=3737"},{"taxonomy":"post_tag","embeddable":true,"href":"http:\/\/folhadosudeste.com\/site\/index.php?rest_route=%2Fwp%2Fv2%2Ftags&post=3737"}],"curies":[{"name":"wp","href":"https:\/\/api.w.org\/{rel}","templated":true}]}}