{"id":3740,"date":"2014-06-02T16:57:09","date_gmt":"2014-06-02T16:57:09","guid":{"rendered":"http:\/\/folhadosudeste.com\/site\/?p=3740"},"modified":"2014-06-25T11:51:35","modified_gmt":"2014-06-25T11:51:35","slug":"estado-monitora-diariamente-as-doencas-dos-paises-que-irao-participar-de-jogos-em-bh","status":"publish","type":"post","link":"http:\/\/folhadosudeste.com\/site\/?p=3740","title":{"rendered":"Estado monitora diariamente as doen\u00e7as dos pa\u00edses que ir\u00e3o participar de jogos em BH"},"content":{"rendered":"<p style=\"text-align: justify;\" align=\"center\"><b>Estado monitora diariamente as doen\u00e7as dos pa\u00edses que ir\u00e3o participar de jogos em BH<\/b><\/p>\n<p style=\"text-align: justify;\" align=\"center\">Centro de Informa\u00e7\u00f5es e Estrat\u00e9gias de Vigil\u00e2ncia em Sa\u00fade da SES divulga boletins que informam a situa\u00e7\u00e3o epidemiol\u00f3gica desses pa\u00edses<\/p>\n<p style=\"text-align: justify;\">Com a aproxima\u00e7\u00e3o da Copa do Mundo, o Brasil vem se transformando em uma na\u00e7\u00e3o multicultural. Torcedores de pa\u00edses dos cinco continentes chegam aos milhares e at\u00e9 o dia 12 de junho, data da abertura do campeonato, as ruas ser\u00e3o tomadas por muitas cores, pela alegria e pela paix\u00e3o pelo futebol. Somente em Minas Gerais, s\u00e3o esperados 370 mil turistas. A maior parte desse contingente deve passar por Belo Horizonte. Com tanta gente chegando, fica o receio da popula\u00e7\u00e3o sobre a possibilidade de que novas doen\u00e7as entrem no pa\u00eds, ou at\u00e9 mesmo que aquelas, j\u00e1 erradicadas, possam retornar.\u00a0<b>Confira em anexo os mapas dos pa\u00edses monitorados.<\/b><\/p>\n<p style=\"text-align: justify;\">Para manter tanto a popula\u00e7\u00e3o, quanto os turistas em seguran\u00e7a, a\u00a0<a href=\"http:\/\/www.saude.mg.gov.br\/\" target=\"_blank\">Secretaria de Estado de Sa\u00fade (SES-MG)<\/a>\u00a0vem monitorando o dia a dia das doen\u00e7as registradas nos pa\u00edses que participam de jogos em Belo Horizonte, e das delega\u00e7\u00f5es que se hospedar\u00e3o em Belo Horizonte, Sete Lagoas e Vespasiano. Duas vezes por semana, s\u00e3o divulgados boletins que informam a situa\u00e7\u00e3o epidemiol\u00f3gica desses pa\u00edses, esclarece a m\u00e9dica infectologista do Centro de Informa\u00e7\u00f5es e Estrat\u00e9gias de Vigil\u00e2ncia em Sa\u00fade da SES (CIEVS Minas), T\u00e2nia Marcial. Todas as a\u00e7\u00f5es de vigil\u00e2ncia promovidas pela SES ser\u00e3o coordenadas pelo Centro de Informa\u00e7\u00f5es e Estrat\u00e9gicas em Vigil\u00e2ncia em Sa\u00fade (CIEVS Minas), \u00f3rg\u00e3o respons\u00e1vel pelas situa\u00e7\u00f5es de crise que ocorrem no Estado e o acompanhamento dos agravos com elevado potencial de dissemina\u00e7\u00e3o e\/ou riscos \u00e0 sa\u00fade p\u00fablica.<\/p>\n<p style=\"text-align: justify;\"><b>Centro de Opera\u00e7\u00f5es de Emerg\u00eancia em Sa\u00fade<\/b><\/p>\n<p style=\"text-align: justify;\">Para oferecer maior seguran\u00e7a e tranquilidade, durante a Copa do Mundo os trabalhos de vigil\u00e2ncia epidemiol\u00f3gica em Minas ficam concentrados no Centro de Opera\u00e7\u00f5es de Emerg\u00eancia em Sa\u00fade (COES) e devem se estender at\u00e9 o dia 31 de julho. O COES ir\u00e1 atuar no acompanhamento, notifica\u00e7\u00e3o, monitoramento e resposta em tempo real. Entre os principais objetivos est\u00e1 a atua\u00e7\u00e3o em situa\u00e7\u00f5es de emerg\u00eancia em sa\u00fade p\u00fablica que superem a capacidade de cuidado das esferas municipais, potencializando recursos humanos e materiais nas regi\u00f5es do estado em que a estrutura for insuficiente para realiza\u00e7\u00e3o das a\u00e7\u00f5es de enfrentamento de eventos de import\u00e2ncia em sa\u00fade p\u00fablica.<\/p>\n<p style=\"text-align: justify;\">Todas as atividades do COES est\u00e3o articuladas com os munic\u00edpios e com o Governo Federal. Desta forma, ser\u00e1 poss\u00edvel oferecer respostas coordenadas a eventos de emerg\u00eancia em sa\u00fade p\u00fablica, que envolvem a vigil\u00e2ncia epidemiol\u00f3gica, sanit\u00e1ria, ambiental, o setor laboratorial da Funda\u00e7\u00e3o Ezequiel Dias (FUNED) e o CIEVS Minas.<\/p>\n<p style=\"text-align: justify;\"><b>Viajantes<\/b><\/p>\n<p style=\"text-align: justify;\">Ao todo, 32 pa\u00edses participam da Copa do Mundo e devem disputar 57 partidas em 12 cidades sede. S\u00f3 no Mineir\u00e3o s\u00e3o esperados, a cada jogo, 24 mil estrangeiros. Para oferecer uma estadia tranquila aos turistas, o Governo do Estado preparou o Guia do Viajante Saud\u00e1vel, com informa\u00e7\u00f5es sobre cuidados de viagem, alimenta\u00e7\u00e3o e prote\u00e7\u00e3o em rela\u00e7\u00e3o a doen\u00e7as como hepatites virais e AIDS.<\/p>\n<p style=\"text-align: justify;\">O guia tamb\u00e9m oferece orienta\u00e7\u00f5es sobre alimenta\u00e7\u00e3o segura e cuidados com o manuseio dos alimentos, precau\u00e7\u00f5es que podem evitar muitas doen\u00e7as.\u00a0 De acordo com T\u00e2nia Marcial, entre as enfermidades mais comuns que os turistas podem vir a ter durante a Copa est\u00e3o aquelas transmitidas pelos alimentos. A Vigil\u00e2ncia Sanit\u00e1ria intensificou a fiscaliza\u00e7\u00e3o nos estabelecimentos, mas o cuidado com a higiene tanto dos alimentos quanto de utens\u00edlios \u00e9 fundamental. \u00c9 importante tamb\u00e9m dar prefer\u00eancia para alimentos cozidos e em temperaturas seguras, e ingerir somente \u00e1gua tratada.<\/p>\n<p style=\"text-align: justify;\">Em caso de problemas de sa\u00fade, o turista dever\u00e1 seguir a mesma rotina de atendimento destinado \u00e0 popula\u00e7\u00e3o, dirigindo-se \u00e0s unidades de sa\u00fade do munic\u00edpio ou, em casos, de urg\u00eancia e emerg\u00eancia para as Unidades de Pronto Atendimento (UPA). Para quem viaja com seguro sa\u00fade, basta entrar em contato com a seguradora, e em caso de d\u00favidas, a Secretaria Municipal de Sa\u00fade da cidade onde est\u00e1 hospedado ser\u00e1 a refer\u00eancia ou a Secretaria de Estado de Sa\u00fade de Minas Gerais, pelo telefone 155.<\/p>\n<p style=\"text-align: justify;\"><b>Vacina\u00e7\u00e3o<\/b><\/p>\n<p style=\"text-align: justify;\">Para manter a sa\u00fade \u00e9 fundamental que a caderneta de vacina\u00e7\u00e3o esteja em dia. O Brasil possui um dos melhores sistemas de imuniza\u00e7\u00e3o do mundo e, por esse motivo, a popula\u00e7\u00e3o est\u00e1 bem protegida, destaca T\u00e2nia Marcial. Em alguns pa\u00edses, \u00e9 obrigat\u00f3ria a apresenta\u00e7\u00e3o do Certificado Internacional de vacina\u00e7\u00e3o ou Profilaxia (CIVP) contra a febre amarela. Essa vacina deve ser aplicada no m\u00ednimo dez dias antes da viagem, o que pode ser feito em qualquer centro de sa\u00fade da rede p\u00fablica. Para as pessoas que est\u00e3o vindo para o Brasil, o Minist\u00e9rio da Sa\u00fade recomenda a aplica\u00e7\u00e3o desta vacina.<\/p>\n<p style=\"text-align: justify;\">O CIEVS Minas preparou um mapa com o levantamento de doen\u00e7as prevalentes nos pa\u00edses que participam da Copa do Mundo. Entre elas figuram enfermidades que podem ser prevenidas por meio da imuniza\u00e7\u00e3o e cujas vacinas est\u00e3o dispon\u00edveis no calend\u00e1rio de vacina\u00e7\u00e3o brasileiro.<\/p>\n<p style=\"text-align: justify;\">Fonte:\u00a0SEGOV &#8211; Sup. Central de Imprensa &#8211; Gov<\/p>\n","protected":false},"excerpt":{"rendered":"<p>Estado monitora diariamente as doen\u00e7as dos pa\u00edses que ir\u00e3o participar de jogos em BH Centro de Informa\u00e7\u00f5es e Estrat\u00e9gias de Vigil\u00e2ncia em Sa\u00fade da SES divulga boletins que informam a situa\u00e7\u00e3o epidemiol\u00f3gica desses pa\u00edses Com a aproxima\u00e7\u00e3o da Copa do Mundo, o Brasil vem se transformando em uma na\u00e7\u00e3o multicultural. Torcedores de pa\u00edses dos cinco [&hellip;]<\/p>\n","protected":false},"author":4,"featured_media":0,"comment_status":"open","ping_status":"closed","sticky":false,"template":"","format":"standard","meta":{"_joinchat":[],"footnotes":""},"categories":[1],"tags":[],"class_list":["post-3740","post","type-post","status-publish","format-standard","hentry","category-sem-categoria"],"_links":{"self":[{"href":"http:\/\/folhadosudeste.com\/site\/index.php?rest_route=\/wp\/v2\/posts\/3740","targetHints":{"allow":["GET"]}}],"collection":[{"href":"http:\/\/folhadosudeste.com\/site\/index.php?rest_route=\/wp\/v2\/posts"}],"about":[{"href":"http:\/\/folhadosudeste.com\/site\/index.php?rest_route=\/wp\/v2\/types\/post"}],"author":[{"embeddable":true,"href":"http:\/\/folhadosudeste.com\/site\/index.php?rest_route=\/wp\/v2\/users\/4"}],"replies":[{"embeddable":true,"href":"http:\/\/folhadosudeste.com\/site\/index.php?rest_route=%2Fwp%2Fv2%2Fcomments&post=3740"}],"version-history":[{"count":1,"href":"http:\/\/folhadosudeste.com\/site\/index.php?rest_route=\/wp\/v2\/posts\/3740\/revisions"}],"predecessor-version":[{"id":3741,"href":"http:\/\/folhadosudeste.com\/site\/index.php?rest_route=\/wp\/v2\/posts\/3740\/revisions\/3741"}],"wp:attachment":[{"href":"http:\/\/folhadosudeste.com\/site\/index.php?rest_route=%2Fwp%2Fv2%2Fmedia&parent=3740"}],"wp:term":[{"taxonomy":"category","embeddable":true,"href":"http:\/\/folhadosudeste.com\/site\/index.php?rest_route=%2Fwp%2Fv2%2Fcategories&post=3740"},{"taxonomy":"post_tag","embeddable":true,"href":"http:\/\/folhadosudeste.com\/site\/index.php?rest_route=%2Fwp%2Fv2%2Ftags&post=3740"}],"curies":[{"name":"wp","href":"https:\/\/api.w.org\/{rel}","templated":true}]}}