{"id":38524,"date":"2017-05-26T15:11:12","date_gmt":"2017-05-26T15:11:12","guid":{"rendered":"http:\/\/folhadosudeste.com\/site\/?p=38524"},"modified":"2017-05-30T22:02:36","modified_gmt":"2017-05-30T22:02:36","slug":"uma-reuniao-marcada-por-votacao-de-projetos-significativos-e-homenagens","status":"publish","type":"post","link":"http:\/\/folhadosudeste.com\/site\/?p=38524","title":{"rendered":"UMA REUNI\u00c3O MARCADA POR VOTA\u00c7\u00c3O DE PROJETOS SIGNIFICATIVOS E HOMENAGENS"},"content":{"rendered":"<p>\n\t<a href=\"http:\/\/folhadosudeste.com\/site\/wp-content\/uploads\/2017\/05\/CAMARA.jpeg\"><img loading=\"lazy\" decoding=\"async\" alt=\"\" class=\"aligncenter size-full wp-image-38553\" height=\"254\" src=\"http:\/\/folhadosudeste.com\/site\/wp-content\/uploads\/2017\/05\/CAMARA.jpeg\" width=\"620\" srcset=\"http:\/\/folhadosudeste.com\/site\/wp-content\/uploads\/2017\/05\/CAMARA.jpeg 620w, http:\/\/folhadosudeste.com\/site\/wp-content\/uploads\/2017\/05\/CAMARA-300x123.jpeg 300w\" sizes=\"auto, (max-width: 620px) 100vw, 620px\" \/><\/a>\n<\/p>\n<p style=\"text-align: justify;\">\n\tA reuni&atilde;o da C&acirc;mara desta semana teve a aprova&ccedil;&atilde;o de v&aacute;rios projetos, dentre eles, os que instituem a Semana Municipal da Assist&ecirc;ncia Social e a C&acirc;mara T&eacute;cnica de Sa&uacute;de, este &uacute;ltimo pretende auxiliar Executivo, Judici&aacute;rio, Minist&eacute;rio P&uacute;blico e Defensoria P&uacute;blica nos procedimentos administrativos e judiciais da sa&uacute;de em que o Munic&iacute;pio de Muria&eacute; for parte interessado. Foram realizadas tamb&eacute;m homenagens especiais, dentre elas, a um ex-vereador presente na Casa e contou ainda com a participa&ccedil;&atilde;o de representantes da Sintect\/JFA, dos Correios e do PROERD, al&eacute;m dos vereadores que discutiram v&aacute;rios temas importantes envolvendo o munic&iacute;pio.\n<\/p>\n<p style=\"text-align: justify;\">\n\t<strong>Projeto visa atendimento mais &aacute;gil, efici&ecirc;ncia e economia na Sa&uacute;de<\/strong>\n<\/p>\n<p style=\"text-align: justify;\">\n\tAntes da reuni&atilde;o, estiveram reunidos com os vereadores, o procurador geral do Munic&iacute;pio, Luciano Bandeira de Mello e os Defensores P&uacute;blicos, Marcos Tarc&iacute;sio e Jo&atilde;o Geraldo, que explicaram a import&acirc;ncia do projeto que, dentre outras medidas, cria a C&acirc;mara T&eacute;cnica de Sa&uacute;de, elemento nuclear da proposta respons&aacute;vel pela emiss&atilde;o de laudos t&eacute;cnicos e realiza&ccedil;&atilde;o de per&iacute;cias. Ela se constitui instrumento de apoio &agrave;s decis&otilde;es, al&eacute;m de, enquanto &oacute;rg&atilde;o t&eacute;cnico, analisar o cumprimento de protocolos cl&iacute;nicos e a implanta&ccedil;&atilde;o de terapias alternativas disponibilizadas pelo SUS. Eles explicaram que o projeto visa instituir no &acirc;mbito da Secretaria Municipal de Sa&uacute;de procedimentos administrativos relacionados &agrave; sele&ccedil;&atilde;o, prescri&ccedil;&atilde;o e &agrave; dispensa&ccedil;&atilde;o de medicamentos e procedimentos pelo SUS em &acirc;mbito municipal.\n<\/p>\n<p style=\"text-align: justify;\">\n\tNa justificativa do projeto, o Munic&iacute;pio explica que a judicializa&ccedil;&atilde;o da sa&uacute;de &eacute; a garantia de acesso a servi&ccedil;os, bens e recursos, por meio de medidas judiciais frente &agrave; Uni&atilde;o, Estados ou Munic&iacute;pio. Esse fen&ocirc;meno tem sido cada vez mais recorrente no Brasil e em particular no Munic&iacute;pio de Muria&eacute;, causando grande impacto nas finan&ccedil;as municipais, a ponto de gerar preju&iacute;zo &agrave;s pol&iacute;ticas de sa&uacute;de, diante da imprevisibilidade de fluxo de caixa gerado. Al&eacute;m disso, essa situa&ccedil;&atilde;o vem, inclusive, comprometendo significativamente a gest&atilde;o municipal em outras &aacute;reas consideradas de enorme relev&acirc;ncia, como a educa&ccedil;&atilde;o e a assist&ecirc;ncia social.\n<\/p>\n<p style=\"text-align: justify;\">\n\tA expectativa &eacute; que essa parceria entre Munic&iacute;pio, Defensoria P&uacute;blica, Minist&eacute;rio P&uacute;blico e Judici&aacute;rio no tratamento t&eacute;cnico dos casos de urg&ecirc;ncia de atendimentos, procedimentos e medicamentos via SUS possa gerar grandes benef&iacute;cios a todos, principalmente a popula&ccedil;&atilde;o necessitada destes servi&ccedil;os. O projeto entrou em vota&ccedil;&atilde;o e foi aprovado.\n<\/p>\n<p style=\"text-align: justify;\">\n\t<strong>Muria&eacute; passa a ter Semana Municipal do Assistente Social<\/strong>\n<\/p>\n<p style=\"text-align: justify;\">\n\tPor meio de projeto de Lei de autoria do vereador Ademar Camerino (PROS) foi institu&iacute;da, em Muria&eacute;, a Semana Municipal do Assistente Social na terceira semana de maio, quando se comemora tamb&eacute;m o Dia Nacional do Assistente Social (15). O objetivo desta lei &eacute; promover a conscientiza&ccedil;&atilde;o da sociedade muriaeense para a valoriza&ccedil;&atilde;o e reconhecimento profissional do Assistente Social em benef&iacute;cio dos seres humanos, sobretudo, na exterioriza&ccedil;&atilde;o de seus conhecimentos e orienta&ccedil;&otilde;es &eacute;ticas.\n<\/p>\n<p style=\"text-align: justify;\">\n\tNa Semana Municipal do Assistente Social ser&atilde;o realizados estudos, semin&aacute;rios, workshops, interc&acirc;mbios, palestras e demais eventos relacionados ao exerc&iacute;cio profissional do Assistente Social. Tamb&eacute;m ser&aacute; concedida a comenda Destaque Assistente Social do Ano ao profissional escolhido pela mesa diretora da C&acirc;mara dentre os profissionais atuantes em institui&ccedil;&otilde;es p&uacute;blicas ou privadas do Munic&iacute;pio.\n<\/p>\n<p style=\"text-align: justify;\">\n\t<strong>Mo&ccedil;&otilde;es e homenagens geram momentos de emo&ccedil;&atilde;o<\/strong>\n<\/p>\n<p style=\"text-align: justify;\">\n\tEm car&aacute;ter excepcional, os Vereadores Sargento Joel (PMDB), Professor J&uacute;lio Simbra (DEM) e Ademar Camerino (PROS), conjuntamente, apresentaram mo&ccedil;&atilde;o de pesar ao Sr. Ricardo Bersan e fam&iacute;lia, em virtude do falecimento de sua m&atilde;e realizando a entrega desta pessoalmente aos familiares. Da mesma forma, o Vereador Ademar Camerino (PROS) tamb&eacute;m apresentou mo&ccedil;&atilde;o de congratula&ccedil;&atilde;o e aplausos ao ex-vereador, Edervino de Assis Reis, ressaltando sua biografia de compromisso com a popula&ccedil;&atilde;o Muriaeense. O ex-vereador foi convidado a se colocar no plen&aacute;rio para assistir toda a reuni&atilde;o da C&acirc;mara desta semana.\n<\/p>\n<p style=\"text-align: justify;\">\n\t<strong>Temas de grande import&acirc;ncia para o munic&iacute;pio foram discutidos<\/strong>\n<\/p>\n<p style=\"text-align: justify;\">\n\tDevidamente inscritos, o Cabo Coutinho, Coordenador do Programa Educacional de Resist&ecirc;ncia as Drogas (PROERD) em Muria&eacute;, falou na tribuna sobre aspectos referentes ao programa e o &ecirc;xito obtido em algumas atividades na esfera deste Munic&iacute;pio. Posteriormente, Jo&atilde;o Ricardo Guedes, Presidente do Sindicato dos Trabalhadores em Empresas de Comunica&ccedil;&atilde;o Postal, Telegr&aacute;fica e Similares de Juiz de Fora e Regi&atilde;o (Sintect\/JFA) falou sobre as altera&ccedil;&otilde;es apresentadas pelos Correios, em parte dos logradouros que receberam numera&ccedil;&atilde;o espec&iacute;fica em Muria&eacute;. Ressaltou que neste momento de implementa&ccedil;&atilde;o do novo modelo, eventuais erros podem ocorrer e, sendo assim, diante de problemas, poder&aacute; aplicar-se o CEP &uacute;nico.\n<\/p>\n<p style=\"text-align: justify;\">\n\tFizeram uso da tribuna os vereadores Jair Abreu (PT), Dr&ordf; Miriam (PSDB), Dr. Jos&eacute; Carlos (PSB), Evandro Cheroso (PR), Devail (PP) e David Lacerda (DEM). Entre os temas tratados estavam a limpeza dos bairros, a melhoria de recursos de limpeza para a Lavanderia Comunit&aacute;ria do Santa Terezinha, terraplanagem do Campo do Paulistano, apoio ao CAIC do Encoberta, incentivos a vinda de novas empresas para o munic&iacute;pio, dentre outros. Ap&oacute;s as discuss&otilde;es e vota&ccedil;&otilde;es dos projetos, o presidente Carlos Delfim (PSDB) encerrou a sess&atilde;o.\n<\/p>\n<p style=\"text-align: justify;\">\n\tVeja mais na edi&ccedil;&atilde;o 759 do Folha do Sudeste<\/p>\n","protected":false},"excerpt":{"rendered":"<p>A reuni&atilde;o da C&acirc;mara desta semana teve a aprova&ccedil;&atilde;o de v&aacute;rios projetos, dentre eles, os que instituem a Semana Municipal da Assist&ecirc;ncia Social e a C&acirc;mara T&eacute;cnica de Sa&uacute;de, este &uacute;ltimo pretende auxiliar Executivo, Judici&aacute;rio, Minist&eacute;rio P&uacute;blico e Defensoria P&uacute;blica nos procedimentos administrativos e judiciais da sa&uacute;de em que o Munic&iacute;pio de Muria&eacute; for parte [&hellip;]<\/p>\n","protected":false},"author":2,"featured_media":38553,"comment_status":"open","ping_status":"closed","sticky":false,"template":"","format":"standard","meta":{"_joinchat":[],"footnotes":""},"categories":[1],"tags":[],"class_list":["post-38524","post","type-post","status-publish","format-standard","has-post-thumbnail","hentry","category-sem-categoria"],"_links":{"self":[{"href":"http:\/\/folhadosudeste.com\/site\/index.php?rest_route=\/wp\/v2\/posts\/38524","targetHints":{"allow":["GET"]}}],"collection":[{"href":"http:\/\/folhadosudeste.com\/site\/index.php?rest_route=\/wp\/v2\/posts"}],"about":[{"href":"http:\/\/folhadosudeste.com\/site\/index.php?rest_route=\/wp\/v2\/types\/post"}],"author":[{"embeddable":true,"href":"http:\/\/folhadosudeste.com\/site\/index.php?rest_route=\/wp\/v2\/users\/2"}],"replies":[{"embeddable":true,"href":"http:\/\/folhadosudeste.com\/site\/index.php?rest_route=%2Fwp%2Fv2%2Fcomments&post=38524"}],"version-history":[{"count":4,"href":"http:\/\/folhadosudeste.com\/site\/index.php?rest_route=\/wp\/v2\/posts\/38524\/revisions"}],"predecessor-version":[{"id":38613,"href":"http:\/\/folhadosudeste.com\/site\/index.php?rest_route=\/wp\/v2\/posts\/38524\/revisions\/38613"}],"wp:featuredmedia":[{"embeddable":true,"href":"http:\/\/folhadosudeste.com\/site\/index.php?rest_route=\/wp\/v2\/media\/38553"}],"wp:attachment":[{"href":"http:\/\/folhadosudeste.com\/site\/index.php?rest_route=%2Fwp%2Fv2%2Fmedia&parent=38524"}],"wp:term":[{"taxonomy":"category","embeddable":true,"href":"http:\/\/folhadosudeste.com\/site\/index.php?rest_route=%2Fwp%2Fv2%2Fcategories&post=38524"},{"taxonomy":"post_tag","embeddable":true,"href":"http:\/\/folhadosudeste.com\/site\/index.php?rest_route=%2Fwp%2Fv2%2Ftags&post=38524"}],"curies":[{"name":"wp","href":"https:\/\/api.w.org\/{rel}","templated":true}]}}