{"id":38526,"date":"2017-05-26T15:13:07","date_gmt":"2017-05-26T15:13:07","guid":{"rendered":"http:\/\/folhadosudeste.com\/site\/?p=38526"},"modified":"2017-05-30T22:00:10","modified_gmt":"2017-05-30T22:00:10","slug":"coordenadora-da-fisioterapia-da-fundacao-cristiano-varella-lanca-livro-voltado-para-area-oncologica","status":"publish","type":"post","link":"http:\/\/folhadosudeste.com\/site\/?p=38526","title":{"rendered":"COORDENADORA DA FISIOTERAPIA DA FCV LAN\u00c7A LIVRO VOLTADO PARA \u00c1REA ONCOL\u00d3GICA"},"content":{"rendered":"<p>\n\t<a href=\"http:\/\/folhadosudeste.com\/site\/wp-content\/uploads\/2017\/05\/FUNDA\u00c7\u00c3O.jpg\"><img loading=\"lazy\" decoding=\"async\" alt=\"\" class=\"aligncenter size-full wp-image-38555\" height=\"319\" src=\"http:\/\/folhadosudeste.com\/site\/wp-content\/uploads\/2017\/05\/FUNDA\u00c7\u00c3O.jpg\" width=\"620\" srcset=\"http:\/\/folhadosudeste.com\/site\/wp-content\/uploads\/2017\/05\/FUNDA\u00c7\u00c3O.jpg 620w, http:\/\/folhadosudeste.com\/site\/wp-content\/uploads\/2017\/05\/FUNDA\u00c7\u00c3O-300x154.jpg 300w\" sizes=\"auto, (max-width: 620px) 100vw, 620px\" \/><\/a>\n<\/p>\n<p style=\"text-align: justify;\">\n\tCom o objetivo principal de fortalecimento da fisioterapia na &aacute;rea oncol&oacute;gica foi lan&ccedil;ado no &uacute;ltimo m&ecirc;s de abril, durante o I Congresso Mineiro de Fisioterapia, que aconteceu no Memorial da Funda&ccedil;&atilde;o Cristiano Varella, o livro &quot;Fisioterapia em Oncologia &#8211; Protocolos Assistenciais&quot;. A obra que &eacute; deautoria da Dra. Fl&aacute;via Ribeiro Vital, fisioterapeuta coordenadora do setor de fisioterapia do Hospital do C&acirc;ncer de Muria&eacute;, &eacute; o primeiro livro nacional que abrange todas as disfun&ccedil;&otilde;es comuns em pacientes com c&acirc;ncer nas quais a fisioterapia atua. O exemplar foi publicado pela editora Atheneu.\n<\/p>\n<p style=\"text-align: justify;\">\n\tA obra descreve em dez cap&iacute;tulos o plano de cuidados da fisioterapia por tipo de tumor, com detalhamento dos protocolos para atua&ccedil;&atilde;o da fisioterapia por disfun&ccedil;&atilde;o a depender do local onde o paciente ser&aacute; assistido, ou seja, em um ambulat&oacute;rio ou em uma unidade de interna&ccedil;&atilde;o.O livro foi elaborado para profissionais e acad&ecirc;micos que atuam ou tenham a inten&ccedil;&atilde;o delidar com pacientes com c&acirc;ncer.Ele relata as principais disfun&ccedil;&otilde;es apresentadas por pacientes oncol&oacute;gicos que s&atilde;o manifestadas em consequ&ecirc;ncia ao tratamento ou a evolu&ccedil;&atilde;o da doen&ccedil;a.\n<\/p>\n<p style=\"text-align: justify;\">\n\tA fisioterapeuta escritora do livro possui 14 anos de atua&ccedil;&atilde;o, ensino e gest&atilde;o na especialidade de fisioterapia oncol&oacute;gica. Sobre a iniciativa de lan&ccedil;ar a obra ela ressaltou, &quot;espero disseminar o conhecimento das melhores evid&ecirc;ncias dispon&iacute;veis na especialidade de fisioterapia em oncologia&quot; e ainda acrescentou, &quot;acredito que este livro &eacute; o primeiro passo de uma diretriz geral para a especialidade, o que poder&aacute; contribuir para o seu fortalecimento nos pr&oacute;ximos anos&quot;, disse Dra. Fl&aacute;via Vital.\n<\/p>\n<p style=\"text-align: justify;\">\n\tNesta sexta-feira (19), Dra. Fl&aacute;via doou um exemplar da obra para o Hospital do C&acirc;ncer de Muria&eacute; da Funda&ccedil;&atilde;o Cristiano Varella.\n<\/p>\n<p style=\"text-align: justify;\">\n\tPara os interessados em adquirir um exemplar, o livro est&aacute; dispon&iacute;vel para venda em todas as principais livrarias do pa&iacute;s e tamb&eacute;m no blog www.fisioterapiaemoncologia.net.\n<\/p>\n<p style=\"text-align: justify;\">\n\tVeja mais na edi&ccedil;&atilde;o 759 do Folha do Sudeste<\/p>\n","protected":false},"excerpt":{"rendered":"<p>Com o objetivo principal de fortalecimento da fisioterapia na &aacute;rea oncol&oacute;gica foi lan&ccedil;ado no &uacute;ltimo m&ecirc;s de abril, durante o I Congresso Mineiro de Fisioterapia, que aconteceu no Memorial da Funda&ccedil;&atilde;o Cristiano Varella, o livro &quot;Fisioterapia em Oncologia &#8211; Protocolos Assistenciais&quot;. A obra que &eacute; deautoria da Dra. Fl&aacute;via Ribeiro Vital, fisioterapeuta coordenadora do setor [&hellip;]<\/p>\n","protected":false},"author":2,"featured_media":38555,"comment_status":"open","ping_status":"closed","sticky":false,"template":"","format":"standard","meta":{"_joinchat":[],"footnotes":""},"categories":[1],"tags":[],"class_list":["post-38526","post","type-post","status-publish","format-standard","has-post-thumbnail","hentry","category-sem-categoria"],"_links":{"self":[{"href":"http:\/\/folhadosudeste.com\/site\/index.php?rest_route=\/wp\/v2\/posts\/38526","targetHints":{"allow":["GET"]}}],"collection":[{"href":"http:\/\/folhadosudeste.com\/site\/index.php?rest_route=\/wp\/v2\/posts"}],"about":[{"href":"http:\/\/folhadosudeste.com\/site\/index.php?rest_route=\/wp\/v2\/types\/post"}],"author":[{"embeddable":true,"href":"http:\/\/folhadosudeste.com\/site\/index.php?rest_route=\/wp\/v2\/users\/2"}],"replies":[{"embeddable":true,"href":"http:\/\/folhadosudeste.com\/site\/index.php?rest_route=%2Fwp%2Fv2%2Fcomments&post=38526"}],"version-history":[{"count":4,"href":"http:\/\/folhadosudeste.com\/site\/index.php?rest_route=\/wp\/v2\/posts\/38526\/revisions"}],"predecessor-version":[{"id":38611,"href":"http:\/\/folhadosudeste.com\/site\/index.php?rest_route=\/wp\/v2\/posts\/38526\/revisions\/38611"}],"wp:featuredmedia":[{"embeddable":true,"href":"http:\/\/folhadosudeste.com\/site\/index.php?rest_route=\/wp\/v2\/media\/38555"}],"wp:attachment":[{"href":"http:\/\/folhadosudeste.com\/site\/index.php?rest_route=%2Fwp%2Fv2%2Fmedia&parent=38526"}],"wp:term":[{"taxonomy":"category","embeddable":true,"href":"http:\/\/folhadosudeste.com\/site\/index.php?rest_route=%2Fwp%2Fv2%2Fcategories&post=38526"},{"taxonomy":"post_tag","embeddable":true,"href":"http:\/\/folhadosudeste.com\/site\/index.php?rest_route=%2Fwp%2Fv2%2Ftags&post=38526"}],"curies":[{"name":"wp","href":"https:\/\/api.w.org\/{rel}","templated":true}]}}