{"id":38540,"date":"2017-05-26T14:56:11","date_gmt":"2017-05-26T14:56:11","guid":{"rendered":"http:\/\/folhadosudeste.com\/site\/?p=38540"},"modified":"2017-05-26T15:18:40","modified_gmt":"2017-05-26T15:18:40","slug":"muriae-prev-recebe-auditoria-da-receita-federal-designado-pelo-ministerio-da-previdencia-social","status":"publish","type":"post","link":"http:\/\/folhadosudeste.com\/site\/?p=38540","title":{"rendered":"MURIA\u00c9-PREV RECEBE AUDITORIA DA RECEITA FEDERAL DESIGNADO PELO MINIST\u00c9RIO DA PREVID\u00caNCIA SOCIAL"},"content":{"rendered":"<p><a href=\"http:\/\/folhadosudeste.com\/site\/wp-content\/uploads\/2017\/05\/MURIAE-PREV.jpg\"><img loading=\"lazy\" decoding=\"async\" class=\"aligncenter size-full wp-image-38541\" src=\"http:\/\/folhadosudeste.com\/site\/wp-content\/uploads\/2017\/05\/MURIAE-PREV.jpg\" alt=\"\" width=\"620\" height=\"299\" srcset=\"http:\/\/folhadosudeste.com\/site\/wp-content\/uploads\/2017\/05\/MURIAE-PREV.jpg 620w, http:\/\/folhadosudeste.com\/site\/wp-content\/uploads\/2017\/05\/MURIAE-PREV-300x145.jpg 300w\" sizes=\"auto, (max-width: 620px) 100vw, 620px\" \/><\/a><\/p>\n<p>Dr. Wellis do Nascimento Campos, auditor fiscal da Receita Federal, esteve presente no MURIA\u00c9-PREV, no per\u00edodo de 15\/05 a 18\/05, para realizar os trabalhos de an\u00e1lise e avalia\u00e7\u00e3o para os quais foi designado pelo Minist\u00e9rio da Previd\u00eancia Social. O Minist\u00e9rio da Fazenda atrav\u00e9s da Secretaria de Previd\u00eancia tem por pol\u00edtica o acompanhamento dos regimes pr\u00f3prios e periodicamente s\u00e3o efetuadas as auditorias nos Regimes Pr\u00f3prios de Previd\u00eancia. Como j\u00e1 tinha um bom tempo em que n\u00e3o havia auditoria nesse sentido no MURIA\u00c9-PREV, o Minist\u00e9rio determinou que o mesmo fosse efetuado, pela terceira vez \u2013 as outras duas vezes foram em 2008 e 2010 e desta vez referente ao per\u00edodo de 2012 a 2017. De acordo com o auditor todas as rotinas do MURIA\u00c9-PREV s\u00e3o avaliadas quanto ao cumprimento da legisla\u00e7\u00e3o previdenci\u00e1ria, tendo em vista que as mesmas s\u00e3o enviadas ao Minist\u00e9rio da Previd\u00eancia via CADPREV bimestralmente. Nota-se que o Munic\u00edpio de Muria\u00e9 e o MURIA\u00c9-PREV est\u00e1 em dia com suas obriga\u00e7\u00f5es previdenci\u00e1rias, pois a CRP (Certificado de Regularidade Previdenci\u00e1ria) est\u00e1 rigorosamente em dia. Os repasses e contribui\u00e7\u00f5es previdenci\u00e1rias est\u00e3o todos regulares na Prefeitura, Demsur, Fundarte e C\u00e2mara. Foram analisadas todas as documenta\u00e7\u00f5es financeiras, cont\u00e1beis, de aposentadoria, banc\u00e1rias, organiza\u00e7\u00e3o de comit\u00ea de investimentos, conselho administrativo, fiscal, atas de reuni\u00f5es entre outros.<\/p>\n<p>Segundo Dr. Wellis, o MURIAE-PREV \u00e9 uma exce\u00e7\u00e3o no universo do que tem sido visto em outros munic\u00edpios da regi\u00e3o. \u201cTem uma condi\u00e7\u00e3o de equil\u00edbrio financeiro acima das cidades por onde passamos, possui sede pr\u00f3pria, uma equipe altamente qualificada com certifica\u00e7\u00f5es CPA 10 e CPA 20, que nos atendeu a tempo e a hora com todas as documenta\u00e7\u00f5es exigidas. A previs\u00e3o \u00e9 de que terminemos os trabalhos dentro de 30 dias, com entrega dos nossos relat\u00f3rios \u00e0 Prefeitura e ao pr\u00f3prio MURIAE-PREV. Vemos que, desde que come\u00e7amos a acompanhar o regime pr\u00f3prio aqui do munic\u00edpio, houveram grandes avan\u00e7os. O Diretor do \u00f3rg\u00e3o, senhor Ant\u00f4nio Jos\u00e9 e toda sua equipe de trabalho vem seguindo nossas orienta\u00e7\u00f5es desde 2012 e \u00e9 uma satisfa\u00e7\u00e3o ver que Muria\u00e9 tem uma previd\u00eancia at\u00e9 ent\u00e3o exemplo para outras, que trata o servi\u00e7o p\u00fablico com dedica\u00e7\u00e3o e seriedade\u201d, explica.<\/p>\n<p>Veja mais na edi\u00e7\u00e3o 759 do Folha do Sudeste<\/p>\n<p>[ngg_images source=&#8221;galleries&#8221; container_ids=&#8221;997&#8243; display_type=&#8221;photocrati-nextgen_basic_thumbnails&#8221; override_thumbnail_settings=&#8221;0&#8243; thumbnail_width=&#8221;100&#8243; thumbnail_height=&#8221;75&#8243; thumbnail_crop=&#8221;1&#8243; images_per_page=&#8221;0&#8243; number_of_columns=&#8221;0&#8243; ajax_pagination=&#8221;0&#8243; show_all_in_lightbox=&#8221;0&#8243; use_imagebrowser_effect=&#8221;0&#8243; show_slideshow_link=&#8221;1&#8243; slideshow_link_text=&#8221;[Show as slideshow]&#8221; order_by=&#8221;sortorder&#8221; order_direction=&#8221;ASC&#8221; returns=&#8221;included&#8221; maximum_entity_count=&#8221;500&#8243;]<\/p>\n","protected":false},"excerpt":{"rendered":"<p>Dr. Wellis do Nascimento Campos, auditor fiscal da Receita Federal, esteve presente no MURIA\u00c9-PREV, no per\u00edodo de 15\/05 a 18\/05, para realizar os trabalhos de an\u00e1lise e avalia\u00e7\u00e3o para os quais foi designado pelo Minist\u00e9rio da Previd\u00eancia Social. O Minist\u00e9rio da Fazenda atrav\u00e9s da Secretaria de Previd\u00eancia tem por pol\u00edtica o acompanhamento dos regimes pr\u00f3prios [&hellip;]<\/p>\n","protected":false},"author":2,"featured_media":38541,"comment_status":"open","ping_status":"closed","sticky":false,"template":"","format":"standard","meta":{"_joinchat":[],"footnotes":""},"categories":[1],"tags":[],"class_list":["post-38540","post","type-post","status-publish","format-standard","has-post-thumbnail","hentry","category-sem-categoria"],"_links":{"self":[{"href":"http:\/\/folhadosudeste.com\/site\/index.php?rest_route=\/wp\/v2\/posts\/38540","targetHints":{"allow":["GET"]}}],"collection":[{"href":"http:\/\/folhadosudeste.com\/site\/index.php?rest_route=\/wp\/v2\/posts"}],"about":[{"href":"http:\/\/folhadosudeste.com\/site\/index.php?rest_route=\/wp\/v2\/types\/post"}],"author":[{"embeddable":true,"href":"http:\/\/folhadosudeste.com\/site\/index.php?rest_route=\/wp\/v2\/users\/2"}],"replies":[{"embeddable":true,"href":"http:\/\/folhadosudeste.com\/site\/index.php?rest_route=%2Fwp%2Fv2%2Fcomments&post=38540"}],"version-history":[{"count":3,"href":"http:\/\/folhadosudeste.com\/site\/index.php?rest_route=\/wp\/v2\/posts\/38540\/revisions"}],"predecessor-version":[{"id":38567,"href":"http:\/\/folhadosudeste.com\/site\/index.php?rest_route=\/wp\/v2\/posts\/38540\/revisions\/38567"}],"wp:featuredmedia":[{"embeddable":true,"href":"http:\/\/folhadosudeste.com\/site\/index.php?rest_route=\/wp\/v2\/media\/38541"}],"wp:attachment":[{"href":"http:\/\/folhadosudeste.com\/site\/index.php?rest_route=%2Fwp%2Fv2%2Fmedia&parent=38540"}],"wp:term":[{"taxonomy":"category","embeddable":true,"href":"http:\/\/folhadosudeste.com\/site\/index.php?rest_route=%2Fwp%2Fv2%2Fcategories&post=38540"},{"taxonomy":"post_tag","embeddable":true,"href":"http:\/\/folhadosudeste.com\/site\/index.php?rest_route=%2Fwp%2Fv2%2Ftags&post=38540"}],"curies":[{"name":"wp","href":"https:\/\/api.w.org\/{rel}","templated":true}]}}